{"id":53390,"date":"2015-02-26T14:10:44","date_gmt":"2015-02-26T13:10:44","guid":{"rendered":"https:\/\/www.freiburg-schwarzwald.de\/blog\/?p=53390"},"modified":"2015-02-26T15:43:51","modified_gmt":"2015-02-26T14:43:51","slug":"fairkauf-langzeitarbeitslose-nil","status":"publish","type":"post","link":"https:\/\/www.freiburg-schwarzwald.de\/blog\/fairkauf-langzeitarbeitslose-nil\/","title":{"rendered":"Fairkauf Langzeitarbeitslose NIL"},"content":{"rendered":"<p>Das EU-gef\u00f6rderte <a title=\"Caritas\" href=\"https:\/\/www.freiburg-schwarzwald.de\/blog\/religion\/kirchen\/caritas\/\">Caritas<\/a>-Projekt des Secondhand-Kaufhaus FAIRKAUF begleitet <a title=\"Werkstaetten\" href=\"https:\/\/www.freiburg-schwarzwald.de\/blog\/selbsthilfe\/behinderung\/werkstaetten\/\">Langzeitarbeitslose<\/a> in Freiburg auch nach erfolgreicher <a title=\"SecondHand\" href=\"https:\/\/www.freiburg-schwarzwald.de\/blog\/business\/handel\/secondhand\/\">Vermittlung<\/a> im Job &#8211; Verl\u00e4ngerung des <a title=\"NIL \u2013 Langzeitarbeitslose\" href=\"https:\/\/www.freiburg-schwarzwald.de\/blog\/nil-langzeitarbeitslose\/\">NIL-Projekts\u00a0<\/a>(nachhaltige<a title=\"Soziales\" href=\"https:\/\/www.freiburg-schwarzwald.de\/blog\/selbsthilfe\/soziales\/\"> Integration <\/a>langzeitarbeitsloser Menschen). Langzeitarbeitslosen\u00a0f\u00e4llt es trotz guter Lage am Arbeitsmarkt schwer, beruflich Fu\u00df zu fassen. Und haben sie einmal <a title=\"Arbeit\" href=\"https:\/\/www.freiburg-schwarzwald.de\/blog\/selbsthilfe\/soziales\/arbeit\/\">eine Besch\u00e4ftigung<\/a>, ist die n\u00e4chste H\u00fcrde, dieser auch dauerhaft nachzugehen. <!--more--><br \/>\nDer FAIRKAUF des Caritasverbandes Freiburg-Stadt e.V. vermittelt daher in Freiburg durch das Projekt NIL (nachhaltige Integration langzeitarbeitsloser Menschen) seit zwei Jahren Langzeitarbeitslose in Arbeit und begleitet die Menschen am neuen Arbeitsplatz, vor allem w\u00e4hrend der kritischen Phase nach der Arbeitsaufnahme. Freiburg ist damit in Baden-W\u00fcrttemberg einer von zw\u00f6lf Standorten des Caritas-Projektes NIL. Nach zweij\u00e4hriger Laufzeit legt die Caritas im Land und damit auch in der Stadt Freiburg nun das Anschlussprojekt NIL 2.0 auf. Gef\u00f6rdert wird das Gesamtprojekt an den zw\u00f6lf Standorten mit rund 1,5 Millionen durch Mittel des Europ\u00e4ischen Sozialfonds (ESF) und des Landes Baden-W\u00fcrttemberg. Das Ministerium f\u00fcr Arbeit und Soziales Baden-W\u00fcrttemberg hat dieses Projekt unter vielen als f\u00f6rderungsw\u00fcrdig ausgew\u00e4hlt. Die Besonderheit an NIL liegt darin, dass die Teilnehmenden nicht nur f\u00fcr eine Arbeitsstelle qualifiziert und dorthin vermittelt werden. Auch die Arbeitgeber erhalten Beratung, damit sie Probleme im Betrieb m\u00f6glichst fr\u00fch erkennen und einem Abbruch der Besch\u00e4ftigung entgegenwirken k\u00f6nnen. Das Projekt ist langfristig angelegt und begleitet die Menschen auch nach erfolgreicher Arbeitsaufnahme. F\u00fcr Gerhard Wienandts, stellvertretender Abteilungsleiter Arbeit und Berufliche Kompetenzen beim Caritasverband Freiburg-Stadt e.V. setzt NIL 2.0 gerade im Hinblick auf den Arbeitskr\u00e4ftemangel Akzente. \u201eNIL 2.0 f\u00f6rdert brachliegende Ressourcen und weckt vorhandene Potenziale \u2013 all das brauchen wir angesichts des demografischen Wandels.\u201c Da das Projekt auf ein dauerhaftes Arbeitsverh\u00e4ltnis setze, biete es langzeitarbeitslosen Menschen eine echte Perspektive. \u201eIhre Teilhabe am Arbeitsmarkt ist nicht nur in finanzieller Hinsicht wichtig. Arbeit zu haben hei\u00dft auch: ich geh\u00f6re zur Gesellschaft und trage meinen Teil zum Ganzen bei. Arbeit gibt den Menschen W\u00fcrde.\u201c<\/p>\n<p>Die Laufzeit des NIL-Projekts 2.0 ist auf drei Jahre angelegt. Es richtet sich beispielsweise an \u00e4ltere Langzeitarbeitslose, die aufgrund ihres Alters erschwerte Bedingungen bei der Arbeitssuche vorfinden. Auch langzeitarbeitslose Frauen, die wegen der Erziehung der Kinder oder der Pflege von Angeh\u00f6rigen nicht gearbeitet haben, sind angesprochen. Da Langzeitarbeitslosigkeit \u00fcberproportional oft Personen mit Migrationshintergrund betrifft, sollen sie besonders ber\u00fccksichtigt werden.<br \/>\nVon Ostw\u00fcrttemberg bis Konstanz, von Mannheim bis Freiburg \u2013 je nach Standort werden die Langzeitarbeitslosen im st\u00e4dtischen oder l\u00e4ndlichen Umfeld und in Regionen mit unterschiedlicher Infrastruktur beraten und die dabei erlangten Erfahrungen und Best-Practice-Ans\u00e4tze analysiert und ausgetauscht. Die Caritas stellt die landesweite Vernetzung der Teilprojekte sicher. Die zw\u00f6lf NIL-Standorte:<\/p>\n<ul>\n<li>48\u00b0 S\u00fcd gGmbH, Herbolzheim<\/li>\n<li>Caritas Fils-Neckar-Alb<\/li>\n<li>Caritas Ost-W\u00fcrttemberg<\/li>\n<li>Caritas Schwarzwald-G\u00e4u<\/li>\n<li>Caritas Schwarzwald-Alb-Donau<\/li>\n<li>Caritas Ulm<\/li>\n<li>Caritasverband Bruchsal<\/li>\n<li>Caritasverband Freiburg-Stadt<\/li>\n<li>Caritasverband f\u00fcr Stuttgart<\/li>\n<li>Caritasverband Konstanz<\/li>\n<li>Caritasverband Mannheim<\/li>\n<li>Neue Arbeit Lahr GmbH<\/li>\n<\/ul>\n<p><a href=\"mailto:fairkauf.leitung@caritas-freiburg.de\">fairkauf.leitung@caritas-freiburg.de<\/a><\/p>\n","protected":false},"excerpt":{"rendered":"<p>Das EU-gef\u00f6rderte Caritas-Projekt des Secondhand-Kaufhaus FAIRKAUF begleitet Langzeitarbeitslose in Freiburg auch nach erfolgreicher Vermittlung im Job &#8211; Verl\u00e4ngerung des NIL-Projekts\u00a0(nachhaltige Integration langzeitarbeitsloser Menschen). Langzeitarbeitslosen\u00a0f\u00e4llt es trotz guter Lage am Arbeitsmarkt schwer, beruflich Fu\u00df zu fassen. Und haben sie einmal eine &hellip; <a href=\"https:\/\/www.freiburg-schwarzwald.de\/blog\/fairkauf-langzeitarbeitslose-nil\/\">Weiterlesen <span class=\"meta-nav\">&rarr;<\/span><\/a><\/p>\n","protected":false},"author":2,"featured_media":0,"comment_status":"open","ping_status":"closed","sticky":false,"template":"","format":"standard","meta":{"footnotes":""},"categories":[79,36,9],"tags":[382,730,426,87],"class_list":["post-53390","post","type-post","status-publish","format-standard","hentry","category-arbeit","category-engagement","category-soziales","tag-arbeit-working","tag-caritas","tag-job","tag-lokal-handeln"],"_links":{"self":[{"href":"https:\/\/www.freiburg-schwarzwald.de\/blog\/wp-json\/wp\/v2\/posts\/53390","targetHints":{"allow":["GET"]}}],"collection":[{"href":"https:\/\/www.freiburg-schwarzwald.de\/blog\/wp-json\/wp\/v2\/posts"}],"about":[{"href":"https:\/\/www.freiburg-schwarzwald.de\/blog\/wp-json\/wp\/v2\/types\/post"}],"author":[{"embeddable":true,"href":"https:\/\/www.freiburg-schwarzwald.de\/blog\/wp-json\/wp\/v2\/users\/2"}],"replies":[{"embeddable":true,"href":"https:\/\/www.freiburg-schwarzwald.de\/blog\/wp-json\/wp\/v2\/comments?post=53390"}],"version-history":[{"count":0,"href":"https:\/\/www.freiburg-schwarzwald.de\/blog\/wp-json\/wp\/v2\/posts\/53390\/revisions"}],"wp:attachment":[{"href":"https:\/\/www.freiburg-schwarzwald.de\/blog\/wp-json\/wp\/v2\/media?parent=53390"}],"wp:term":[{"taxonomy":"category","embeddable":true,"href":"https:\/\/www.freiburg-schwarzwald.de\/blog\/wp-json\/wp\/v2\/categories?post=53390"},{"taxonomy":"post_tag","embeddable":true,"href":"https:\/\/www.freiburg-schwarzwald.de\/blog\/wp-json\/wp\/v2\/tags?post=53390"}],"curies":[{"name":"wp","href":"https:\/\/api.w.org\/{rel}","templated":true}]}}