{"id":53380,"date":"2015-02-25T19:20:50","date_gmt":"2015-02-25T18:20:50","guid":{"rendered":"https:\/\/www.freiburg-schwarzwald.de\/blog\/?p=53380"},"modified":"2015-02-25T19:20:50","modified_gmt":"2015-02-25T18:20:50","slug":"asylbewerber-als-einbrecher-2","status":"publish","type":"post","link":"https:\/\/www.freiburg-schwarzwald.de\/blog\/asylbewerber-als-einbrecher-2\/","title":{"rendered":"Asylbewerber als Einbrecher"},"content":{"rendered":"<p class=\"western\">Am 11.02.2015 gelang\u00a0der geplante Schlag gegen die <a title=\"Einbruch\" href=\"https:\/\/www.freiburg-schwarzwald.de\/blog\/selbsthilfe\/krise\/gewalt\/einbruch\/\">Einbrecherbande<\/a>, als mehrere Kr\u00e4fte der BAO, des Polizeireviers Freiburg-S\u00fcd, des <a title=\"Polizei\" href=\"https:\/\/www.freiburg-schwarzwald.de\/blog\/selbsthilfe\/soziales\/justiz\/polizei\/\">Polizeiposten Kirchzarten<\/a>, der Kriminalpolizei und der Beweissicherungs- und Festnahmeeinheit der Bereitschaftspolizei in den fr\u00fchen Morgenstunden, die von dem Hauptbeschuldigten bewohnten Zimmer einer <a title=\"Asyl\" href=\"https:\/\/www.freiburg-schwarzwald.de\/blog\/global\/integration\/asyl\/\">Asylunterkunft<\/a> in Kirchzarten durchsuchten. Hierbei konnte der Hauptbeschuldigte selbst angetroffen<!--more--> und festgenommen werden. Auch weitere mutma\u00dfliche Bandenmitglieder konnten in derselben Unterkunft festgestellt werden. Sie wurden nach erfolgter Identit\u00e4tsfeststellung vor Ort entlassen. Die weiteren Ermittlungen im Einzelnen dauern noch an. Insgesamt kann der Einbrecherbande um den Hauptbeschuldigten wohl ein Gesamtschaden von ca. 250.000,- Euro angelastet werden. Da neben den oben erw\u00e4hnten beiden Einbruchserien zahlreiche weitere Diebstahlsdelikte &#8211; haupts\u00e4chlich Ladendiebst\u00e4hle &#8211; auf das Konto der Bande gehen, wird noch umfangreich nachermittelt.<\/p>\n<p class=\"western\">Seit dem 12.01.2015 gibt es beim Polizeipr\u00e4sidium Freiburg die Besondere Aufbauorganisation Wohnungseinbruchsdiebstahl (BAO WED), die sich seither einzig um die Bek\u00e4mpfung der steigenden Zahl der Wohnungseinbr\u00fcche im Gro\u00dfraum Freiburg, Emmendingen, M\u00fcllheim, Breisach, Weil und L\u00f6rrach k\u00fcmmert. Bei Bedarf k\u00f6nnen aus dieser BAO kleine, tempor\u00e4re Ermittlungsgruppen (EG) gebildet werden, welche dann Brennpunkte oder Straftatserien schnell und zielgerichtet analysieren und bearbeiten. So geschehen in den vergangenen Monaten in Kirchzarten. Bereits seit Dezember 2014 war hier eine georgische T\u00e4tergruppierung um einen 47 j\u00e4hrigen Hauptbeschuldigten ins Visier der Ermittler geraten. Dieser Hauptbeschuldigte soll zusammen mit insgesamt sechs weiteren Georgiern f\u00fcr mindestens zwei Einbruchsserien im Zeitraum von Ende Oktober 2014 bis Anfang Januar 2015 im Raum Kirchzarten verantwortlich sein. In \u00fcber 20 F\u00e4llen war hierbei in Wohnungen eingebrochen worden um Wertgegenst\u00e4nde zu entwenden. Das Diebesgut wurde anschlie\u00dfend durch ihn und weitere Mitt\u00e4ter unter anderem per Postpaket in die Heimat nach Georgien geschickt.<\/p>\n<p class=\"western\">Das hatte die Einbrecherbande sicher nicht erwartet. Am fr\u00fchen Morgen des 11.02.2015 endete eine gro\u00dfe Einbruchsserie und f\u00fcr den Hauptbeschuldigten auch vorerst das Leben in Freiheit. &#8222;Unter dem Strich,&#8220; so Reiner Thoma, Leiter der BAO WED, &#8222;ist es im Bereich Kirchzarten nach unserem Schlag, aber ruhiger geworden!&#8220;<br \/>\n25.2.2015, <a href=\"https:\/\/www.dreisamtaeler.de%20\">www.dreisamtaeler.de <\/a><\/p>\n","protected":false},"excerpt":{"rendered":"<p>Am 11.02.2015 gelang\u00a0der geplante Schlag gegen die Einbrecherbande, als mehrere Kr\u00e4fte der BAO, des Polizeireviers Freiburg-S\u00fcd, des Polizeiposten Kirchzarten, der Kriminalpolizei und der Beweissicherungs- und Festnahmeeinheit der Bereitschaftspolizei in den fr\u00fchen Morgenstunden, die von dem Hauptbeschuldigten bewohnten Zimmer einer Asylunterkunft &hellip; <a href=\"https:\/\/www.freiburg-schwarzwald.de\/blog\/asylbewerber-als-einbrecher-2\/\">Weiterlesen <span class=\"meta-nav\">&rarr;<\/span><\/a><\/p>\n","protected":false},"author":2,"featured_media":0,"comment_status":"open","ping_status":"closed","sticky":false,"template":"","format":"standard","meta":{"footnotes":""},"categories":[50],"tags":[481,634,732,405],"class_list":["post-53380","post","type-post","status-publish","format-standard","hentry","category-dreisamtal","tag-asyl","tag-drei","tag-gewalt","tag-polizei"],"_links":{"self":[{"href":"https:\/\/www.freiburg-schwarzwald.de\/blog\/wp-json\/wp\/v2\/posts\/53380","targetHints":{"allow":["GET"]}}],"collection":[{"href":"https:\/\/www.freiburg-schwarzwald.de\/blog\/wp-json\/wp\/v2\/posts"}],"about":[{"href":"https:\/\/www.freiburg-schwarzwald.de\/blog\/wp-json\/wp\/v2\/types\/post"}],"author":[{"embeddable":true,"href":"https:\/\/www.freiburg-schwarzwald.de\/blog\/wp-json\/wp\/v2\/users\/2"}],"replies":[{"embeddable":true,"href":"https:\/\/www.freiburg-schwarzwald.de\/blog\/wp-json\/wp\/v2\/comments?post=53380"}],"version-history":[{"count":0,"href":"https:\/\/www.freiburg-schwarzwald.de\/blog\/wp-json\/wp\/v2\/posts\/53380\/revisions"}],"wp:attachment":[{"href":"https:\/\/www.freiburg-schwarzwald.de\/blog\/wp-json\/wp\/v2\/media?parent=53380"}],"wp:term":[{"taxonomy":"category","embeddable":true,"href":"https:\/\/www.freiburg-schwarzwald.de\/blog\/wp-json\/wp\/v2\/categories?post=53380"},{"taxonomy":"post_tag","embeddable":true,"href":"https:\/\/www.freiburg-schwarzwald.de\/blog\/wp-json\/wp\/v2\/tags?post=53380"}],"curies":[{"name":"wp","href":"https:\/\/api.w.org\/{rel}","templated":true}]}}