{"id":53313,"date":"2015-02-20T12:46:37","date_gmt":"2015-02-20T11:46:37","guid":{"rendered":"https:\/\/www.freiburg-schwarzwald.de\/blog\/?p=53313"},"modified":"2015-02-20T14:55:33","modified_gmt":"2015-02-20T13:55:33","slug":"exodus-aus-kosovo-selbsthilfe","status":"publish","type":"post","link":"https:\/\/www.freiburg-schwarzwald.de\/blog\/exodus-aus-kosovo-selbsthilfe\/","title":{"rendered":"Exodus aus Kosovo &#8211; Selbsthilfe"},"content":{"rendered":"<p>Die <a title=\"Armutszuwanderung\" href=\"https:\/\/www.freiburg-schwarzwald.de\/blog\/global\/integration\/armutszuwanderung\/\">Armuts- und Wirtschaftszuwanderung <\/a>aus dem <a title=\"Kosovo\" href=\"https:\/\/www.freiburg-schwarzwald.de\/blog\/global\/kosovo\/\">Kosovo<\/a> nach Deutschland nimmt weiter zu: &#8222;Alle Menschen, die aus dem Kosovo stammen und in Deutschland leben, sollten sich solidarisch zeigen und <a title=\"Fluechtlinge\" href=\"https:\/\/www.freiburg-schwarzwald.de\/blog\/global\/integration\/fluechtlinge\/\">Fl\u00fcchtlinge<\/a> aus dem Kosovo aufnehmen, damit die Pl\u00e4tze in den <a title=\"Asyl\" href=\"https:\/\/www.freiburg-schwarzwald.de\/blog\/global\/integration\/asyl\/\">Asylbewerberunterk\u00fcnften<\/a> f\u00fcr andere Fl\u00fcchtlinge (Verfolgte) frei bleiben k\u00f6nnen&#8220; &#8211; so der Appel des Kosovo-Albaners Tahir Shabani,\u00a0der 1991 nach Emmendingen gefl\u00fcchtet war <!--more-->und dort &#8222;Die Sterne Kosovas&#8220; gegr\u00fcndet hat.<br \/>\nMehr dazu auf\u00a0<a href=\"https:\/\/www.badische-zeitung.de\/kreis-emmendingen\/familienclans-serben-und-die-mafia\">https:\/\/www.badische-zeitung.de\/kreis-emmendingen\/familienclans-serben-und-die-mafia\u00a0 <\/a><\/p>\n<p>18000 Kosovaren kam seit Januar 2015. Die Abk\u00fcrzung der Asylverfahren ist dringend erforderlich.<br \/>\nFalls die Bundesrepublik das Kosovo wie beispielsweise Rum\u00e4nien als sicheren Drittstaat einstuft und die Fl\u00fcchtlinge in ihre Heimat abschiebt, mu\u00df auf dem Balkan vorort geholfen werden.<\/p>\n<p>&nbsp;<\/p>\n","protected":false},"excerpt":{"rendered":"<p>Die Armuts- und Wirtschaftszuwanderung aus dem Kosovo nach Deutschland nimmt weiter zu: &#8222;Alle Menschen, die aus dem Kosovo stammen und in Deutschland leben, sollten sich solidarisch zeigen und Fl\u00fcchtlinge aus dem Kosovo aufnehmen, damit die Pl\u00e4tze in den Asylbewerberunterk\u00fcnften f\u00fcr &hellip; <a href=\"https:\/\/www.freiburg-schwarzwald.de\/blog\/exodus-aus-kosovo-selbsthilfe\/\">Weiterlesen <span class=\"meta-nav\">&rarr;<\/span><\/a><\/p>\n","protected":false},"author":2,"featured_media":0,"comment_status":"open","ping_status":"closed","sticky":false,"template":"","format":"standard","meta":{"footnotes":""},"categories":[52,9],"tags":[481,485],"class_list":["post-53313","post","type-post","status-publish","format-standard","hentry","category-einewelt","category-soziales","tag-asyl","tag-refugee"],"_links":{"self":[{"href":"https:\/\/www.freiburg-schwarzwald.de\/blog\/wp-json\/wp\/v2\/posts\/53313","targetHints":{"allow":["GET"]}}],"collection":[{"href":"https:\/\/www.freiburg-schwarzwald.de\/blog\/wp-json\/wp\/v2\/posts"}],"about":[{"href":"https:\/\/www.freiburg-schwarzwald.de\/blog\/wp-json\/wp\/v2\/types\/post"}],"author":[{"embeddable":true,"href":"https:\/\/www.freiburg-schwarzwald.de\/blog\/wp-json\/wp\/v2\/users\/2"}],"replies":[{"embeddable":true,"href":"https:\/\/www.freiburg-schwarzwald.de\/blog\/wp-json\/wp\/v2\/comments?post=53313"}],"version-history":[{"count":0,"href":"https:\/\/www.freiburg-schwarzwald.de\/blog\/wp-json\/wp\/v2\/posts\/53313\/revisions"}],"wp:attachment":[{"href":"https:\/\/www.freiburg-schwarzwald.de\/blog\/wp-json\/wp\/v2\/media?parent=53313"}],"wp:term":[{"taxonomy":"category","embeddable":true,"href":"https:\/\/www.freiburg-schwarzwald.de\/blog\/wp-json\/wp\/v2\/categories?post=53313"},{"taxonomy":"post_tag","embeddable":true,"href":"https:\/\/www.freiburg-schwarzwald.de\/blog\/wp-json\/wp\/v2\/tags?post=53313"}],"curies":[{"name":"wp","href":"https:\/\/api.w.org\/{rel}","templated":true}]}}