{"id":53262,"date":"2015-02-18T16:17:55","date_gmt":"2015-02-18T15:17:55","guid":{"rendered":"https:\/\/www.freiburg-schwarzwald.de\/blog\/?p=53262"},"modified":"2015-10-03T21:00:23","modified_gmt":"2015-10-03T19:00:23","slug":"wein-literatur-laubenhof-treff","status":"publish","type":"post","link":"https:\/\/www.freiburg-schwarzwald.de\/blog\/wein-literatur-laubenhof-treff\/","title":{"rendered":"Wein Literatur Laubenhof Treff"},"content":{"rendered":"<p class=\"western\"><span style=\"font-family: Arial, sans-serif;\"><a title=\"Weinbau\" href=\"https:\/\/www.freiburg-schwarzwald.de\/blog\/natur\/landwirt\/weinbau\/\">Wein<\/a> &amp; <a title=\"Literatur\" href=\"https:\/\/www.freiburg-schwarzwald.de\/blog\/kultur\/dichter\/literatur\/\">Literatur<\/a> f\u00fcr B\u00fcrger im Freiburger Osten: <\/span><span style=\"font-family: Arial, sans-serif;\">Zu einem\u00a0Erlebnis l\u00e4dt die <a title=\"Stiftungsverwaltung-Freiburg\" href=\"https:\/\/www.freiburg-schwarzwald.de\/blog\/business\/stiftungen\/stiftungsverwaltung-freiburg\/\">Heiliggeistspitalstiftung<\/a> am Dienstag,\u00a024.2. ins <a title=\"Laubenhof\" href=\"https:\/\/www.freiburg-schwarzwald.de\/blog\/selbsthilfe\/senioren\/laubenhof\/\">Begegnungszentrum Laubenhof<\/a>, Weismannstr. 3, <a title=\"Oberwiehre\" href=\"https:\/\/www.freiburg-schwarzwald.de\/blog\/regio\/freiburg\/oberwiehre\/\">FR-Waldsee<\/a>, ein. <\/span><span style=\"font-family: Arial, sans-serif;\">Um 17.30 Uhr pr\u00e4sentiert Erwin Schneider vom Stiftungsweingut <a title=\"Schoenberg\" href=\"https:\/\/www.freiburg-schwarzwald.de\/blog\/regio\/berge\/schoenberg\/\">Jesuitenschlo\u00df<\/a> einige Weine und berichtet \u00fcber die Geschichte des Spitals, das erstmals 1255 urkundlich erw\u00e4hnt wird. <\/span><span style=\"font-family: Arial, sans-serif;\">Der Wein und das <a title=\"Kreuzsteinaecker\" href=\"https:\/\/www.freiburg-schwarzwald.de\/blog\/selbsthilfe\/senioren\/kreuzsteinaecker\/\">Heiliggeistspital <\/a><\/span><!--more--><\/p>\n<p class=\"western\"><span style=\"font-family: Arial, sans-serif;\">\u2013 Genuss und F\u00fcrsorge haben seit jeher eine gemeinsame Tradition in Freiburg. Bedurfte ein Pfr\u00fcndner einst der Pflege im Spital, so brachte er seine Rebberge neben anderem Verm\u00f6gen ins Spital ein und sicherte sich damit die lebenslange Pflege. Gekeltert wurde in der eigenen Spitaltrotte, die im Jahre 1298 erstmals urkundlich erw\u00e4hnt wird. Urspr\u00fcnglich lag das Spital in der Gegend von M\u00fcnsterplatz und heutiger Kaiser-Joseph-Stra\u00dfe. Gegen 18 Uhr tr\u00e4gt der Autor Michael W. Geisler aus Buchenbach Ausz\u00fcge aus seinem 2014 ver\u00f6ffentlichten Roman \u201eIn anderer Zeit\u201c vor. In diesem Buch nehmen Lebensgeschichten von Menschen aus vergangenen Zeiten Gestalt an, die sich spannend und ergreifend zu einem Gesamtbild f\u00fcgen. Abbildungen im Buch und das Umschlagsbild stammen von den renommierten Freiburger K\u00fcnstlern Herta Seibt de Zinser und Herbert Maier.<\/span><\/p>\n<p class=\"western\"><span style=\"font-family: Arial, sans-serif;\">Der Eintritt zur Weinverkostung inkl. kleinem Imbiss und zur Lesung ist frei, keine Spenden.<br \/>\n18.2.2015, Hans Homlicher<br \/>\n<\/span><\/p>\n","protected":false},"excerpt":{"rendered":"<p>Wein &amp; Literatur f\u00fcr B\u00fcrger im Freiburger Osten: Zu einem\u00a0Erlebnis l\u00e4dt die Heiliggeistspitalstiftung am Dienstag,\u00a024.2. ins Begegnungszentrum Laubenhof, Weismannstr. 3, FR-Waldsee, ein. Um 17.30 Uhr pr\u00e4sentiert Erwin Schneider vom Stiftungsweingut Jesuitenschlo\u00df einige Weine und berichtet \u00fcber die Geschichte des Spitals, &hellip; <a href=\"https:\/\/www.freiburg-schwarzwald.de\/blog\/wein-literatur-laubenhof-treff\/\">Weiterlesen <span class=\"meta-nav\">&rarr;<\/span><\/a><\/p>\n","protected":false},"author":2,"featured_media":0,"comment_status":"open","ping_status":"closed","sticky":false,"template":"","format":"standard","meta":{"footnotes":""},"categories":[13,98,283,102],"tags":[190,722,443,177],"class_list":["post-53262","post","type-post","status-publish","format-standard","hentry","category-kultur","category-literatur","category-littenweiler","category-senioren","tag-alter","tag-literatur","tag-termin","tag-wein"],"_links":{"self":[{"href":"https:\/\/www.freiburg-schwarzwald.de\/blog\/wp-json\/wp\/v2\/posts\/53262","targetHints":{"allow":["GET"]}}],"collection":[{"href":"https:\/\/www.freiburg-schwarzwald.de\/blog\/wp-json\/wp\/v2\/posts"}],"about":[{"href":"https:\/\/www.freiburg-schwarzwald.de\/blog\/wp-json\/wp\/v2\/types\/post"}],"author":[{"embeddable":true,"href":"https:\/\/www.freiburg-schwarzwald.de\/blog\/wp-json\/wp\/v2\/users\/2"}],"replies":[{"embeddable":true,"href":"https:\/\/www.freiburg-schwarzwald.de\/blog\/wp-json\/wp\/v2\/comments?post=53262"}],"version-history":[{"count":0,"href":"https:\/\/www.freiburg-schwarzwald.de\/blog\/wp-json\/wp\/v2\/posts\/53262\/revisions"}],"wp:attachment":[{"href":"https:\/\/www.freiburg-schwarzwald.de\/blog\/wp-json\/wp\/v2\/media?parent=53262"}],"wp:term":[{"taxonomy":"category","embeddable":true,"href":"https:\/\/www.freiburg-schwarzwald.de\/blog\/wp-json\/wp\/v2\/categories?post=53262"},{"taxonomy":"post_tag","embeddable":true,"href":"https:\/\/www.freiburg-schwarzwald.de\/blog\/wp-json\/wp\/v2\/tags?post=53262"}],"curies":[{"name":"wp","href":"https:\/\/api.w.org\/{rel}","templated":true}]}}