{"id":53229,"date":"2015-02-15T15:54:03","date_gmt":"2015-02-15T14:54:03","guid":{"rendered":"https:\/\/www.freiburg-schwarzwald.de\/blog\/?p=53229"},"modified":"2015-02-15T16:35:25","modified_gmt":"2015-02-15T15:35:25","slug":"fsm-spende-an-buergerstiftung","status":"publish","type":"post","link":"https:\/\/www.freiburg-schwarzwald.de\/blog\/fsm-spende-an-buergerstiftung\/","title":{"rendered":"FSM Spende an Buergerstiftung"},"content":{"rendered":"<p class=\"western\">Bei der j\u00e4hrlichen Weihnachtsfeier sammeln die Mitarbeiter der <a title=\"FSM\" href=\"https:\/\/www.freiburg-schwarzwald.de\/blog\/business\/industrie\/fsm\/\">FSM AG<\/a> in Kirchzarten f\u00fcr eine soziale Einrichtung. Die FSM AG-Unternehmensleitung stockt diesen Betrag dann auf. Und so konnten jetzt <a title=\"Spende\" href=\"https:\/\/www.freiburg-schwarzwald.de\/blog\/engagement\/spende\/\">2.500 Euro <\/a>an die der <a title=\"Stiftungen\" href=\"https:\/\/www.freiburg-schwarzwald.de\/blog\/business\/stiftungen\/\">B\u00fcrgerstiftung<\/a> Kirchzarten angeschlossene Wei\u00dfk\u00f6ppelstiftung \u00fcberreicht werden. Diese Stiftung verfolgt den Zweck der F\u00f6rderung <a title=\"Soziales\" href=\"https:\/\/www.freiburg-schwarzwald.de\/blog\/selbsthilfe\/soziales\/\">sozialer Anliegen<\/a> von Kindern, Jugendlichen und Familien in Kirchzarten. <!--more-->Sie hilft durch einmalige oder regelm\u00e4\u00dfige Zuwendungen f\u00fcr Einzelpersonen und Familien mit geringem Einkommen sowie durch Unterst\u00fctzung von Ma\u00dfnahmen der Kinder- und Jugendhilfe. Sie erm\u00f6glicht z.B. die Teilnahme an Ferienfreizeiten, Landschulheimbesuchen oder Kuren; die Mitgliedschaft in Vereinen; die Berufsausbildung Jugendlicher oder junger Erwachsener oder Kurs- und Bildungsma\u00dfnahmen f\u00fcr Kinder und Jugendliche.<\/p>\n<p class=\"western\"><a href=\"https:\/\/www.freiburg-schwarzwald.de\/blog\/fsm-spende-an-buergerstiftung\/fsm-spende150131\/\" rel=\"attachment wp-att-53230\"><img loading=\"lazy\" decoding=\"async\" class=\"alignnone size-thumbnail wp-image-53230\" src=\"https:\/\/www.freiburg-schwarzwald.de\/blog\/wp-content\/uploads\/2015\/02\/fsm-spende150131-180x120.jpg\" alt=\"fsm-spende150131\" width=\"180\" height=\"120\" srcset=\"https:\/\/www.freiburg-schwarzwald.de\/blog\/wp-content\/uploads\/2015\/02\/fsm-spende150131-180x120.jpg 180w, https:\/\/www.freiburg-schwarzwald.de\/blog\/wp-content\/uploads\/2015\/02\/fsm-spende150131.jpg 640w\" sizes=\"auto, (max-width: 180px) 100vw, 180px\" \/><\/a><\/p>\n<p class=\"western\">Bei der Spenden\u00fcbergabe waren dabei: Beate Buhl (Mitarbeiterin), Uwe Matzeit, Dr. Felicitas Drobek (Stiftung) und Eugen Molz (Gesch\u00e4ftsleitung) (v.l.).<\/p>\n<p class=\"western\">Die FSM AG ist ein mittelst\u00e4ndisches Unternehmen in Kirchzarten und produziert in den Bereichen Druckmesstechnik, Akkupacks und Trafosanfteinschalter. Sowohl die Entwicklung als auch die Produktion finden in Kirchzarten statt. Die FSM AG ist f\u00fchrender Hersteller f\u00fcr Batterie-Management-Systeme in Europa. Ihre Produkte werden unter anderem in den Bereichen E-Bike, Profiwerkzeuge und Medizintechnik verbaut.<br \/>\n15.2.2015, Gerhard L\u00fcck, Dreisamt\u00e4ler<\/p>\n","protected":false},"excerpt":{"rendered":"<p>Bei der j\u00e4hrlichen Weihnachtsfeier sammeln die Mitarbeiter der FSM AG in Kirchzarten f\u00fcr eine soziale Einrichtung. Die FSM AG-Unternehmensleitung stockt diesen Betrag dann auf. Und so konnten jetzt 2.500 Euro an die der B\u00fcrgerstiftung Kirchzarten angeschlossene Wei\u00dfk\u00f6ppelstiftung \u00fcberreicht werden. Diese &hellip; <a href=\"https:\/\/www.freiburg-schwarzwald.de\/blog\/fsm-spende-an-buergerstiftung\/\">Weiterlesen <span class=\"meta-nav\">&rarr;<\/span><\/a><\/p>\n","protected":false},"author":2,"featured_media":0,"comment_status":"open","ping_status":"closed","sticky":false,"template":"","format":"standard","meta":{"footnotes":""},"categories":[1],"tags":[],"class_list":["post-53229","post","type-post","status-publish","format-standard","hentry","category-allgemein"],"_links":{"self":[{"href":"https:\/\/www.freiburg-schwarzwald.de\/blog\/wp-json\/wp\/v2\/posts\/53229","targetHints":{"allow":["GET"]}}],"collection":[{"href":"https:\/\/www.freiburg-schwarzwald.de\/blog\/wp-json\/wp\/v2\/posts"}],"about":[{"href":"https:\/\/www.freiburg-schwarzwald.de\/blog\/wp-json\/wp\/v2\/types\/post"}],"author":[{"embeddable":true,"href":"https:\/\/www.freiburg-schwarzwald.de\/blog\/wp-json\/wp\/v2\/users\/2"}],"replies":[{"embeddable":true,"href":"https:\/\/www.freiburg-schwarzwald.de\/blog\/wp-json\/wp\/v2\/comments?post=53229"}],"version-history":[{"count":0,"href":"https:\/\/www.freiburg-schwarzwald.de\/blog\/wp-json\/wp\/v2\/posts\/53229\/revisions"}],"wp:attachment":[{"href":"https:\/\/www.freiburg-schwarzwald.de\/blog\/wp-json\/wp\/v2\/media?parent=53229"}],"wp:term":[{"taxonomy":"category","embeddable":true,"href":"https:\/\/www.freiburg-schwarzwald.de\/blog\/wp-json\/wp\/v2\/categories?post=53229"},{"taxonomy":"post_tag","embeddable":true,"href":"https:\/\/www.freiburg-schwarzwald.de\/blog\/wp-json\/wp\/v2\/tags?post=53229"}],"curies":[{"name":"wp","href":"https:\/\/api.w.org\/{rel}","templated":true}]}}