{"id":53032,"date":"2015-01-29T21:01:41","date_gmt":"2015-01-29T20:01:41","guid":{"rendered":"https:\/\/www.freiburg-schwarzwald.de\/blog\/?p=53032"},"modified":"2015-01-29T21:07:10","modified_gmt":"2015-01-29T20:07:10","slug":"sc-spiel-vor-buergerentscheid","status":"publish","type":"post","link":"https:\/\/www.freiburg-schwarzwald.de\/blog\/sc-spiel-vor-buergerentscheid\/","title":{"rendered":"SC-Spiel vor Buergerentscheid"},"content":{"rendered":"<p class=\"western\"><span style=\"font-family: Arial, sans-serif;\">Vor dem <a title=\"SCfreiburg\" href=\"https:\/\/www.freiburg-schwarzwald.de\/blog\/sport\/sportvereine\/scfreiburg\/\">SC-Spiel <\/a>gegen Eintracht Frankfurt am Samstag 31.1.2015: <span style=\"font-family: Arial, sans-serif;\">Das <a title=\"Wolfsbuck\" href=\"https:\/\/www.freiburg-schwarzwald.de\/blog\/regio\/berge\/wolfsbuck\/\">Stadion<\/a> ist ausverkauft, im Zeichen des B\u00fcrgerentscheids werden <a title=\"SC-Stadion\" href=\"https:\/\/www.freiburg-schwarzwald.de\/blog\/sport\/sportvereine\/scfreiburg\/sc-stadion\/\">die Spieler <\/a>mit neuen Trikots von Sponsor Ehrmann auftreten, auf denen nicht der Namenszug des Sponsors, sondern das Bekenntnis zum neuen Stadion \u201esag ja\u201c steht. <\/span><\/span><span style=\"font-family: Arial, sans-serif;\">Ein H\u00f6chstma\u00df an Selbstverantwortung verlangt SC-Chefcoach Christian Streich\u00a0\u00a0\u00a0<\/span><!--more--><\/p>\n<p class=\"western\"><span style=\"font-family: Arial, sans-serif;\">von seiner Mannschaft \u2013 nicht nur vor dem Spiel am Samstag im heimischen Schwarzwald-Stadion gegen Eintracht Frankfurt, sondern f\u00fcr die n\u00e4chsten 17 Wochen in der R\u00fcckrunde. <\/span><span style=\"font-family: Arial, sans-serif;\">Totaler Hunger und Fokussierung auf eine 100 prozentige Berufserf\u00fcllung in allen Bereichen wie Leben, Schlaf, Ern\u00e4hrung und Training, sei absolute Voraussetzung f\u00fcr den Erfolg, so der Cheftrainer. \u201eSie m\u00fcssen in den Tunnel gehen und alles um sich herum ausblenden\u201c, fordert Streich von seinen Spielern und ist sich sehr wohl dar\u00fcber bewusst, dass dies intensive, extreme und kr\u00e4ftezehrende, aber unerl\u00e4ssliche Anforderungen sind.<\/span><\/p>\n<p class=\"western\"><span style=\"font-family: Arial, sans-serif;\">Verletzt sind Stefan Mitrovic, aufgrund eines Muskelb\u00fcndelrisses voraussichtlich 6 bis 7 Wochen, und Christopher Jullien, sehr fraglich au\u00dferdem Pavel Krmas und Marc-Oliver Kempf. Damit sind vier Innenverteidiger verletzt, ausgerechnet in der anstehenden englischen Woche. Daher wurde die geplante Ausleihe von Immanuel H\u00f6hn ad acta gelegt, er bleibt beim SC Freiburg.<br \/>\n<\/span><span style=\"font-family: Arial, sans-serif;\">Die Eintracht aus Freiburg sch\u00e4tzt der Coach der Freiburger fu\u00dfballerisch sehr hoch ein, insbesondere die torgef\u00e4hrliche Offensive und hofft, dass die Kreise der Eintracht-Spieler wie Alexander Meier und Stefan Aigner erfolgreich eingeengt werden k\u00f6nnen. Leidenschaftlich spielen und in den letzten Minuten des Spiels besser agieren als in der Vorrunde, hat Streich sich und den Spielern verordnet und ist zuversichtlich, dass die Torchancen besser genutzt werden, als bei den Vorbereitungsspielen gegen den KSC oder den FC Basel.<br \/>\n<\/span><span style=\"font-family: Arial, sans-serif;\">Sehr zufrieden ist Streich mit den Neuzug\u00e4ngen, insbesondere mit Mats Moeller Daehli, der sich sehr spielfreudig zeigt, aber auch Nils Petersen sei \u201eein guter Junge\u201c, der sich total engagiert. <\/span><span style=\"font-family: Arial, sans-serif;\">Die Ank\u00fcndigung von Sportdirektor Jochen Saier, dass ggf. noch ein dritter Neuzugang kommen wird, begr\u00fc\u00dft der Trainer sehr, da er ihn kenne. <\/span><\/p>\n<p class=\"western\"><span style=\"font-family: Arial, sans-serif;\">Der anstehende B\u00fcrgerentscheid sei keine Belastung f\u00fcr die Spieler, die sich auf das Fu\u00dfballspielen konzentrieren, aber nat\u00fcrlich ein neues Stadion m\u00f6chten. <\/span><span style=\"font-family: Arial, sans-serif;\">Im \u00dcbrigen vertraue Christian Streich auf die Urteilskraft der Freiburger B\u00fcrger, warum der SC unbedingt ein neues Stadion brauche, denn sonst g\u00e4be es in ein paar Jahren keinen Profifu\u00dfball mehr in Freiburg zu sehen, \u201ees geht jetzt um die Zukunft\u201c.<br \/>\n<\/span>\u201a<span style=\"font-family: Arial, sans-serif;\">Not amused\u2019 \u00e4u\u00dferte sich Streich zu dem teilweise sehr schmutzigen, schon fast amerikanisch gef\u00fchrten Wahlkampf, z.T. w\u00fcrden da unglaubliche und \u00fcble Unwahrheiten verbreitet. <\/span><span style=\"font-family: Arial, sans-serif;\">Schlie\u00dflich sei die Stadt in den letzten 20 Jahren nicht zuletzt durch den SC Freiburg bekannt geworden und h\u00e4tte von den Sympathiewerten, aber auch vom Geld, das in die Stadt gekommen sei, profitiert.<br \/>\n<\/span><span style=\"font-family: Arial, sans-serif;\">29.1.2015, Hans Homlicher<\/span><\/p>\n","protected":false},"excerpt":{"rendered":"<p>Vor dem SC-Spiel gegen Eintracht Frankfurt am Samstag 31.1.2015: Das Stadion ist ausverkauft, im Zeichen des B\u00fcrgerentscheids werden die Spieler mit neuen Trikots von Sponsor Ehrmann auftreten, auf denen nicht der Namenszug des Sponsors, sondern das Bekenntnis zum neuen Stadion &hellip; <a href=\"https:\/\/www.freiburg-schwarzwald.de\/blog\/sc-spiel-vor-buergerentscheid\/\">Weiterlesen <span class=\"meta-nav\">&rarr;<\/span><\/a><\/p>\n","protected":false},"author":2,"featured_media":0,"comment_status":"open","ping_status":"closed","sticky":false,"template":"","format":"standard","meta":{"footnotes":""},"categories":[49,60,8,124],"tags":[71,366,187],"class_list":["post-53032","post","type-post","status-publish","format-standard","hentry","category-freiburg","category-jugend","category-sport","category-sportvereine-vereine","tag-burgerentscheid","tag-fussball","tag-sc"],"_links":{"self":[{"href":"https:\/\/www.freiburg-schwarzwald.de\/blog\/wp-json\/wp\/v2\/posts\/53032","targetHints":{"allow":["GET"]}}],"collection":[{"href":"https:\/\/www.freiburg-schwarzwald.de\/blog\/wp-json\/wp\/v2\/posts"}],"about":[{"href":"https:\/\/www.freiburg-schwarzwald.de\/blog\/wp-json\/wp\/v2\/types\/post"}],"author":[{"embeddable":true,"href":"https:\/\/www.freiburg-schwarzwald.de\/blog\/wp-json\/wp\/v2\/users\/2"}],"replies":[{"embeddable":true,"href":"https:\/\/www.freiburg-schwarzwald.de\/blog\/wp-json\/wp\/v2\/comments?post=53032"}],"version-history":[{"count":0,"href":"https:\/\/www.freiburg-schwarzwald.de\/blog\/wp-json\/wp\/v2\/posts\/53032\/revisions"}],"wp:attachment":[{"href":"https:\/\/www.freiburg-schwarzwald.de\/blog\/wp-json\/wp\/v2\/media?parent=53032"}],"wp:term":[{"taxonomy":"category","embeddable":true,"href":"https:\/\/www.freiburg-schwarzwald.de\/blog\/wp-json\/wp\/v2\/categories?post=53032"},{"taxonomy":"post_tag","embeddable":true,"href":"https:\/\/www.freiburg-schwarzwald.de\/blog\/wp-json\/wp\/v2\/tags?post=53032"}],"curies":[{"name":"wp","href":"https:\/\/api.w.org\/{rel}","templated":true}]}}