{"id":52995,"date":"2015-01-26T11:08:42","date_gmt":"2015-01-26T10:08:42","guid":{"rendered":"https:\/\/www.freiburg-schwarzwald.de\/blog\/?p=52995"},"modified":"2015-01-26T11:10:16","modified_gmt":"2015-01-26T10:10:16","slug":"menschenrechte-saudi-arabien","status":"publish","type":"post","link":"https:\/\/www.freiburg-schwarzwald.de\/blog\/menschenrechte-saudi-arabien\/","title":{"rendered":"Menschenrechte Saudi-Arabien"},"content":{"rendered":"<p>Abdullah ibn Abd al-Aziz Al Sa\u02bfud war vom 1. August 2005 bis zu seinem Tod im Januar 2015\u00a0ein absolutistischer, autokratischer K\u00f6nig und Premierminister Saudi-Arabiens. In seinem Land werden <a title=\"Menschenrechte\" href=\"https:\/\/www.freiburg-schwarzwald.de\/blog\/kultur\/aufklaerung\/menschenrechte\/\">Menschen<\/a> ausgepeitscht, <a title=\"Islam\" href=\"https:\/\/www.freiburg-schwarzwald.de\/blog\/religion\/islam\/\">Frauen<\/a> haben keine <a title=\"Islam-Reformen\" href=\"https:\/\/www.freiburg-schwarzwald.de\/blog\/religion\/islam\/islam-reformen\/\">Rechte<\/a> und Saudi-Arabien unterst\u00fctzte lange den Terror der IS. 15 der 19 Attent\u00e4ter des 11. September kamen nicht etwa aus dem mit einem Krieg bestraften Afghanistan, sondern aus <a title=\"Saudi-Arabien\" href=\"https:\/\/www.freiburg-schwarzwald.de\/blog\/global\/saudi-arabien\/\">Saudi-Arabien<\/a>. <!--more--><br \/>\nDoch das Land hat \u00d6l darum war Abdullah ibn Abd al-Aziz Al Sa\u02bfud f\u00fcr die westlichen Staaten ein &#8222;guter Diktator&#8220;, wie vor ihm auch schon Saddam Hussein. Das saudische Regime und die Tyrannen Bahrains und Qatars geh\u00f6ren zu den \u201cGuten\u201d, da die westlichen Demokratien wegen des \u00d6lreichtums der Scheicht\u00fcmer abh\u00e4ngig sind. Menschenrechtsverletzungen in diesen Staaten werden nicht nur geduldet, sondern auch gef\u00f6rdert, indem man sie mit Waffen beliefert.<br \/>\nDie aktuellen Gru\u00dfworte und Nachrufe von Frau Merkel, Obama und anderen Demokraten sind mehr als peinlich und zeugen nicht von den Westlichen Werten. Menschenrechte sind Menschenrechte sind Menschenrechte!! Je unabh\u00e4ngiger wir durch einheimische Wind- und Sonnenenergie werden, desto besser.<br \/>\n25.1.2015, Axel Mayer , <a title=\"BUND\" href=\"https:\/\/www.freiburg-schwarzwald.de\/blog\/natur\/umwelt\/bund\/\">BUND Freiburg<\/a><\/p>\n","protected":false},"excerpt":{"rendered":"<p>Abdullah ibn Abd al-Aziz Al Sa\u02bfud war vom 1. August 2005 bis zu seinem Tod im Januar 2015\u00a0ein absolutistischer, autokratischer K\u00f6nig und Premierminister Saudi-Arabiens. In seinem Land werden Menschen ausgepeitscht, Frauen haben keine Rechte und Saudi-Arabien unterst\u00fctzte lange den Terror &hellip; <a href=\"https:\/\/www.freiburg-schwarzwald.de\/blog\/menschenrechte-saudi-arabien\/\">Weiterlesen <span class=\"meta-nav\">&rarr;<\/span><\/a><\/p>\n","protected":false},"author":2,"featured_media":0,"comment_status":"open","ping_status":"closed","sticky":false,"template":"","format":"standard","meta":{"footnotes":""},"categories":[5,14],"tags":[612,431,421],"class_list":["post-52995","post","type-post","status-publish","format-standard","hentry","category-energie","category-global","tag-frau","tag-gerecht","tag-islam"],"_links":{"self":[{"href":"https:\/\/www.freiburg-schwarzwald.de\/blog\/wp-json\/wp\/v2\/posts\/52995","targetHints":{"allow":["GET"]}}],"collection":[{"href":"https:\/\/www.freiburg-schwarzwald.de\/blog\/wp-json\/wp\/v2\/posts"}],"about":[{"href":"https:\/\/www.freiburg-schwarzwald.de\/blog\/wp-json\/wp\/v2\/types\/post"}],"author":[{"embeddable":true,"href":"https:\/\/www.freiburg-schwarzwald.de\/blog\/wp-json\/wp\/v2\/users\/2"}],"replies":[{"embeddable":true,"href":"https:\/\/www.freiburg-schwarzwald.de\/blog\/wp-json\/wp\/v2\/comments?post=52995"}],"version-history":[{"count":0,"href":"https:\/\/www.freiburg-schwarzwald.de\/blog\/wp-json\/wp\/v2\/posts\/52995\/revisions"}],"wp:attachment":[{"href":"https:\/\/www.freiburg-schwarzwald.de\/blog\/wp-json\/wp\/v2\/media?parent=52995"}],"wp:term":[{"taxonomy":"category","embeddable":true,"href":"https:\/\/www.freiburg-schwarzwald.de\/blog\/wp-json\/wp\/v2\/categories?post=52995"},{"taxonomy":"post_tag","embeddable":true,"href":"https:\/\/www.freiburg-schwarzwald.de\/blog\/wp-json\/wp\/v2\/tags?post=52995"}],"curies":[{"name":"wp","href":"https:\/\/api.w.org\/{rel}","templated":true}]}}