{"id":52864,"date":"2014-09-30T11:47:20","date_gmt":"2014-09-30T09:47:20","guid":{"rendered":"https:\/\/www.freiburg-schwarzwald.de\/blog\/?p=52864"},"modified":"2015-01-20T11:55:08","modified_gmt":"2015-01-20T10:55:08","slug":"islam-gemeinden-jugendliche","status":"publish","type":"post","link":"https:\/\/www.freiburg-schwarzwald.de\/blog\/islam-gemeinden-jugendliche\/","title":{"rendered":"Islam-Gemeinden &#8211; Jugendliche"},"content":{"rendered":"<p><span lang=\"DE\">&#8222;<a title=\"Islam\" href=\"https:\/\/www.freiburg-schwarzwald.de\/blog\/religion\/islam\/\">M<\/a><\/span><span lang=\"\"><a title=\"Islam\" href=\"https:\/\/www.freiburg-schwarzwald.de\/blog\/religion\/islam\/\">uslimische<\/a> Jugendliche w<\/span><span lang=\"DE\">er<\/span><span lang=\"\">den von der <a title=\"Demokratie\" href=\"https:\/\/www.freiburg-schwarzwald.de\/blog\/engagement\/zukunft\/demokratie\/\">Mehrheitsgesellschaft<\/a> und von ihren eigenen, an den Herkunftsl\u00e4ndern ihrer Eltern orientierten muslimischen Gemeinschaften als defizit\u00e4r gesehen, so dass sie Alternativen suchten&#8220;, so Mehmet <\/span>\u015eenel<span lang=\"DE\">, <\/span><span lang=\"\">Beratungsstelle des Pr<\/span>\u00e4ventionsnetzwerks Hessen gegen Salafismus. Es gibt z.B. keinen <a title=\"Islam-Organisationen\" href=\"https:\/\/www.freiburg-schwarzwald.de\/blog\/religion\/islam\/islam-organisationen\/\">muslimischen<\/a> <a title=\"Jugend\" href=\"https:\/\/www.freiburg-schwarzwald.de\/blog\/selbsthilfe\/jugend\/\">Jugendverband<\/a> mit einem zivilgesellschaftlichen Engagement. <!--more--><\/p>\n<p>Der Politik- und Islamwissenschaftler Marwan Abou-Taam h\u00e4lt der muslimischen Gemeinschaft mangelndes Engagement in der Auseinandersetzung mit dem Salafismus vor. Die muslimischen Verb\u00e4nde seien rein politische Vereinigungen, geben keinen &#8222;Gegenkurs&#8220; zu Salafisten wie Pierre Vogel vor, liefern keinen &#8222;theologischen Debattenbeitrag&#8220;<span lang=\"DE\"> und lassen die islamischen Gemeinden vorort allein<\/span><span lang=\"\">, so dass ein Vakuum entsteh<\/span><span lang=\"DE\">t<\/span><span lang=\"\">, in das M<\/span>\u00e4nner wie Vogel mit ihrer theologisch-koranischen Argumentation sto\u00dfen k\u00f6nnen. Abou-Taam, widersprach der Auffassung, der Salafismus habe nichts mit dem Islam zu tun: \u201eEr ist ohne Religion nicht zu denken.&#8220; Salafisten verst\u00fcnden sich als Avantgarde mit dem Anspruch, eine neue Gesellschaft aufzubauen.<br \/>\nMehr dazu 26.9.2014 bitte lesen auf <a href=\"https:\/\/www.faz.net\/aktuell\/rhein-main\/frankfurt\/salafismus-ruf-nach-mehr-theologischem-gegenwind-13174549.html\"><span lang=\"\">https:\/\/www.faz.net\/aktuell\/rhein-main\/frankfurt\/salafismus-ruf-nach-mehr-theologischem-gegenwind-13174549.html<\/span><\/a><\/p>\n<p>Dr. Marwan Abou-Taam ost an der Berliner Humboldt-Universit\u00e4t t\u00e4tig und im Landeskriminalamt Rheinland-Pfalz angestellt: <a href=\"https:\/\/www.heymat.hu-berlin.de\/team\/forschende\/abou-taam\"><span lang=\"\">https:\/\/www.heymat.hu-berlin.de\/team\/forschende\/abou-taam<\/span><\/a><\/p>\n","protected":false},"excerpt":{"rendered":"<p>&#8222;Muslimische Jugendliche werden von der Mehrheitsgesellschaft und von ihren eigenen, an den Herkunftsl\u00e4ndern ihrer Eltern orientierten muslimischen Gemeinschaften als defizit\u00e4r gesehen, so dass sie Alternativen suchten&#8220;, so Mehmet \u015eenel, Beratungsstelle des Pr\u00e4ventionsnetzwerks Hessen gegen Salafismus. Es gibt z.B. keinen muslimischen &hellip; <a href=\"https:\/\/www.freiburg-schwarzwald.de\/blog\/islam-gemeinden-jugendliche\/\">Weiterlesen <span class=\"meta-nav\">&rarr;<\/span><\/a><\/p>\n","protected":false},"author":2,"featured_media":0,"comment_status":"open","ping_status":"closed","sticky":false,"template":"","format":"standard","meta":{"footnotes":""},"categories":[1],"tags":[],"class_list":["post-52864","post","type-post","status-publish","format-standard","hentry","category-allgemein"],"_links":{"self":[{"href":"https:\/\/www.freiburg-schwarzwald.de\/blog\/wp-json\/wp\/v2\/posts\/52864","targetHints":{"allow":["GET"]}}],"collection":[{"href":"https:\/\/www.freiburg-schwarzwald.de\/blog\/wp-json\/wp\/v2\/posts"}],"about":[{"href":"https:\/\/www.freiburg-schwarzwald.de\/blog\/wp-json\/wp\/v2\/types\/post"}],"author":[{"embeddable":true,"href":"https:\/\/www.freiburg-schwarzwald.de\/blog\/wp-json\/wp\/v2\/users\/2"}],"replies":[{"embeddable":true,"href":"https:\/\/www.freiburg-schwarzwald.de\/blog\/wp-json\/wp\/v2\/comments?post=52864"}],"version-history":[{"count":0,"href":"https:\/\/www.freiburg-schwarzwald.de\/blog\/wp-json\/wp\/v2\/posts\/52864\/revisions"}],"wp:attachment":[{"href":"https:\/\/www.freiburg-schwarzwald.de\/blog\/wp-json\/wp\/v2\/media?parent=52864"}],"wp:term":[{"taxonomy":"category","embeddable":true,"href":"https:\/\/www.freiburg-schwarzwald.de\/blog\/wp-json\/wp\/v2\/categories?post=52864"},{"taxonomy":"post_tag","embeddable":true,"href":"https:\/\/www.freiburg-schwarzwald.de\/blog\/wp-json\/wp\/v2\/tags?post=52864"}],"curies":[{"name":"wp","href":"https:\/\/api.w.org\/{rel}","templated":true}]}}