{"id":52745,"date":"2015-01-15T16:48:56","date_gmt":"2015-01-15T15:48:56","guid":{"rendered":"https:\/\/www.freiburg-schwarzwald.de\/blog\/?p=52745"},"modified":"2015-01-20T22:05:52","modified_gmt":"2015-01-20T21:05:52","slug":"trennung-von-kirche-und-staat","status":"publish","type":"post","link":"https:\/\/www.freiburg-schwarzwald.de\/blog\/trennung-von-kirche-und-staat\/","title":{"rendered":"Trennung von Kirche und Staat"},"content":{"rendered":"<p>Der M\u00fcnchener Kardinal Marx hat sich die Forderung von <a title=\"Papst\" href=\"https:\/\/www.freiburg-schwarzwald.de\/blog\/religion\/katholisch\/papst\/\">Papst Franziskus<\/a> zu Demut, Bescheidenheit und Neuordnung in der <a title=\"Kirchen\" href=\"https:\/\/www.freiburg-schwarzwald.de\/blog\/religion\/kirchen\/\">Kirche<\/a> zu eigen gemacht und erkl\u00e4rt: &#8222;Die katholische Kirche setzt sich daf\u00fcr ein, in Deutschland die <a title=\"Kirche-Staat\" href=\"https:\/\/www.freiburg-schwarzwald.de\/blog\/religion\/kirche-staat\/\">strikte Trennung<\/a> von Staat und <a title=\"Religion\" href=\"https:\/\/www.freiburg-schwarzwald.de\/blog\/religion\/\">Kirche<\/a> in \u00f6ffentlichen Schulen und sonstigen staatlichen K\u00f6rperschaften nach dem Vorbild <a title=\"France\" href=\"https:\/\/www.freiburg-schwarzwald.de\/blog\/global\/france\/\">Frankreichs<\/a> (Laiizismus) einzuf\u00fchren. Damit ist der Weg geebnet, \u00fcber das <a title=\"Demokratie\" href=\"https:\/\/www.freiburg-schwarzwald.de\/blog\/engagement\/zukunft\/demokratie\/\">Parlament<\/a> <!--more-->die bisherige komplizierte Regelung durch Konkordate und Staatskirchenvertr\u00e4ge neu zu gestalten. Landesbischof Bedford-Strohm von der EKD schlie\u00dft sich dem an.&#8220;<br \/>\nDiese sensationelle Meldung ist leider fiktiv &#8211; allzu menschlich, denn noch niemand hat seine Privilegien freiwillig abgegeben (au\u00dfer etwa der hl. Franziskus von Assisi oder Buddha alias Sidharta). Dennoch: W\u00fcrde man den <a title=\"Aufklaerung\" href=\"https:\/\/www.freiburg-schwarzwald.de\/blog\/kultur\/aufklaerung\/\">Laizismus<\/a> unseres Nachbarn Frankreich (immerhin ein zu 80% katholisches Land) auf Deutschland \u00fcbertragen, dann ergeben sich nur Vorteile:<br \/>\n1. Die<a title=\"Konfessionslosigkeit\" href=\"https:\/\/www.freiburg-schwarzwald.de\/blog\/religion\/konfessionslosigkeit\/\"> Konfessonslosen<\/a>\u00a0als kirchlich nicht Gebundene stellen die gr\u00f6\u00dfte Konfession in Deutschland dar: 30% ev, 30% <a title=\"Katholisch\" href=\"https:\/\/www.freiburg-schwarzwald.de\/blog\/religion\/katholisch\/\">rk<\/a>, 1,9% orthodox, 3% <a title=\"Islam\" href=\"https:\/\/www.freiburg-schwarzwald.de\/blog\/religion\/islam\/\">Islam<\/a>, 34% konfessionslos. Die sich aus der Verwobenheit der ev. und kath. Kirche mit dem Staat ergebenden Probleme (Staat zieht Kirchensteuer ein, Mischfinanzierung, Publikationspflicht, Parallelrecht, &#8230;) w\u00fcrden abgebaut.<br \/>\n2. Religionsunterricht als Bekenntnisunterricht findet nicht mehr an staatlichen Schulen statt und wird ersetzt durch Ethik als f\u00fcr alle verpflichtendes Unterrichtsfach.<br \/>\n3. Die Gl\u00e4ubigen finanzieren ihre eigene Kirche, Moschee, Synagoge, Gebetseinrichtung&#8230; vorort selbst, anstelle anonymer Geldtransferzahlungen\u00a0an eine undurchsichtige Organisation. Dieser direkte Bezug der Unterst\u00fctzung kommt der kirchlichen Seelsorge zugute.<br \/>\n4. Die gro\u00dfen kirchlichen Hilfsorganisationen wie Caritas und Diakonie werden nach wie vor vom Staat unterst\u00fctzt, nur gehen die Transfers jetzt direkt.<br \/>\n5. <a title=\"Pluralismus\" href=\"https:\/\/www.freiburg-schwarzwald.de\/blog\/religion\/pluralismus\/\">Religi\u00f6ser Pluralismus<\/a> (Weltethos von K\u00fcng) gedeiht vornehmlich im laiizistischen Staat, der sich allen Religionen bzw. Glaubensgemeinschaften gegen\u00fcber neutral und wertungsfrei verh\u00e4lt.<\/p>\n<p>Das bislang im Grundgesetz verankerte partnerschaftliche Verh\u00e4ltnis von Kirche und Staat hat funktioniert, solange die beiden Konfessionen &#8222;evangelisch&#8220; und &#8222;r\u00f6misch-katholisch&#8220; dominierten. Mit der Zunahme von kirchlich Ungebundenen, Muslimen und anderen Glaubensgemeinschaften geht dies nicht mehr. So werden alevitische Muslime, sunnitische Muslime, schiitische Muslime, &#8230; ihren eigenen Religionsunterricht ab der Grundschule vor Gericht einfordern und Recht bekommen. Agnostiker und Atheisten werden ihre eigene &#8222;Humanismuskunde&#8220; gerichtlich durchsetzen.<\/p>\n<p>Unsere Gesellschaft ist im Wandel begriffen &#8211; auch bez\u00fcglich der Konfessionen. Zum Erhalt des Religionsfriedens gen\u00fcgt es nicht, sich an historische Konkordate zu klammern. Zudem haben Demografie und Industriestruktur Deutschland l\u00e4ngst zu einem Einwanderungsland gemacht, das auf Jahre hinaus dringend Migranten anwerben mu\u00df, die nun mal kaum evangelisch oder katholisch sind. Deren Integration gelingt eher in einem laiizistischen Staat, der das Aus\u00fcben der jeweiligen relig\u00f6sen \u00dcberzeugung garantiert, aber zur Privatsache des einzelnen Neub\u00fcrgers wie B\u00fcrgers \u00a0macht.<\/p>\n<p>Papst Franziskus k\u00e4mpft unerm\u00fcdlich gegen Kl\u00fcngel, Prunk, Undurchsichtigkeit in seiner Kirche. So hat er bei seiner Weihnachtsbotschaft 2014 an Kardin\u00e4le, Bisch\u00f6fe und Priester in 15 Kritikpunkten gravierende M\u00e4ngel aufgez\u00e4hlt und diese sehr anschaulich mit Krankheiten gleichgesetzt &#8211; darunter das Streben nach weltlichen Profiten: &#8222;Das ist die Krankheit jener, die uners\u00e4ttlich sind in ihren Versuchen, ihre Macht zu vervielfachen&#8220; und die Gier, immer mehr zu wollen: &#8222;Wenn ein J\u00fcnger versucht, eine existenzielle Leere in seinem Herz mit der Ansammlung materieller G\u00fcter zu f\u00fcllen, nicht weil er sie braucht, sondern weil er sich dadurch sicherer f\u00fchlt.&#8220;<br \/>\nVielleicht \u00fcberlegt sich Kardinal Marx in M\u00fcnchen mal, wie der Papst Franziskus handeln w\u00fcrde, wenn er Kardinal zu M\u00fcnchen und Freising w\u00e4re? Ganz sicher w\u00fcrde Franziskus die o.a.sensationelle Meldung verk\u00fcnden und Deutschland in Zukunft viele Neid und Auseinandersetzungen\u00a0zwischen\u00a0den Konfessionen und religi\u00f6sen Ausrichtungen ersparen.<br \/>\n15.1.2015<\/p>\n<p>&nbsp;<\/p>\n<p><strong>Mehr Laizismus wagen &#8211; alle Religionen gleichstellen<\/strong><br \/>\nEin weiteres Mittel, um den Weihnachtslieder singenden Verteidigern des Abendlandes und den K\u00e4mpfern f\u00fcr islamische Feiertage, islamischen Religionsunterricht und geschlechtergetrennten Sportunterricht gleicherma\u00dfen den Wind aus den Segeln zu nehmen: die strikte Verbannung jedweder Religion ins Privatleben und die \u00fcberf\u00e4llige Etablierung eines rigorosen Laizismus, der alle Glaubensgemeinschaften in Deutschland gleichstellt. Und zwar indem er Katholiken, Protestanten und Muslimen gleicherma\u00dfen jede finanzielle Zuwendung von Seiten des Staates, jede \u00dcbernahme staatlicher Aufgaben sowie s\u00e4mtliche rechtlichen Sonderstellungen verweigert. &#8230;. Die anachronistischen Vorrechte der Christen nun Jahr um Jahr mit immer mehr muslimischer Gleichstellung aufzuwiegen, folgt einer vollkommen unzeitgem\u00e4\u00dfen Logik zwangsl\u00e4ufiger Sakralisierung.&#8220; &#8230;<br \/>\nAlles von Simon Urban vom 19.1.2015 bitte lesen auf<br \/>\n<a href=\"https:\/\/www.zeit.de\/gesellschaft\/zeitgeschehen\/2015-01\/laizismus-pegida-religioese-gleichberechtigung\"><span lang=\"\">https:\/\/www.zeit.de\/gesellschaft\/zeitgeschehen\/2015-01\/laizismus-pegida-religioese-gleichberechtigung<\/span><\/a><\/p>\n<p>FLORIDA \u2013 fremdenfreundliche Laizisten organisieren die Intensivs\u00e4kularisierung des Abendlandes.<\/p>\n<p>&nbsp;<\/p>\n<p>&nbsp;<\/p>\n<p>&nbsp;<\/p>\n","protected":false},"excerpt":{"rendered":"<p>Der M\u00fcnchener Kardinal Marx hat sich die Forderung von Papst Franziskus zu Demut, Bescheidenheit und Neuordnung in der Kirche zu eigen gemacht und erkl\u00e4rt: &#8222;Die katholische Kirche setzt sich daf\u00fcr ein, in Deutschland die strikte Trennung von Staat und Kirche &hellip; <a href=\"https:\/\/www.freiburg-schwarzwald.de\/blog\/trennung-von-kirche-und-staat\/\">Weiterlesen <span class=\"meta-nav\">&rarr;<\/span><\/a><\/p>\n","protected":false},"author":2,"featured_media":0,"comment_status":"open","ping_status":"closed","sticky":false,"template":"","format":"standard","meta":{"footnotes":""},"categories":[89,19],"tags":[730,731,421,503,631],"class_list":["post-52745","post","type-post","status-publish","format-standard","hentry","category-kirchen","category-religion","tag-caritas","tag-diakonie","tag-islam","tag-church","tag-staat"],"_links":{"self":[{"href":"https:\/\/www.freiburg-schwarzwald.de\/blog\/wp-json\/wp\/v2\/posts\/52745","targetHints":{"allow":["GET"]}}],"collection":[{"href":"https:\/\/www.freiburg-schwarzwald.de\/blog\/wp-json\/wp\/v2\/posts"}],"about":[{"href":"https:\/\/www.freiburg-schwarzwald.de\/blog\/wp-json\/wp\/v2\/types\/post"}],"author":[{"embeddable":true,"href":"https:\/\/www.freiburg-schwarzwald.de\/blog\/wp-json\/wp\/v2\/users\/2"}],"replies":[{"embeddable":true,"href":"https:\/\/www.freiburg-schwarzwald.de\/blog\/wp-json\/wp\/v2\/comments?post=52745"}],"version-history":[{"count":0,"href":"https:\/\/www.freiburg-schwarzwald.de\/blog\/wp-json\/wp\/v2\/posts\/52745\/revisions"}],"wp:attachment":[{"href":"https:\/\/www.freiburg-schwarzwald.de\/blog\/wp-json\/wp\/v2\/media?parent=52745"}],"wp:term":[{"taxonomy":"category","embeddable":true,"href":"https:\/\/www.freiburg-schwarzwald.de\/blog\/wp-json\/wp\/v2\/categories?post=52745"},{"taxonomy":"post_tag","embeddable":true,"href":"https:\/\/www.freiburg-schwarzwald.de\/blog\/wp-json\/wp\/v2\/tags?post=52745"}],"curies":[{"name":"wp","href":"https:\/\/api.w.org\/{rel}","templated":true}]}}