{"id":52739,"date":"2015-01-15T12:14:49","date_gmt":"2015-01-15T11:14:49","guid":{"rendered":"https:\/\/www.freiburg-schwarzwald.de\/blog\/?p=52739"},"modified":"2015-01-15T12:14:49","modified_gmt":"2015-01-15T11:14:49","slug":"jerusalem-westbanks-dr-gugel","status":"publish","type":"post","link":"https:\/\/www.freiburg-schwarzwald.de\/blog\/jerusalem-westbanks-dr-gugel\/","title":{"rendered":"Jerusalem Westbanks Dr-Gugel"},"content":{"rendered":"<p>Leben im Ausnahmezustand. Eindr\u00fccke aus <a title=\"Jerusalem\" href=\"https:\/\/www.freiburg-schwarzwald.de\/blog\/religion\/jerusalem\/\">Jerusalem<\/a> und dem <a title=\"Palaestina\" href=\"https:\/\/www.freiburg-schwarzwald.de\/blog\/global\/israel\/palaestina\/\">pal\u00e4stinensischen<\/a> Westjordanland. Reisebericht von Dr. Michael Gugel am\u00a0 Mittwoch, 28.1.2015, 19.30 Uhr, Uni Freiburg, KG II, HS 2121, Eintritt 2,50. Der Konflikt zwischen <a title=\"Israel\" href=\"https:\/\/www.freiburg-schwarzwald.de\/blog\/global\/israel\/\">Israel<\/a>\u00a0und den Pal\u00e4stinensern ersch\u00fcttert die <a title=\"Global\" href=\"https:\/\/www.freiburg-schwarzwald.de\/blog\/global\/\">\u00d6ffentlichkeit<\/a>\u00a0 immer wieder aufs Neue \u2013 sei es durch die brutale H\u00e4rte, mit der er periodisch\u00a0ausgetragen wird, sei es durch die <a title=\"Jerusalem-Altstadt\" href=\"https:\/\/www.freiburg-schwarzwald.de\/blog\/global\/israel\/israel2013\/jerusalem-altstadt\/\">Aussichtslosigkeit<\/a> vielfacher <a title=\"Frieden\" href=\"https:\/\/www.freiburg-schwarzwald.de\/blog\/engagement\/zukunft\/frieden\/\">Friedensbem\u00fchungen<\/a>.<!--more--><br \/>\nDr. Michael Gugel berichtet \u00fcber seine Eindr\u00fccke aus k\u00fcrzlich unternommenen Reisen\u00a0 in die Region. Sein Anliegen ist es, Verst\u00e4ndnis f\u00fcr die tieferen Ursachen des Konflikts\u00a0 zu wecken und zugleich ein lebendiges Bild der aktuellen Situation zu geben.<br \/>\nDer Referent Dr. Michael Gugel hat Geschichte und Germanistik studiert und leitete von 1994 bis\u00a0 2005 das Berthold-Gymnasium in Freiburg. Aufgrund seiner langj\u00e4hrigen Besch\u00e4ftigung\u00a0 mit dem Nahostkonflikt f\u00fchrte er Ende der 1990er Jahre als Tagungsreferent\u00a0 Seminare in der Region durch. J\u00fcngst nahm er selbst an einem Seminar des\u00a0 \u201eAlternative Information Center\u201c in Beit Sahour, Pal\u00e4stina teil. Seine letzte Reise nach\u00a0 Israel\/Pal\u00e4stina unternahm er im November 2014 zusammen mit dem israelischen\u00a0Friedensaktivisten Reuven Moskovitz.<br \/>\n15.1.2015<\/p>\n","protected":false},"excerpt":{"rendered":"<p>Leben im Ausnahmezustand. Eindr\u00fccke aus Jerusalem und dem pal\u00e4stinensischen Westjordanland. Reisebericht von Dr. Michael Gugel am\u00a0 Mittwoch, 28.1.2015, 19.30 Uhr, Uni Freiburg, KG II, HS 2121, Eintritt 2,50. Der Konflikt zwischen Israel\u00a0und den Pal\u00e4stinensern ersch\u00fcttert die \u00d6ffentlichkeit\u00a0 immer wieder aufs &hellip; <a href=\"https:\/\/www.freiburg-schwarzwald.de\/blog\/jerusalem-westbanks-dr-gugel\/\">Weiterlesen <span class=\"meta-nav\">&rarr;<\/span><\/a><\/p>\n","protected":false},"author":2,"featured_media":0,"comment_status":"open","ping_status":"closed","sticky":false,"template":"","format":"standard","meta":{"footnotes":""},"categories":[36,14,19],"tags":[577,421,420,525],"class_list":["post-52739","post","type-post","status-publish","format-standard","hentry","category-engagement","category-global","category-religion","tag-hilfe-2","tag-islam","tag-juden","tag-politik"],"_links":{"self":[{"href":"https:\/\/www.freiburg-schwarzwald.de\/blog\/wp-json\/wp\/v2\/posts\/52739","targetHints":{"allow":["GET"]}}],"collection":[{"href":"https:\/\/www.freiburg-schwarzwald.de\/blog\/wp-json\/wp\/v2\/posts"}],"about":[{"href":"https:\/\/www.freiburg-schwarzwald.de\/blog\/wp-json\/wp\/v2\/types\/post"}],"author":[{"embeddable":true,"href":"https:\/\/www.freiburg-schwarzwald.de\/blog\/wp-json\/wp\/v2\/users\/2"}],"replies":[{"embeddable":true,"href":"https:\/\/www.freiburg-schwarzwald.de\/blog\/wp-json\/wp\/v2\/comments?post=52739"}],"version-history":[{"count":0,"href":"https:\/\/www.freiburg-schwarzwald.de\/blog\/wp-json\/wp\/v2\/posts\/52739\/revisions"}],"wp:attachment":[{"href":"https:\/\/www.freiburg-schwarzwald.de\/blog\/wp-json\/wp\/v2\/media?parent=52739"}],"wp:term":[{"taxonomy":"category","embeddable":true,"href":"https:\/\/www.freiburg-schwarzwald.de\/blog\/wp-json\/wp\/v2\/categories?post=52739"},{"taxonomy":"post_tag","embeddable":true,"href":"https:\/\/www.freiburg-schwarzwald.de\/blog\/wp-json\/wp\/v2\/tags?post=52739"}],"curies":[{"name":"wp","href":"https:\/\/api.w.org\/{rel}","templated":true}]}}