{"id":52703,"date":"2015-01-14T21:01:41","date_gmt":"2015-01-14T20:01:41","guid":{"rendered":"https:\/\/www.freiburg-schwarzwald.de\/blog\/?p=52703"},"modified":"2015-01-14T21:01:41","modified_gmt":"2015-01-14T20:01:41","slug":"kromer-ehrenbuerger-kirchzart","status":"publish","type":"post","link":"https:\/\/www.freiburg-schwarzwald.de\/blog\/kromer-ehrenbuerger-kirchzart\/","title":{"rendered":"Kromer Ehrenbuerger Kirchzart"},"content":{"rendered":"<p class=\"western\"><a title=\"Stadtpolitik\" href=\"https:\/\/www.freiburg-schwarzwald.de\/blog\/regio\/freiburg\/stadtpolitik\/\">Politik<\/a> aus Liebe zum Menschen betrieben.\u00a0Mit Franz Kromer ist ein bekennender <a title=\"Kirchzarten\" href=\"https:\/\/www.freiburg-schwarzwald.de\/blog\/regio\/orte\/kirchzarten\/\">Kirchzartener<\/a>, 1946 hier geboren und immer hier wohnhaft gewesen, am 20.12.14 zum Ehrenb\u00fcrger seiner <a title=\"Heimat\" href=\"https:\/\/www.freiburg-schwarzwald.de\/blog\/regio\/heimat\/\">Heimatgemeinde<\/a> ernannt worden. B\u00fcrgermeister Andreas Hall brachte bei seiner Laudatio w\u00e4hrend der w\u00fcrdigen Feierstunde in der Talvogtei mit G\u00e4sten aus Politik, Gesellschaft und Familien- und Freundeskreis das jahrzehntelange <a title=\"Soziales\" href=\"https:\/\/www.freiburg-schwarzwald.de\/blog\/selbsthilfe\/soziales\/\">Wirken<\/a> des 68j\u00e4hrigen Gemeinderates <!--more-->auf den Punkt, als er Konfuzius mit dem Satz \u201eEs ist besser, ein Licht anzuz\u00fcnden, als \u00fcber die Dunkelheit zu schimpfen\u201c so zitierte: \u201eHerr Kromer, Sie haben nicht nur ein Licht angez\u00fcndet, Sie haben mit Ihrem Tun die Gemeinde Kirchzarten hell erleuchtet.\u201c<\/p>\n<p class=\"western\">B\u00fcrgermeister Andreas Hall, der dem alemannischen Liedermacher Uli F\u00fchre f\u00fcr die musikalische Einf\u00fchrung und Begleitung durch den Abend dankte, erinnerte an den beruflichen Werdegang Franz Kromers als Notariatsbeamter. 2005 wurde er Pension\u00e4r. Eine beispiellose politische Karriere liege hinter Kromer, der 1971 in die SPD eintrat. Seit dem 16. Juni 1980 geh\u00f6rt er dem Kirchzartener Gemeinderat an, so lange wie bisher keiner \u2013 und seit 1995 war er bei jeder Wahl immer \u201eStimmenk\u00f6nig\u201c. Drei\u00dfig Jahre \u00fcbte er das Amt des stellvertretenden B\u00fcrgermeisters aus, ist seit 1986 SPD-Fraktionssprecher. In Gremien wie EWK-Aufsichtsrat, Dr. Gremmelsbacher-Hilfswerk oder Gemeindeverwaltungsverband Dreisamtal vertrat Kromer den Gemeinderat. Im SV Kirchzarten begleitete er nach einer langen aktiven Fu\u00dfballerzeit verschiedenste Vorstandsposten, verkaufte den bisher einzigen Kirchzartener an einen Bundesligisten. Bei den Contra-Br\u00fcdern lebte er die Fasnet aus und engagierte sich von Anfang an in der Integrationsarbeit des Hofgutes Himmelreich. 1998 bekam Franz Kromer die Goldene Ehrennadel der Gemeinde und 2010 die Goldene Ehrennadel des Gemeindetages Baden-W\u00fcrttemberg.<\/p>\n<p class=\"western\">\u201eGrundlage f\u00fcr Ihr Engagement\u201c, so Hall, \u201eist Ihr ehrliches und umfassendes Interesse am Wohlergehen all Ihrer Mitb\u00fcrger.\u201c Und zu Kromers Politikstil stellte der B\u00fcrgermeister fest: \u201eSachpolitik steht f\u00fcr Sie in beeindruckender Weise im Vordergrund. Sie wollen nicht das individuell Maximale erreichen, sondern einen Kompromiss finden, der ein maximales Miteinander erm\u00f6glicht.\u201c Eine Kraftquelle Kromers vermutet Hall darin, das \u201eEhrenamt froh macht\u201c, so wie Mutter Teresa gesagt habe: \u201eJe mehr du gibst, desto mehr empf\u00e4ngst du.\u201c Und bevor er Franz Kromer gemeinsam mit seinem Vorg\u00e4nger, Ehrenb\u00fcrger Georg-Wilhelm von Oppen, die Urkunde \u00fcberreichte, dankte Hall: \u201eIhr ehrenamtliches Engagement, Herr Kromer, ist Ausdruck einer Haltung. Sie sind Gestalter, nicht Konsument. Menschen wie Sie sind ein Geschenk f\u00fcr ihre Gemeinde.\u201c Es verstand sich von selbst, dass Hall auch Kromers Ehefrau Inge mit einem gro\u00dfen Blumenstrau\u00df f\u00fcr die Unterst\u00fctzung dankte.<\/p>\n<p class=\"western\">Altb\u00fcrgermeister Georg-Wilhelm von Oppen gratulierte Kromer herzlich und dankte f\u00fcr \u201e24 Jahre, die wir gut mit gegenseitiger Hochachtung zusammengearbeitet haben\u201c. Er erinnerte an Kromers Onkel Albert Kromer, ebenfalls Kirchzartener Ehrenb\u00fcrger und ein politisches Vorbild f\u00fcr den Neffen. Die Bundestagsabgeordnete und Parlamentarische Staatssekret\u00e4r Rita Schwarzel\u00fchr-Sutter erinnerte daran, dass Franz Kromer von Altbundeskanzler Willy Brandt zur Politik motiviert worden sei. \u201eAls Sozialdemokrat hast du immer Flagge gezeigt\u201c, dankte die Abgeordnete, \u201eund Politik ist f\u00fcr dich die Liebe zum Menschen.\u201c Die Wertsch\u00e4tzung des Gemeinderates sprach Walter Rombach aus. Er dankte Kromer f\u00fcr eine partei\u00fcbergreifende Politik und seine enorme N\u00e4he zu und Verbundenheit mit den Menschen. Peter Meybrunn als Sprecher der SPD-Gemeinder\u00e4te dr\u00fcckte mit einem Alltagsbeispiel die Realit\u00e4tsn\u00e4he von Kromer aus: \u201eEin Nachbar ruft bei Franz Kromer an und sagt, der Gully vorm Haus sei verstopft. Wen m\u00fcsse er jetzt bei der Gemeinde anrufen? Kromer habe geantwortet: Holen Sie einen Eimer, ich bringe die Schaufel mit und dann bringen wir das gemeinsam in Ordnung.\u201c<\/p>\n<p class=\"western\">Und f\u00fcr den Freundeskreis von Franz Kromer sprach der ehemalige B\u00fcrgermeister von Hinterzarten und alter Kirchzartener Hansj\u00f6rg Eckert \u201eGl\u00fcckwunsch, Kompliment und Hochachtung vor deiner Leistung\u201c aus. Kromer habe viel Kraft aus dem Glauben geholt. F\u00fcr seinen regelm\u00e4\u00dfigen Samstagsgottesdienstbesuch am Giersberg ernannte Eckert seinen Freund Franz zum \u201ePfarradministrator am Giersberg\u201c. Franz Kromer bekannte am Ende, dass dies ein \u201esehr emotionaler Moment\u201c in seinem Leben sei: \u201eDie Auszeichnung bedeutet mir sehr viel.\u201c Er sei stolz, dass es in Kirchzarten Menschen gebe, die die Ansammlung von H\u00e4usern und Stra\u00dfen zu einem lebenswerten Gemeinwesen machten. Und er rief \u201emeckernde Zuschauer am Rande\u201c auf: \u201eMacht endlich mit.\u201c Er sei stolz, dass er an vielen gelungenen Werken seines Heimatortes mitgewirkt habe. Der B\u00fcrgerstiftung \u00fcberreichte er einen Scheck \u00fcber 500 Euro. Bevor der hervorragende Service vom Hotel Sonne die G\u00e4ste weiter verw\u00f6hnte, dankten die G\u00e4ste ihrem Ehrenb\u00fcrger mit langen \u201eStanding Ovations\u201c.<\/p>\n<p class=\"western\"><a href=\"https:\/\/www.freiburg-schwarzwald.de\/blog\/kromer-ehrenbuerger-kirchzart\/kirchzarten-kromer1501\/\" rel=\"attachment wp-att-52704\"><img loading=\"lazy\" decoding=\"async\" class=\"alignnone size-thumbnail wp-image-52704\" src=\"https:\/\/www.freiburg-schwarzwald.de\/blog\/wp-content\/uploads\/2015\/01\/kirchzarten-kromer1501-180x68.jpg\" alt=\"kirchzarten-kromer1501\" width=\"180\" height=\"68\" srcset=\"https:\/\/www.freiburg-schwarzwald.de\/blog\/wp-content\/uploads\/2015\/01\/kirchzarten-kromer1501-180x68.jpg 180w, https:\/\/www.freiburg-schwarzwald.de\/blog\/wp-content\/uploads\/2015\/01\/kirchzarten-kromer1501.jpg 640w\" sizes=\"auto, (max-width: 180px) 100vw, 180px\" \/><\/a><\/p>\n<p class=\"western\">Franz Kromer (2.v.l.) bekam von B\u00fcrgermeister Andreas Hall und seinem Vorg\u00e4nger Georg-Wilhelm von Oppen die Urkunde zur Ehrenb\u00fcrgerschaft. \u2013 Blumen gab\u2019s f\u00fcr Inge Kromer. \u2013 Rita Schwarzel\u00fchr-Sutter (2.v.r.), SPD-MdB und Staatssekret\u00e4rin, freute sich mit ihrem Parteifreund Franz Kromer \u00fcber die hohe Ehrung.<\/p>\n<p class=\"western\">14.1.2015, Gerhard L\u00fcck, Dreisamt\u00e4ler<\/p>\n","protected":false},"excerpt":{"rendered":"<p>Politik aus Liebe zum Menschen betrieben.\u00a0Mit Franz Kromer ist ein bekennender Kirchzartener, 1946 hier geboren und immer hier wohnhaft gewesen, am 20.12.14 zum Ehrenb\u00fcrger seiner Heimatgemeinde ernannt worden. B\u00fcrgermeister Andreas Hall brachte bei seiner Laudatio w\u00e4hrend der w\u00fcrdigen Feierstunde in &hellip; <a href=\"https:\/\/www.freiburg-schwarzwald.de\/blog\/kromer-ehrenbuerger-kirchzart\/\">Weiterlesen <span class=\"meta-nav\">&rarr;<\/span><\/a><\/p>\n","protected":false},"author":2,"featured_media":0,"comment_status":"open","ping_status":"closed","sticky":false,"template":"","format":"standard","meta":{"footnotes":""},"categories":[54,36],"tags":[717,724,484,289],"class_list":["post-52703","post","type-post","status-publish","format-standard","hentry","category-ehrenamt","category-engagement","tag-ehrenamt","tag-heimat","tag-kommune","tag-preis"],"_links":{"self":[{"href":"https:\/\/www.freiburg-schwarzwald.de\/blog\/wp-json\/wp\/v2\/posts\/52703","targetHints":{"allow":["GET"]}}],"collection":[{"href":"https:\/\/www.freiburg-schwarzwald.de\/blog\/wp-json\/wp\/v2\/posts"}],"about":[{"href":"https:\/\/www.freiburg-schwarzwald.de\/blog\/wp-json\/wp\/v2\/types\/post"}],"author":[{"embeddable":true,"href":"https:\/\/www.freiburg-schwarzwald.de\/blog\/wp-json\/wp\/v2\/users\/2"}],"replies":[{"embeddable":true,"href":"https:\/\/www.freiburg-schwarzwald.de\/blog\/wp-json\/wp\/v2\/comments?post=52703"}],"version-history":[{"count":0,"href":"https:\/\/www.freiburg-schwarzwald.de\/blog\/wp-json\/wp\/v2\/posts\/52703\/revisions"}],"wp:attachment":[{"href":"https:\/\/www.freiburg-schwarzwald.de\/blog\/wp-json\/wp\/v2\/media?parent=52703"}],"wp:term":[{"taxonomy":"category","embeddable":true,"href":"https:\/\/www.freiburg-schwarzwald.de\/blog\/wp-json\/wp\/v2\/categories?post=52703"},{"taxonomy":"post_tag","embeddable":true,"href":"https:\/\/www.freiburg-schwarzwald.de\/blog\/wp-json\/wp\/v2\/tags?post=52703"}],"curies":[{"name":"wp","href":"https:\/\/api.w.org\/{rel}","templated":true}]}}