{"id":52114,"date":"2014-12-19T11:29:55","date_gmt":"2014-12-19T10:29:55","guid":{"rendered":"https:\/\/www.freiburg-schwarzwald.de\/blog\/?p=52114"},"modified":"2014-12-19T11:45:44","modified_gmt":"2014-12-19T10:45:44","slug":"freiwillig-engagiert-in-freiburg","status":"publish","type":"post","link":"https:\/\/www.freiburg-schwarzwald.de\/blog\/freiwillig-engagiert-in-freiburg\/","title":{"rendered":"Freiwillig engagiert in Freiburg"},"content":{"rendered":"<p>Allj\u00e4hrlich zum Tag des <a title=\"Ehrenamt\" href=\"https:\/\/www.freiburg-schwarzwald.de\/blog\/engagement\/ehrenamt\/\">Ehrenamts<\/a> am 5. Dezember zeichnet die Stadt Freiburg <a title=\"Freiwillig\" href=\"https:\/\/www.freiburg-schwarzwald.de\/blog\/engagement\/freiwillig\/\">freiwillig<\/a> Engagierte aus &#8211; heuer am 14.12.2014. Alle 40 Ehrenamtlerinnen und Ehrenamtler wurden in der Ganter-Brauerei geehrt. Zudem wurden je drei Einzelpersonen und Projekte besonders ausgezeichnet &#8211; die H\u00f6he der Preisgelder soll geheim bleiben.<!--more--><br \/>\n<strong><span class=\"ngBold\"><br \/>\nDrei Einzelpersonen:<\/span><\/strong><\/p>\n<p>G\u00fcnter Rosalowsky (58, Malermeister), AWO.<br \/>\nDie AWO-Kita Huckepack in FR-Z\u00e4hringen erhielten einen Brunnen mitsamt Bachlauf. G\u00fcnter Rosalowsky, Inhaber einer Malerbetriebes, organisierte Material, Geld und Handwerker, um den Brunnen f\u00fcr die Kinder mit k\u00f6rperlichen und Mehrfachbehinderungen zu bauen. Und f\u00fcr die Kita Fidibus in Haslach realisierte\u00a0er Ausfl\u00fcge, Essenspatenschaften und sogar einen Schwimmkurs.<\/p>\n<p>Ursula Jaisle (81, Psychologin), <a title=\"Freiburger Pflegebegleiter suchen Verst\u00e4rkung und bieten Kurs an\" href=\"https:\/\/www.freiburg-schwarzwald.de\/blog\/freiburger-pflegebegleiter-suchen-verstarkung-und-bieten-kurs-an\/\">Heinrich-Hansjakob-Haus<\/a>.<br \/>\nSenioren im Heinrich-Hansjakob-Haus psychologisch betreuen, beraten und f\u00fcr die alten Menschen &#8222;einfach da sein&#8220;.<\/p>\n<p>Herbert Joos (75), aktiv seit 56 Jahren in vielen Funktionen im Eisenbahner-Sportverein.<\/p>\n<p>&nbsp;<\/p>\n<p><strong><span class=\"ngBold\">Drei Projekte:<\/span><\/strong><\/p>\n<p>Altenheim-AG der Lessing-Realschule.<br \/>\nDie AG wurde von der jetzt pensionierten Lehrerin Hiltrud Meyer initiiert. Sarah Kramer (17) besuchte als Realsch\u00fclerin regelm\u00e4\u00dfig die Senioren im Heiliggeiststift.<\/p>\n<p>Initiative <a title=\"Stolpersteine\" href=\"https:\/\/www.freiburg-schwarzwald.de\/blog\/religion\/juden\/stolpersteine\/\">Stolpersteine<\/a>.<br \/>\nDurch die Freiburger Gruppe um Marlis Meckel, Peter K\u00fcnzel und Silvia B\u00f6hm-Steinert wurden seit 2002 insgesamt 370 Stolpersteine im Freiburger Stadtgebiet verlegt, zur Erinnerung an die in der Nazi-Zeit Verfolgten und Ermordeten.<\/p>\n<p>Haslacher Mittagstisch der katholischen St.Michael-Gemeinde, der evangelischen Melanchthongemeinde und des Nachbarschaftswerks: Acht Frauen verteilen Essen f\u00fcr Menschen mit wenig Geld.<\/p>\n<p><strong><span class=\"ngBold\">Wilhelm-Oberle-Sozialpreis:<br \/>\n<\/span><\/strong>&#8222;Club 55&#8220; der Freiburger Hilfsgemeinschaft f\u00fcr psychisch Kranke.<\/p>\n<p><span class=\"ngBold\"><strong>AOK-Preis Pr\u00e4ventiv-Engagement:<\/strong><br \/>\n<\/span>Peerberater von <a title=\"AGJ-Freiburg\" href=\"https:\/\/www.freiburg-schwarzwald.de\/blog\/selbsthilfe\/sucht\/agj-freiburg\/\">&#8222;U25&#8220;<\/a> beim Arbeitskreis Leben f\u00fcr Suizidgef\u00e4hrdete.<span class=\"Apple-converted-space\"><span style=\"font-family: Verdana;\">\u00a0<\/span><\/span><\/p>\n","protected":false},"excerpt":{"rendered":"<p>Allj\u00e4hrlich zum Tag des Ehrenamts am 5. Dezember zeichnet die Stadt Freiburg freiwillig Engagierte aus &#8211; heuer am 14.12.2014. Alle 40 Ehrenamtlerinnen und Ehrenamtler wurden in der Ganter-Brauerei geehrt. Zudem wurden je drei Einzelpersonen und Projekte besonders ausgezeichnet &#8211; die &hellip; <a href=\"https:\/\/www.freiburg-schwarzwald.de\/blog\/freiwillig-engagiert-in-freiburg\/\">Weiterlesen <span class=\"meta-nav\">&rarr;<\/span><\/a><\/p>\n","protected":false},"author":2,"featured_media":0,"comment_status":"open","ping_status":"closed","sticky":false,"template":"","format":"standard","meta":{"footnotes":""},"categories":[56,36,61,93],"tags":[35,717,721,289],"class_list":["post-52114","post","type-post","status-publish","format-standard","hentry","category-behinderung","category-engagement","category-kinder","category-kindergarten","tag-barrierefrei","tag-ehrenamt","tag-kindergarten","tag-preis"],"_links":{"self":[{"href":"https:\/\/www.freiburg-schwarzwald.de\/blog\/wp-json\/wp\/v2\/posts\/52114","targetHints":{"allow":["GET"]}}],"collection":[{"href":"https:\/\/www.freiburg-schwarzwald.de\/blog\/wp-json\/wp\/v2\/posts"}],"about":[{"href":"https:\/\/www.freiburg-schwarzwald.de\/blog\/wp-json\/wp\/v2\/types\/post"}],"author":[{"embeddable":true,"href":"https:\/\/www.freiburg-schwarzwald.de\/blog\/wp-json\/wp\/v2\/users\/2"}],"replies":[{"embeddable":true,"href":"https:\/\/www.freiburg-schwarzwald.de\/blog\/wp-json\/wp\/v2\/comments?post=52114"}],"version-history":[{"count":0,"href":"https:\/\/www.freiburg-schwarzwald.de\/blog\/wp-json\/wp\/v2\/posts\/52114\/revisions"}],"wp:attachment":[{"href":"https:\/\/www.freiburg-schwarzwald.de\/blog\/wp-json\/wp\/v2\/media?parent=52114"}],"wp:term":[{"taxonomy":"category","embeddable":true,"href":"https:\/\/www.freiburg-schwarzwald.de\/blog\/wp-json\/wp\/v2\/categories?post=52114"},{"taxonomy":"post_tag","embeddable":true,"href":"https:\/\/www.freiburg-schwarzwald.de\/blog\/wp-json\/wp\/v2\/tags?post=52114"}],"curies":[{"name":"wp","href":"https:\/\/api.w.org\/{rel}","templated":true}]}}