{"id":52072,"date":"2014-12-14T16:43:01","date_gmt":"2014-12-14T15:43:01","guid":{"rendered":"https:\/\/www.freiburg-schwarzwald.de\/blog\/?p=52072"},"modified":"2014-12-14T16:43:01","modified_gmt":"2014-12-14T15:43:01","slug":"grenzenlos-festival-2015-swr","status":"publish","type":"post","link":"https:\/\/www.freiburg-schwarzwald.de\/blog\/grenzenlos-festival-2015-swr\/","title":{"rendered":"grenzenlos festival 2015 &#8211; SWR"},"content":{"rendered":"<p>Viel <a title=\"Kultur\" href=\"https:\/\/www.freiburg-schwarzwald.de\/blog\/kultur\/\">Kultur<\/a> im <a title=\"Oberwiehre\" href=\"https:\/\/www.freiburg-schwarzwald.de\/blog\/regio\/freiburg\/oberwiehre\/\">Freiburger Osten<\/a>: \u201egrenzenlos festival\u201c im <a title=\"Orchester\" href=\"https:\/\/www.freiburg-schwarzwald.de\/blog\/kultur\/musik\/orchester\/\">SWR<\/a>-Foyer,\u00a0erstmals nun auch im Pianohaus Lepthien (Altes Klavierdepot) und im <a title=\"Oberwiehre \u2013 Kultur Kunst Musik\" href=\"https:\/\/www.freiburg-schwarzwald.de\/blog\/oberwiehre-kultur-kunst-musik\/\">\u201eWaldsee<\/a>\u201c. \u201escharf, schr\u00e4g und schrill\u201c wird es vom 26.1. bis zum 7.2 2015 wieder an zehn Spielorten, davon drei im Freiburger Osten, zugehen, an denen das Programm \u00fcber die <a title=\"Theater\" href=\"https:\/\/www.freiburg-schwarzwald.de\/blog\/kultur\/theater\/\">B\u00fchne<\/a> geht. Kabarett, Comedy, <a title=\"Musik\" href=\"https:\/\/www.freiburg-schwarzwald.de\/blog\/kultur\/musik\/\">Musik<\/a>-Veranstaltungen garantieren wieder ein grenzenloses Vergn\u00fcgen, <!--more-->die in diesem Jahr von rund 2.500 Kabarett-Fans besucht wurden. Die K\u00fcnstler kommen aus f\u00fcnf L\u00e4ndern &#8211; und wenn man Bayern extra z\u00e4hlt &#8211; sind es sogar sechs. Bekannt darunter nat\u00fcrlich Helmut Schleich mit seinem Typenkabarett (Franz-Josef Strau\u00df, etc.), aber auch z.B. Andreas Wellano, der im SWR Studio die Legende Karl May auf h\u00f6chst komische Art wieder aufleben l\u00e4\u00dft. Und im Kleinen Haus des Freiburger Theaters stellt Annamateur zusammen mit Kollegen ihre Version von Dirty Dancing vor: \u201eDreckiges Tanzen\u201c.<\/p>\n<p>Zwei Klassiker sind im aktuellen Programm nach einem Jahr Pause wieder vertreten: der Festivalausflug auf das Berghotel Schauinsland (Bergbahnfahrt inbegriffen) und der Abend im Bergkeller des \u201eSchwarzen Adler\u201c Oberbergen, wo diesmal Bestseller-Autorin Gaby Hauptmann zur Lesung bittet. Weitere Highlights: Eine bunte Truppe \u00f6sterreichischer K\u00fcnstler l\u00e4dt im Vorderhaus zum \u201eSchm\u00e4hstadl\u201c ein, wie auch das ganze Festival und die Kulturb\u00f6rse mit einem L\u00e4nderprogramm \u00d6sterreich vertreten sein wird.<br \/>\nUnd wer \u201aDiese Wunderbare Band\u2019 noch einmal erleben m\u00f6chte, der ist beim 9. Freiburger Heimatabend richtig, bei dem die Band ihr \u201aderriere\u2019 gibt.<br \/>\nKreativ, witzig und spannend wird es wieder zugehen, versprechen die Veranstalter: das Vorderhaus \u2013 Kultur in der FABRIK e.V., das SWR-Studio Freiburg und KoKo&amp;DTK Entertainment. Die drei Partner organisieren das Festival gemeinsam mit der Freiburg Wirtschaft Touristik und Messe GmbH FWTM.<\/p>\n<p>Programm und Infos gibt es im Internet: <a href=\"https:\/\/www.freiburg-grenzenlos-festival.de\/\">www.freiburg-grenzenlos-festival.de<\/a> sowie den Flyer bei den \u00fcblichen Auslagestellen.<br \/>\n14.12.2014, Hans Homlicher<\/p>\n","protected":false},"excerpt":{"rendered":"<p>Viel Kultur im Freiburger Osten: \u201egrenzenlos festival\u201c im SWR-Foyer,\u00a0erstmals nun auch im Pianohaus Lepthien (Altes Klavierdepot) und im \u201eWaldsee\u201c. \u201escharf, schr\u00e4g und schrill\u201c wird es vom 26.1. bis zum 7.2 2015 wieder an zehn Spielorten, davon drei im Freiburger Osten, &hellip; <a href=\"https:\/\/www.freiburg-schwarzwald.de\/blog\/grenzenlos-festival-2015-swr\/\">Weiterlesen <span class=\"meta-nav\">&rarr;<\/span><\/a><\/p>\n","protected":false},"author":2,"featured_media":0,"comment_status":"open","ping_status":"closed","sticky":false,"template":"","format":"standard","meta":{"footnotes":""},"categories":[49,13],"tags":[301,518,443,733],"class_list":["post-52072","post","type-post","status-publish","format-standard","hentry","category-freiburg","category-kultur","tag-culture","tag-music","tag-termin","tag-theater"],"_links":{"self":[{"href":"https:\/\/www.freiburg-schwarzwald.de\/blog\/wp-json\/wp\/v2\/posts\/52072","targetHints":{"allow":["GET"]}}],"collection":[{"href":"https:\/\/www.freiburg-schwarzwald.de\/blog\/wp-json\/wp\/v2\/posts"}],"about":[{"href":"https:\/\/www.freiburg-schwarzwald.de\/blog\/wp-json\/wp\/v2\/types\/post"}],"author":[{"embeddable":true,"href":"https:\/\/www.freiburg-schwarzwald.de\/blog\/wp-json\/wp\/v2\/users\/2"}],"replies":[{"embeddable":true,"href":"https:\/\/www.freiburg-schwarzwald.de\/blog\/wp-json\/wp\/v2\/comments?post=52072"}],"version-history":[{"count":0,"href":"https:\/\/www.freiburg-schwarzwald.de\/blog\/wp-json\/wp\/v2\/posts\/52072\/revisions"}],"wp:attachment":[{"href":"https:\/\/www.freiburg-schwarzwald.de\/blog\/wp-json\/wp\/v2\/media?parent=52072"}],"wp:term":[{"taxonomy":"category","embeddable":true,"href":"https:\/\/www.freiburg-schwarzwald.de\/blog\/wp-json\/wp\/v2\/categories?post=52072"},{"taxonomy":"post_tag","embeddable":true,"href":"https:\/\/www.freiburg-schwarzwald.de\/blog\/wp-json\/wp\/v2\/tags?post=52072"}],"curies":[{"name":"wp","href":"https:\/\/api.w.org\/{rel}","templated":true}]}}