{"id":52028,"date":"2014-12-11T09:53:10","date_gmt":"2014-12-11T08:53:10","guid":{"rendered":"https:\/\/www.freiburg-schwarzwald.de\/blog\/?p=52028"},"modified":"2014-12-11T17:17:22","modified_gmt":"2014-12-11T16:17:22","slug":"ralph-giordano-tot-demokrat","status":"publish","type":"post","link":"https:\/\/www.freiburg-schwarzwald.de\/blog\/ralph-giordano-tot-demokrat\/","title":{"rendered":"Ralph Giordano tot &#8211; Demokrat"},"content":{"rendered":"<p>Der deutsch-j\u00fcdische <a title=\"Literatur\" href=\"https:\/\/www.freiburg-schwarzwald.de\/blog\/kultur\/dichter\/literatur\/\">Schriftsteller<\/a> Ralph Giordano ist am 10.12.2014 im Alter von 91 Jahren in K\u00f6ln verstorben. Er \u00fcberlebte den NS-Unrechtsstaat in Hamburg &#8211; wie durch ein Wunder blieben er und seine Familie mehrere Monate hinweg in einem Kellerversteck unentdeckt. Er geh\u00f6rte zu den wenigen <a title=\"Juden\" href=\"https:\/\/www.freiburg-schwarzwald.de\/blog\/religion\/juden\/\">Juden<\/a>, die nicht nach <a title=\"Israelis\" href=\"https:\/\/www.freiburg-schwarzwald.de\/blog\/global\/israel\/israel2013\/israelis\/\">Israel<\/a> auswanderten, sondern blieb zeitlebens in Deutschland als <a title=\"Frieden\" href=\"https:\/\/www.freiburg-schwarzwald.de\/blog\/engagement\/zukunft\/frieden\/\">Mahner<\/a> gegen Rassismus<!--more--> und Antisemitismus, als K\u00e4mpfer f\u00fcr <a title=\"Demokratie\" href=\"https:\/\/www.freiburg-schwarzwald.de\/blog\/engagement\/zukunft\/demokratie\/\">Demokratie<\/a> und Humanismus.<\/p>\n<p><strong>Ralph Giordano ist tot &#8211; ein hoch empfindsamer Demokrat<\/strong><br \/>\n&#8222;Die Quelle meiner Arbeit ist Emp\u00f6rung&#8220;, so res\u00fcmierte Ralph Giordano sein Leben anl\u00e4sslich seines 90. Geburtstags im Fr\u00fchjahr 2013. Gepaart war diese Emp\u00f6rung mit den pers\u00f6nlichen Erfahrungen des am 20. M\u00e4rz 1923 in Hamburg Geborenen, der die totalit\u00e4ren Systeme des 20. Jahrhunderts am eigenen Leib er- und \u00fcberlebt hatte. &#8230;. In den letzen Jahren geh\u00f6rte Giordano zu den entschiedensten Islam-Kritikern. Er engagierte sich gegen den Bau der Gro\u00dfen Moschee in K\u00f6ln Ehrenfeld und \u00fcberwarf sich deshalb mit vielen Freunden. Seine Forderung: &#8222;Der Islam ist uns den Beweis schuldig, ob er mit der Demokratie vereinbar ist!&#8220; &#8230;.<br \/>\nAlles vom 10.12.2014 bitte lesen auf<br \/>\n<a href=\"https:\/\/www.spiegel.de\/kultur\/literatur\/ralph-giordano-ist-tot-ein-hoch-empfindsamer-demokrat-a-1007760.html\"><span lang=\"\">https:\/\/www.spiegel.de\/kultur\/literatur\/ralph-giordano-ist-tot-ein-hoch-empfindsamer-demokrat-a-1007760.html<\/span><\/a><\/p>\n<p>&nbsp;<\/p>\n<p>&nbsp;<\/p>\n<p>&nbsp;<\/p>\n<p><strong>Ralph Giordano: Nicht die Moschee, der Islam ist das Problem!<\/strong><br \/>\n&#8230; 40% der t\u00fcrkischen Jugendlichen sind, prim\u00e4r bedingt durch mangelnde Sprachkenntnisse, ohne Schulabschluss, also beruflich und sozial ausgegrenzt. Was hei\u00dft, dass die Sprachdefizite vor allem der M\u00fctter inzwischen in die dritte Generation der Kinder weitergegeben worden sind, ohne dass eine \u00c4nderung dieser Situation in Sicht ist. Zumal nach wie vor den weiblichen Mitgliedern eines religi\u00f6s dominierten Kulturkreises die Teilnahme am sozialen Leben der deutschsprachigen Mehrheit versagt bleibt. Erschreckenderweise deuten viele Anzeichen darauf bin, dass die dritte Generation islamischer denkt als ihre Eltern und Gro\u00dfeltern und dass ein Teil von ihnen anf\u00e4lliger ist f\u00fcr radikale Ideen als diese. Nicht dass es keine Beispiele gelungener Einordnung in die Mehrheitsgesellschaft g\u00e4be \u2013 es gibt sie. Nur \u2013 exemplarisch werden sie auch dadurch nicht, dass t\u00fcrkische Verb\u00e4nde immer wieder versuchen, die Ausnahme zur Norm zu erkl\u00e4ren.<br \/>\nDie erste, unbequeme und f\u00fcr beide Seiten schmerzhafte Wahrheit ist: Die Integration ist gescheitert! Und die \u201eParallelgesellschaften&#8220; sind der deprimierende Ausweis daf\u00fcr. Es sind t\u00fcrkische Kritikerinnen und Kritiker, die uns authentisch berichtet haben von einem Alltag der Unterdr\u00fcckung, der Abschottung, der Ausbeutung, der Zwangsehe und der Gefangenschaft muslimischer Frauen und M\u00e4dchen als Norm, bis hinein in die namenlose Perversit\u00e4t der so genannten \u201eEhrenmorde&#8220;.<br \/>\nWir m\u00fcssen lernen, die Dinge beim Namen zu nennen, sowohl was die deutschen Defizite im Verh\u00e4ltnis von Mehrheitsgesellschaft und muslimischer Minderheit betrifft, als auch die nicht hinnehmbaren Akte von t\u00fcrkischer Gewaltkultur, Nationalismus, Fundamentalismus und \u00f6ffentlichem Siegergebaren mit der Drohung demografischer Expansion. Der Stand der Dinge zwischen Mehrheitsgesellschaft und muslimischer Minderheit ist ungefestigt. &#8230;.<br \/>\n10.9.2007, Henryk M. Broder: &#8222;Ralph Giordano: Nicht die Moschee, der Islam ist das Problem!&#8220; <a href=\"https:\/\/www.achgut.com\/dadgdx\/index.php\/dadgd\/article\/ralph_giordano\/\"><span lang=\"\">https:\/\/www.achgut.com\/dadgdx\/index.php\/dadgd\/article\/ralph_giordano\/<\/span><\/a><\/p>\n","protected":false},"excerpt":{"rendered":"<p>Der deutsch-j\u00fcdische Schriftsteller Ralph Giordano ist am 10.12.2014 im Alter von 91 Jahren in K\u00f6ln verstorben. Er \u00fcberlebte den NS-Unrechtsstaat in Hamburg &#8211; wie durch ein Wunder blieben er und seine Familie mehrere Monate hinweg in einem Kellerversteck unentdeckt. Er &hellip; <a href=\"https:\/\/www.freiburg-schwarzwald.de\/blog\/ralph-giordano-tot-demokrat\/\">Weiterlesen <span class=\"meta-nav\">&rarr;<\/span><\/a><\/p>\n","protected":false},"author":2,"featured_media":0,"comment_status":"open","ping_status":"closed","sticky":false,"template":"","format":"standard","meta":{"footnotes":""},"categories":[18,99,96,98],"tags":[337,421,420,525],"class_list":["post-52028","post","type-post","status-publish","format-standard","hentry","category-bildung","category-buchhandel","category-dichter","category-literatur","tag-historie","tag-islam","tag-juden","tag-politik"],"_links":{"self":[{"href":"https:\/\/www.freiburg-schwarzwald.de\/blog\/wp-json\/wp\/v2\/posts\/52028","targetHints":{"allow":["GET"]}}],"collection":[{"href":"https:\/\/www.freiburg-schwarzwald.de\/blog\/wp-json\/wp\/v2\/posts"}],"about":[{"href":"https:\/\/www.freiburg-schwarzwald.de\/blog\/wp-json\/wp\/v2\/types\/post"}],"author":[{"embeddable":true,"href":"https:\/\/www.freiburg-schwarzwald.de\/blog\/wp-json\/wp\/v2\/users\/2"}],"replies":[{"embeddable":true,"href":"https:\/\/www.freiburg-schwarzwald.de\/blog\/wp-json\/wp\/v2\/comments?post=52028"}],"version-history":[{"count":0,"href":"https:\/\/www.freiburg-schwarzwald.de\/blog\/wp-json\/wp\/v2\/posts\/52028\/revisions"}],"wp:attachment":[{"href":"https:\/\/www.freiburg-schwarzwald.de\/blog\/wp-json\/wp\/v2\/media?parent=52028"}],"wp:term":[{"taxonomy":"category","embeddable":true,"href":"https:\/\/www.freiburg-schwarzwald.de\/blog\/wp-json\/wp\/v2\/categories?post=52028"},{"taxonomy":"post_tag","embeddable":true,"href":"https:\/\/www.freiburg-schwarzwald.de\/blog\/wp-json\/wp\/v2\/tags?post=52028"}],"curies":[{"name":"wp","href":"https:\/\/api.w.org\/{rel}","templated":true}]}}