{"id":52016,"date":"2014-12-10T19:42:22","date_gmt":"2014-12-10T18:42:22","guid":{"rendered":"https:\/\/www.freiburg-schwarzwald.de\/blog\/?p=52016"},"modified":"2014-12-10T21:04:21","modified_gmt":"2014-12-10T20:04:21","slug":"siko-buchenbach-mitarbeiter","status":"publish","type":"post","link":"https:\/\/www.freiburg-schwarzwald.de\/blog\/siko-buchenbach-mitarbeiter\/","title":{"rendered":"SIKO Buchenbach &#8211; Mitarbeiter"},"content":{"rendered":"<p class=\"western\">Am 19.11.2014 ehrte die Firma <a title=\"Industrie\" href=\"https:\/\/www.freiburg-schwarzwald.de\/blog\/business\/industrie\/\">SIKO<\/a> in <a title=\"Buchenbach\" href=\"https:\/\/www.freiburg-schwarzwald.de\/blog\/regio\/orte\/buchenbach\/\">Buchenbach<\/a> ihre langj\u00e4hrigen Mitarbeiter. 20 Mitarbeiter repr\u00e4sentierten \u00fcber 400 Jahre Betriebszugeh\u00f6rigkeit, wobei Charlotte Loyal und Lothar Engesser mit 35 Jahren Betriebszugeh\u00f6rigkeit zu den treuesten Mitarbeitern geh\u00f6ren. In einer Feierstunde w\u00fcrdigte Gesch\u00e4ftsf\u00fchrer Sven Wischnewski die Verdienste der treuen Mitarbeiter. Um 20, 25, 30 oder 35 Jahre einer Firma treu zu bleiben, <!--more-->m\u00fcssen einige Voraussetzungen erf\u00fcllt sein von den Arbeitnehmern aber auch vom Arbeitgeber. Neben Freude bei der Arbeit, Durchhalteverm\u00f6gen, Offenheit f\u00fcr Ver\u00e4nderungen geh\u00f6rt auch Anerkennung f\u00fcr die geleistete Arbeit dazu.<\/p>\n<p class=\"western\">Gesch\u00e4ftsf\u00fchrer Horst Wandres bedankte sich im Namen der Gesellschafter bei den Mitarbeitern. Die geringe Fluktuation der Belegschaft bei SIKO ist auch ein Teil des famili\u00e4ren Charakters, den die Firma SIKO auch nach \u00fcber 50 Jahren Firmengeschichte erhalten konnte. Die langj\u00e4hrige Firmentreue der Belegschaft zeigt, dass SIKO zu den begehrtesten Arbeitgebern im Dreisamtal geh\u00f6rt. Nach einem Sektempfang und Imbiss in der Werkskantine ging es nach Stuttgart zum Musical Chicago, was dann f\u00fcr alle ein sch\u00f6ner Abschluss f\u00fcr einen gelungenen Jubil\u00e4umstag war.<\/p>\n<p class=\"western\"><a href=\"https:\/\/www.freiburg-schwarzwald.de\/blog\/siko-buchenbach-mitarbeiter\/siko141207\/\" rel=\"attachment wp-att-52018\"><img loading=\"lazy\" decoding=\"async\" class=\"alignnone size-thumbnail wp-image-52018\" src=\"https:\/\/www.freiburg-schwarzwald.de\/blog\/wp-content\/uploads\/2014\/12\/siko141207-180x135.jpg\" alt=\"siko141207\" width=\"180\" height=\"135\" srcset=\"https:\/\/www.freiburg-schwarzwald.de\/blog\/wp-content\/uploads\/2014\/12\/siko141207-180x135.jpg 180w, https:\/\/www.freiburg-schwarzwald.de\/blog\/wp-content\/uploads\/2014\/12\/siko141207.jpg 640w\" sizes=\"auto, (max-width: 180px) 100vw, 180px\" \/><\/a><\/p>\n<p class=\"western\">v.l.: Barbara Frenkel, Lothar Engesser, Heidi Eble, Sven Wischnewski (Gesch\u00e4ftsf\u00fchrer), Tanja Schlegel, Hedwig Goldschmidt, Doris Schwemberger, Cornelia Grode, Frank Huber, Charlotte Loyal, Johann Rosar, Anita Senentz, Anja Wei\u00dfer, J\u00fcrgen Steiert, Dieter Faller, Irma Schweiz, Dietrich Huber, Horst Wandres (Gesch\u00e4ftsf\u00fchrer)<\/p>\n<p class=\"western\">10.12.2014, Dreisamt\u00e4ler<\/p>\n","protected":false},"excerpt":{"rendered":"<p>Am 19.11.2014 ehrte die Firma SIKO in Buchenbach ihre langj\u00e4hrigen Mitarbeiter. 20 Mitarbeiter repr\u00e4sentierten \u00fcber 400 Jahre Betriebszugeh\u00f6rigkeit, wobei Charlotte Loyal und Lothar Engesser mit 35 Jahren Betriebszugeh\u00f6rigkeit zu den treuesten Mitarbeitern geh\u00f6ren. In einer Feierstunde w\u00fcrdigte Gesch\u00e4ftsf\u00fchrer Sven Wischnewski &hellip; <a href=\"https:\/\/www.freiburg-schwarzwald.de\/blog\/siko-buchenbach-mitarbeiter\/\">Weiterlesen <span class=\"meta-nav\">&rarr;<\/span><\/a><\/p>\n","protected":false},"author":2,"featured_media":0,"comment_status":"open","ping_status":"closed","sticky":false,"template":"","format":"standard","meta":{"footnotes":""},"categories":[36,24],"tags":[382,713,426],"class_list":["post-52016","post","type-post","status-publish","format-standard","hentry","category-engagement","category-industrie","tag-arbeit-working","tag-industrie","tag-job"],"_links":{"self":[{"href":"https:\/\/www.freiburg-schwarzwald.de\/blog\/wp-json\/wp\/v2\/posts\/52016","targetHints":{"allow":["GET"]}}],"collection":[{"href":"https:\/\/www.freiburg-schwarzwald.de\/blog\/wp-json\/wp\/v2\/posts"}],"about":[{"href":"https:\/\/www.freiburg-schwarzwald.de\/blog\/wp-json\/wp\/v2\/types\/post"}],"author":[{"embeddable":true,"href":"https:\/\/www.freiburg-schwarzwald.de\/blog\/wp-json\/wp\/v2\/users\/2"}],"replies":[{"embeddable":true,"href":"https:\/\/www.freiburg-schwarzwald.de\/blog\/wp-json\/wp\/v2\/comments?post=52016"}],"version-history":[{"count":0,"href":"https:\/\/www.freiburg-schwarzwald.de\/blog\/wp-json\/wp\/v2\/posts\/52016\/revisions"}],"wp:attachment":[{"href":"https:\/\/www.freiburg-schwarzwald.de\/blog\/wp-json\/wp\/v2\/media?parent=52016"}],"wp:term":[{"taxonomy":"category","embeddable":true,"href":"https:\/\/www.freiburg-schwarzwald.de\/blog\/wp-json\/wp\/v2\/categories?post=52016"},{"taxonomy":"post_tag","embeddable":true,"href":"https:\/\/www.freiburg-schwarzwald.de\/blog\/wp-json\/wp\/v2\/tags?post=52016"}],"curies":[{"name":"wp","href":"https:\/\/api.w.org\/{rel}","templated":true}]}}