{"id":51999,"date":"2014-12-10T10:04:14","date_gmt":"2014-12-10T09:04:14","guid":{"rendered":"https:\/\/www.freiburg-schwarzwald.de\/blog\/?p=51999"},"modified":"2014-12-10T10:25:42","modified_gmt":"2014-12-10T09:25:42","slug":"weihnachtswunsch-aktion-bz","status":"publish","type":"post","link":"https:\/\/www.freiburg-schwarzwald.de\/blog\/weihnachtswunsch-aktion-bz\/","title":{"rendered":"Weihnachtswunsch &#8211; Aktion BZ"},"content":{"rendered":"<p>Die &#8222;<a title=\"BZ-Weihnachtsaktion 249032 \u20ac\" href=\"https:\/\/www.freiburg-schwarzwald.de\/blog\/bz-weihnachtsaktion-249032-e\/\">Aktion Weihnachtswunsch<\/a>&#8220; der <a title=\"BZ\" href=\"https:\/\/www.freiburg-schwarzwald.de\/blog\/kultur\/medien\/zeitung\/bz\/\">Badischen Zeitung BZ <\/a>erbrachte im vergangenen Winter 2013\/14 stolze\u00a0249.032 Euro.\u00a0Heuer waren es bis zum 10.12.2014\u00a0genau 85273,64 Euro. F\u00fcr die <a title=\"Spende\" href=\"https:\/\/www.freiburg-schwarzwald.de\/blog\/engagement\/spende\/\">spendable Hilfsbereitschaft<\/a>\u00a0der Freiburger\u00a0ist also noch Luft nach oben &#8211; zumal die <a title=\"Soziales\" href=\"https:\/\/www.freiburg-schwarzwald.de\/blog\/selbsthilfe\/soziales\/\">soziale\u00a0Not<\/a> auch angesichts von <a title=\"Armut\" href=\"https:\/\/www.freiburg-schwarzwald.de\/blog\/selbsthilfe\/soziales\/armut\/\">Armut<\/a>, <a title=\"Wohnen\" href=\"https:\/\/www.freiburg-schwarzwald.de\/blog\/business\/dienste\/immobilien\/wohnen\/\">Wohnungsknappheit<\/a>\u00a0und <a title=\"Fluechtlinge\" href=\"https:\/\/www.freiburg-schwarzwald.de\/blog\/global\/integration\/fluechtlinge\/\">Fl\u00fcchtlingen<\/a> in diesem Winter gegen\u00fcber den Vorjahren eher zugenommen hat. Spendenkonto unten.<!--more--><\/p>\n<p><span class=\"ngBold\">Im Winter 2014\/15 unterst\u00fctzt die BZ-Aktion Weihnachtwunsch u.a. folgende Projekte:<br \/>\n&#8211; F\u00f6rderverein Kleiderladen:<\/span><span class=\"Apple-converted-space\"><span style=\"font-family: Verdana;\">\u00a0<\/span><\/span>Winterausr\u00fcstung f\u00fcr wohnungslose Menschen.<br \/>\n<span class=\"ngBold\">&#8211; Caritasverband:<\/span><span class=\"Apple-converted-space\"><span style=\"font-family: Verdana;\">\u00a0<\/span><\/span>Waschmaschine f\u00fcr die <a title=\"Pflasterstub\" href=\"https:\/\/www.freiburg-schwarzwald.de\/blog\/selbsthilfe\/soziales\/obdachlos\/pflasterstub\/\">&#8222;Pflasterstub\u2019<\/a>&#8220; f\u00fcr Wohnungslose.<br \/>\n<span class=\"ngBold\">&#8211; <a title=\"UWC-Freiburg\" href=\"https:\/\/www.freiburg-schwarzwald.de\/blog\/bildung\/schulen\/uwc-freiburg\/\">United World College<\/a>:<\/span><span class=\"Apple-converted-space\"><span style=\"font-family: Verdana;\">\u00a0<\/span><\/span>Projekt von Sch\u00fclern f\u00fcr Arme: &#8222;Fruit up-cycling \u2013 Von der Frucht zu Marmelade.<br \/>\n<span class=\"ngBold\">&#8211; Aids-Hilfe:<\/span><span class=\"Apple-converted-space\"><span style=\"font-family: Verdana;\">\u00a0<\/span><\/span>Weihnachtsfeier f\u00fcr die &#8222;Positivgruppe&#8220; der Aids-Hilfe.<br \/>\n<span class=\"ngBold\">&#8211; Quartiersarbeit westlich der Merzhauser Stra\u00dfe:<\/span><span class=\"Apple-converted-space\"><span style=\"font-family: Verdana;\">\u00a0<\/span><\/span>Herd f\u00fcr den Mittagstisch der Bewohner.<br \/>\n<span class=\"ngBold\">&#8211; Diakonisches Werk:<\/span><span class=\"Apple-converted-space\"><span style=\"font-family: Verdana;\">\u00a0<\/span><\/span>M\u00f6bel f\u00fcr Wohnung f\u00fcr schwangere oder alleinerziehende Frauen.<br \/>\n&#8211;<span class=\"Apple-converted-space\"><span style=\"font-family: Verdana;\">\u00a0<\/span><\/span><span class=\"ngBold\">Deutscher Kinderschutzbund:<\/span><span class=\"Apple-converted-space\"><span style=\"font-family: Verdana;\">\u00a0<\/span><\/span>Ausstattung f\u00fcr das Spielzimmer f\u00fcr den &#8222;Begleiteten Umgang&#8220;.<br \/>\n<span class=\"ngBold\">&#8211; S\u00fcdwind Freiburg:<\/span><span class=\"Apple-converted-space\"><span style=\"font-family: Verdana;\">\u00a0<\/span><\/span>Ausstattung f\u00fcr kursbegleitende Kinderbetreuung.<br \/>\n<span class=\"ngBold\">&#8211; Diakonieverein Freiburg S\u00fcdwest:<\/span><span class=\"Apple-converted-space\"><span style=\"font-family: Verdana;\">\u00a0<\/span><\/span>Ausgabestelle f\u00fcr Sportkleidung im Nachbarschaftstreff f\u00fcr\u00a0Jugendliche.<br \/>\n<span class=\"ngBold\">&#8211; Vaubanaise WG Plus:<\/span><span class=\"Apple-converted-space\"><span style=\"font-family: Verdana;\">\u00a0<\/span><\/span>Budget f\u00fcr Ausfl\u00fcge und Ausstattung.<br \/>\n<span class=\"ngBold\">&#8211; Zentrum f\u00fcr Autismus-Kompetenz:<\/span><span class=\"Apple-converted-space\"><span style=\"font-family: Verdana;\">\u00a0<\/span><\/span>Umbau des Therapiezentrums.<br \/>\n<span class=\"ngBold\">&#8211; Freiburger Hilfsgemeinschaft:<\/span><span class=\"Apple-converted-space\"><span style=\"font-family: Verdana;\">\u00a0<\/span><\/span>Beleuchtung f\u00fcr den &#8222;Club 55&#8220;.<br \/>\n<span class=\"ngBold\">&#8211; &#8222;Vita movere&#8220;<\/span>: Kochkurs und Mittagessen.<br \/>\n<span class=\"ngBold\">&#8211; Institut f\u00fcr soziale Projekte, Stegen:<\/span><span class=\"Apple-converted-space\"><span style=\"font-family: Verdana;\">\u00a0<\/span><\/span>&#8222;Fahrradwerkstatt Recycle&#8220; f\u00fcr Menschen mit Autismus-Diagnose.<br \/>\n<span class=\"ngBold\">&#8211; Quartiersarbeit Weingarten-West:<\/span><span class=\"Apple-converted-space\"><span style=\"font-family: Verdana;\">\u00a0<\/span><\/span>Ausfl\u00fcge der 1:1-Seniorenbegleitung.<br \/>\n&#8211;<span class=\"Apple-converted-space\"><span style=\"font-family: Verdana;\">\u00a0<\/span><\/span><span class=\"ngBold\">Arbeiterwohlfahrt:<\/span><span class=\"Apple-converted-space\"><span style=\"font-family: Verdana;\">\u00a0<\/span><\/span>Sportger\u00e4te f\u00fcr die Seniorengymnastik.<span class=\"Apple-converted-space\"><span style=\"font-family: Verdana;\">\u00a0<\/span><\/span><\/p>\n<p>&nbsp;<\/p>\n<p><strong><span class=\"ngBold\">Spendenkonto der &#8222;Aktion Weihnachtswunsch&#8220; in 2014\/15:<br \/>\n<\/span><\/strong>Sparkasse Freiburg-N\u00f6rdlicher Breisgau, Konto 2399506, BLZ 68050101,<br \/>\nIBAN: DE77680501010002399506, BIC: FRSPDE66XXX.<br \/>\nStichwort &#8222;Aktion Weihnachtswunsch&#8220;, gezielte Spenden sind nicht m\u00f6glich,<br \/>\nalles flie\u00dft in einen Topf, aus dem dann Zusch\u00fcsse verteilt werden.<\/p>\n<p>Alle Infos zur\u00a0Aktion:<br \/>\n<a href=\"https:\/\/www.badische-zeitung.de\/bz-weihnachtswunsch\">https:\/\/www.badische-zeitung.de\/bz-weihnachtswunsch <\/a><\/p>\n<p>&nbsp;<\/p>\n<p><strong>Aktion Weihnachtswunsch: Mehr als 31.000 Euro gehen an 16 soziale Projekte<\/strong><br \/>\nSie sind so vielf\u00e4ltig wie die Menschen, denen sie sich widmen: In diesem Jahr unterst\u00fctzt die BZ-Aktion Weihnachtswunsch mit voraussichtlich mehr als 31000 Euro 16 soziale Projekte. &#8230;.<br \/>\nAlles vom 10.12.2014 bitte lesen auf<br \/>\n<a href=\"https:\/\/www.badische-zeitung.de\/freiburg\/aktion-weihnachtswunsch-mehr-als-31-000-euro-gehen-an-16-soziale-projekte--96129039.html\">https:\/\/www.badische-zeitung.de\/freiburg\/aktion-weihnachtswunsch-mehr-als-31-000-euro-gehen-an-16-soziale-projekte&#8211;96129039.html<\/a><\/p>\n<p>&nbsp;<\/p>\n<p>&nbsp;<\/p>\n","protected":false},"excerpt":{"rendered":"<p>Die &#8222;Aktion Weihnachtswunsch&#8220; der Badischen Zeitung BZ erbrachte im vergangenen Winter 2013\/14 stolze\u00a0249.032 Euro.\u00a0Heuer waren es bis zum 10.12.2014\u00a0genau 85273,64 Euro. F\u00fcr die spendable Hilfsbereitschaft\u00a0der Freiburger\u00a0ist also noch Luft nach oben &#8211; zumal die soziale\u00a0Not auch angesichts von Armut, Wohnungsknappheit\u00a0und &hellip; <a href=\"https:\/\/www.freiburg-schwarzwald.de\/blog\/weihnachtswunsch-aktion-bz\/\">Weiterlesen <span class=\"meta-nav\">&rarr;<\/span><\/a><\/p>\n","protected":false},"author":2,"featured_media":0,"comment_status":"open","ping_status":"closed","sticky":false,"template":"","format":"standard","meta":{"footnotes":""},"categories":[13,161],"tags":[577,270,468],"class_list":["post-51999","post","type-post","status-publish","format-standard","hentry","category-kultur","category-spende","tag-hilfe-2","tag-gift","tag-weihnacht"],"_links":{"self":[{"href":"https:\/\/www.freiburg-schwarzwald.de\/blog\/wp-json\/wp\/v2\/posts\/51999","targetHints":{"allow":["GET"]}}],"collection":[{"href":"https:\/\/www.freiburg-schwarzwald.de\/blog\/wp-json\/wp\/v2\/posts"}],"about":[{"href":"https:\/\/www.freiburg-schwarzwald.de\/blog\/wp-json\/wp\/v2\/types\/post"}],"author":[{"embeddable":true,"href":"https:\/\/www.freiburg-schwarzwald.de\/blog\/wp-json\/wp\/v2\/users\/2"}],"replies":[{"embeddable":true,"href":"https:\/\/www.freiburg-schwarzwald.de\/blog\/wp-json\/wp\/v2\/comments?post=51999"}],"version-history":[{"count":0,"href":"https:\/\/www.freiburg-schwarzwald.de\/blog\/wp-json\/wp\/v2\/posts\/51999\/revisions"}],"wp:attachment":[{"href":"https:\/\/www.freiburg-schwarzwald.de\/blog\/wp-json\/wp\/v2\/media?parent=51999"}],"wp:term":[{"taxonomy":"category","embeddable":true,"href":"https:\/\/www.freiburg-schwarzwald.de\/blog\/wp-json\/wp\/v2\/categories?post=51999"},{"taxonomy":"post_tag","embeddable":true,"href":"https:\/\/www.freiburg-schwarzwald.de\/blog\/wp-json\/wp\/v2\/tags?post=51999"}],"curies":[{"name":"wp","href":"https:\/\/api.w.org\/{rel}","templated":true}]}}