{"id":51961,"date":"2014-12-08T18:54:26","date_gmt":"2014-12-08T17:54:26","guid":{"rendered":"https:\/\/www.freiburg-schwarzwald.de\/blog\/?p=51961"},"modified":"2016-02-10T20:21:23","modified_gmt":"2016-02-10T19:21:23","slug":"christenverfolgung-in-nahost","status":"publish","type":"post","link":"https:\/\/www.freiburg-schwarzwald.de\/blog\/christenverfolgung-in-nahost\/","title":{"rendered":"Christenverfolgung in Nahost"},"content":{"rendered":"<p>&#8222;Wir leben heute in einer Art <a title=\"Krieg\" href=\"https:\/\/www.freiburg-schwarzwald.de\/blog\/engagement\/zukunft\/krieg\/\">drittem Weltkrieg<\/a>, nur dass nicht alles gleichzeitig passiert, sondern zeitversetzt. Damals wart ihr (die Juden) es, die leiden mussten. Jetzt sind wir an der Reihe&#8220; &#8211; so Papst Franziskus im September 2014. Die <a title=\"Christen\" href=\"https:\/\/www.freiburg-schwarzwald.de\/blog\/religion\/christen\/\">Christenverfolgung<\/a> in \u00c4gypten,\u00a0<a title=\"Irak\" href=\"https:\/\/www.freiburg-schwarzwald.de\/blog\/global\/irak\/\">Irak<\/a>, Libanon, Nigeria, Somalia, Syrien &#8230;<a title=\"Islam\" href=\"https:\/\/www.freiburg-schwarzwald.de\/blog\/religion\/islam\/\"> im Namen Allahs<\/a>\u00a0erfolgt dank Internet sichtbar. Seit dem 11. September werden <a title=\"Fluechtlinge-Christen\" href=\"https:\/\/www.freiburg-schwarzwald.de\/blog\/global\/integration\/fluechtlinge-christen\/\">Christen in muslimischen Gesellschaften<\/a> <!--more-->des Nahen Ostens und Afrikas verfolgt. Im Irak leben heute noch 400.000 Christen, gegen\u00fcber 1,4 Mio in 2003. In der Stadt Mossul hat IS 30.000 Christen vertrieben bzw. umgebracht. Der syrisch-orthodoxe Erzbischof Dionysios Isa G\u00fcrb\u00fcz spricht im NZZ-Interview von V\u00f6lkermord. &#8222;Wo bleibt der Aufschrei wegen der Christenverfolgung?&#8220;, fragt Ronald S. Lauder, Pr\u00e4sident des J\u00fcdischen Weltkongresses (Beten allein wird nicht helfen, Spiegel 50\/2014 vom 8.12.2014, S. 128): &#8222;Wann immer sich <a title=\"Jerusalem \u2013 Israel \u2013 Palaestina\" href=\"https:\/\/www.freiburg-schwarzwald.de\/blog\/jerusalem-israel-palaestina\/\">Israel<\/a> gegen Angriffe radikaler <a title=\"Palaestina\" href=\"https:\/\/www.freiburg-schwarzwald.de\/blog\/global\/israel\/palaestina\/\">Pal\u00e4stinenser<\/a> zur Wehr gesetzt hat, ziehen tausende Menschen aufgebracht durch die Strassen westlicher Gro\u00dfst\u00e4dte. &#8230; Wenn aber gleichzeitig unz\u00e4hlige Christen in Israels Nachbarl\u00e4ndern umgebracht werden, bleiben die Stra\u00dfen leer, die Politiker schweigen&#8220;<\/p>\n<p>&nbsp;<\/p>\n","protected":false},"excerpt":{"rendered":"<p>&#8222;Wir leben heute in einer Art drittem Weltkrieg, nur dass nicht alles gleichzeitig passiert, sondern zeitversetzt. Damals wart ihr (die Juden) es, die leiden mussten. Jetzt sind wir an der Reihe&#8220; &#8211; so Papst Franziskus im September 2014. Die Christenverfolgung &hellip; <a href=\"https:\/\/www.freiburg-schwarzwald.de\/blog\/christenverfolgung-in-nahost\/\">Weiterlesen <span class=\"meta-nav\">&rarr;<\/span><\/a><\/p>\n","protected":false},"author":2,"featured_media":0,"comment_status":"open","ping_status":"closed","sticky":false,"template":"","format":"standard","meta":{"footnotes":""},"categories":[19],"tags":[520,421,420,503],"class_list":["post-51961","post","type-post","status-publish","format-standard","hentry","category-religion","tag-frieden","tag-islam","tag-juden","tag-church"],"_links":{"self":[{"href":"https:\/\/www.freiburg-schwarzwald.de\/blog\/wp-json\/wp\/v2\/posts\/51961","targetHints":{"allow":["GET"]}}],"collection":[{"href":"https:\/\/www.freiburg-schwarzwald.de\/blog\/wp-json\/wp\/v2\/posts"}],"about":[{"href":"https:\/\/www.freiburg-schwarzwald.de\/blog\/wp-json\/wp\/v2\/types\/post"}],"author":[{"embeddable":true,"href":"https:\/\/www.freiburg-schwarzwald.de\/blog\/wp-json\/wp\/v2\/users\/2"}],"replies":[{"embeddable":true,"href":"https:\/\/www.freiburg-schwarzwald.de\/blog\/wp-json\/wp\/v2\/comments?post=51961"}],"version-history":[{"count":0,"href":"https:\/\/www.freiburg-schwarzwald.de\/blog\/wp-json\/wp\/v2\/posts\/51961\/revisions"}],"wp:attachment":[{"href":"https:\/\/www.freiburg-schwarzwald.de\/blog\/wp-json\/wp\/v2\/media?parent=51961"}],"wp:term":[{"taxonomy":"category","embeddable":true,"href":"https:\/\/www.freiburg-schwarzwald.de\/blog\/wp-json\/wp\/v2\/categories?post=51961"},{"taxonomy":"post_tag","embeddable":true,"href":"https:\/\/www.freiburg-schwarzwald.de\/blog\/wp-json\/wp\/v2\/tags?post=51961"}],"curies":[{"name":"wp","href":"https:\/\/api.w.org\/{rel}","templated":true}]}}