{"id":51919,"date":"2014-12-06T11:52:04","date_gmt":"2014-12-06T10:52:04","guid":{"rendered":"https:\/\/www.freiburg-schwarzwald.de\/blog\/?p=51919"},"modified":"2015-04-17T13:48:28","modified_gmt":"2015-04-17T11:48:28","slug":"pilzlehrpfad-mycelium-waldhaus","status":"publish","type":"post","link":"https:\/\/www.freiburg-schwarzwald.de\/blog\/pilzlehrpfad-mycelium-waldhaus\/","title":{"rendered":"Pilzlehrpfad Mycelium Waldhaus"},"content":{"rendered":"<p>Unter der Regie des <a title=\"Forst\" href=\"https:\/\/www.freiburg-schwarzwald.de\/blog\/natur\/wald\/forst\/\">Forstamts<\/a> ist im <a title=\"Stadtwald\" href=\"https:\/\/www.freiburg-schwarzwald.de\/blog\/natur\/wald\/stadtwald\/\">Stadtwald<\/a> unmittelbar \u00fcber dem <a title=\"Waldhaus\" href=\"https:\/\/www.freiburg-schwarzwald.de\/blog\/natur\/wald\/waldhaus\/\">Waldhaus<\/a> ein <a title=\"Wandern\" href=\"https:\/\/www.freiburg-schwarzwald.de\/blog\/sport\/wandern\/\">Lehrpfad<\/a> der ungew\u00f6hnlichen Art entstanden: Auf einem mit Infotafeln und imposanten <a title=\"Kunst\" href=\"https:\/\/www.freiburg-schwarzwald.de\/blog\/kultur\/kunst\/\">Holzskulpturen<\/a> von\u00a0<a title=\"Thomas-Rees\" href=\"https:\/\/www.freiburg-schwarzwald.de\/blog\/kultur\/kunst\/thomas-rees\/\">Thomas Rees<\/a> ges\u00e4umten Rundweg k\u00f6nnen Besucherinnen und Besucher ab sofort das \u201eMycelium\u201c erleben, um so Schritt f\u00fcr Schritt dem Geheimnis der <a title=\"Pilze\" href=\"https:\/\/www.freiburg-schwarzwald.de\/blog\/natur\/ernaehrung\/pilze\/\">Pilze<\/a> n\u00e4herzukommen. Schlechte Nachrichten f\u00fcr den Blauwal: Die gr\u00f6\u00dften Lebewesen der Welt <!--more-->sind nicht etwa Wale oder l\u00e4ngst ausgestorbene Dinosaurier, sondern, verbl\u00fcffenderweise, Pilze. Weder Tier noch Pflanze, bilden sie eine ganz eigene Spezies \u2013 die wie im Falle eines Hallimaschpilzes im Malheur-National-Forest-Park in Oregon eine unterirdische Ausdehnung von fast 10 Quadratkilometern erreichen kann. Damit ist dieser Pilz vermutlich das gr\u00f6\u00dfte und mit einem gesch\u00e4tzten Alter von rund 2400 Jahren zugleich auch das \u00e4lteste Lebewesen der Erde. Eben dieser \u201eFaszination der Pilze\u201c einen eigenen Raum zu geben, ist das Ziel des neuen Lehrpfads, betonte Umweltb\u00fcrgermeisterin Gerda Stuchlik bei der Er\u00f6ffnung. Etwa 70 000 verschiedene Pilzarten wurden bereits entdeckt und kategorisiert, so Hans Burgbacher, Leiter des st\u00e4dtischen Forstamts. Weit mehr als zehnmal so viele gibt es jedoch, vermuten Biologen. Da Pilze kommen und gehen, wie es ihnen gef\u00e4llt, tauchen sie auch auf dem Gel\u00e4nde des Lehrpfads nur zuf\u00e4llig und nach eigenem Gutd\u00fcnken auf. Daher hat der Holzk\u00fcnstler Thomas Rees, der bereits die beeindruckenden Waldmenschenskulpturen geschaffen hat, eine ganze Reihe \u00fcberdimensionierter Pilze aus Holz errichtet.<\/p>\n<p><a href=\"https:\/\/www.freiburg-schwarzwald.de\/blog\/pilzlehrpfad-mycelium-waldhaus\/pilzlehrpfad-rees141205\/\" rel=\"attachment wp-att-51922\"><img loading=\"lazy\" decoding=\"async\" class=\"alignnone size-thumbnail wp-image-51922\" src=\"https:\/\/www.freiburg-schwarzwald.de\/blog\/wp-content\/uploads\/2014\/12\/pilzlehrpfad-rees141205-180x140.jpg\" alt=\"pilzlehrpfad-rees141205\" width=\"180\" height=\"140\" srcset=\"https:\/\/www.freiburg-schwarzwald.de\/blog\/wp-content\/uploads\/2014\/12\/pilzlehrpfad-rees141205-180x140.jpg 180w, https:\/\/www.freiburg-schwarzwald.de\/blog\/wp-content\/uploads\/2014\/12\/pilzlehrpfad-rees141205.jpg 510w\" sizes=\"auto, (max-width: 180px) 100vw, 180px\" \/><\/a><\/p>\n<p>Wei\u00dfe Linien im Waldboden, die auf das Myzel der Pilze verweisen, verbinden die Pilzskulpturen miteinander.<br \/>\nDie gr\u00f6\u00dfte von ihnen, ein innen begehbarer, \u00fcber drei Meter hoher Riesenpilz, hat einen mit Holzwolle und Walderde<br \/>\nversehenen Hut bekommen, der selbst zum Standort echter Pilze werden soll. Die Beziehungen zwischen<br \/>\nB\u00e4umen einerseits und Pilzen andererseits sind verbl\u00fcffend komplex, erkl\u00e4rt Andreas Sch\u00e4fer, Mitarbeiter des Forstamts<br \/>\nund verantwortlich f\u00fcr die informativen Tafeln an den einzelnen Stationen des Lehrpfads. W\u00e4hrend manche Pilze<br \/>\nkranke B\u00e4ume gef\u00e4hrden, leben andere in guter nachbarschaftlicher Symbiose mit den B\u00e4umen ihrer Umgebung. Da<br \/>\nsie selbst keine Fotosynthese betreiben k\u00f6nnen, freuen sich Pilze \u00fcber die Energie in Form von Zucker, welche die B\u00e4ume produzieren, und bedanken sich im Gegenzug mit Wasser und Mineralstoffen, die sie mit ihrem Myzel aus dem Boden gewinnen und anteilig den B\u00e4umen \u00fcberlassen. Andere Pilzarten bauen totes Holz ab und tragen so ganz wesentlich zur Humusbildung im Wald bei.<br \/>\nKonzept, Einrichtung, Lehrmaterialien und Beschilderung des Lehrpfads haben rund 36000 Euro gekostet. Einen gro\u00dfen Teil davon tr\u00e4gt der Naturpark S\u00fcdschwarzwald, weitere Unterst\u00fctzung kam von der Eugen-Martin-Stiftung. F\u00fcr Schulklassen der Mittel- und Oberstufe bietet das Waldhaus ein neu entwickeltes\u00a0 Lernmodul an, um Kinder und Jugendliche mit dem \u201eMycelium\u201c an das Geheimnis der Pilze heranzuf\u00fchren<br \/>\n6.12.2014, Amtsblatt Stadt Freiburg<\/p>\n","protected":false},"excerpt":{"rendered":"<p>Unter der Regie des Forstamts ist im Stadtwald unmittelbar \u00fcber dem Waldhaus ein Lehrpfad der ungew\u00f6hnlichen Art entstanden: Auf einem mit Infotafeln und imposanten Holzskulpturen von\u00a0Thomas Rees ges\u00e4umten Rundweg k\u00f6nnen Besucherinnen und Besucher ab sofort das \u201eMycelium\u201c erleben, um so &hellip; <a href=\"https:\/\/www.freiburg-schwarzwald.de\/blog\/pilzlehrpfad-mycelium-waldhaus\/\">Weiterlesen <span class=\"meta-nav\">&rarr;<\/span><\/a><\/p>\n","protected":false},"author":2,"featured_media":0,"comment_status":"open","ping_status":"closed","sticky":false,"template":"","format":"standard","meta":{"footnotes":""},"categories":[18,22,119,12],"tags":[318,575,380],"class_list":["post-51919","post","type-post","status-publish","format-standard","hentry","category-bildung","category-handwerk","category-kunst","category-natur","tag-kunsthandwerk","tag-wald-2","tag-wanderweg"],"_links":{"self":[{"href":"https:\/\/www.freiburg-schwarzwald.de\/blog\/wp-json\/wp\/v2\/posts\/51919","targetHints":{"allow":["GET"]}}],"collection":[{"href":"https:\/\/www.freiburg-schwarzwald.de\/blog\/wp-json\/wp\/v2\/posts"}],"about":[{"href":"https:\/\/www.freiburg-schwarzwald.de\/blog\/wp-json\/wp\/v2\/types\/post"}],"author":[{"embeddable":true,"href":"https:\/\/www.freiburg-schwarzwald.de\/blog\/wp-json\/wp\/v2\/users\/2"}],"replies":[{"embeddable":true,"href":"https:\/\/www.freiburg-schwarzwald.de\/blog\/wp-json\/wp\/v2\/comments?post=51919"}],"version-history":[{"count":0,"href":"https:\/\/www.freiburg-schwarzwald.de\/blog\/wp-json\/wp\/v2\/posts\/51919\/revisions"}],"wp:attachment":[{"href":"https:\/\/www.freiburg-schwarzwald.de\/blog\/wp-json\/wp\/v2\/media?parent=51919"}],"wp:term":[{"taxonomy":"category","embeddable":true,"href":"https:\/\/www.freiburg-schwarzwald.de\/blog\/wp-json\/wp\/v2\/categories?post=51919"},{"taxonomy":"post_tag","embeddable":true,"href":"https:\/\/www.freiburg-schwarzwald.de\/blog\/wp-json\/wp\/v2\/tags?post=51919"}],"curies":[{"name":"wp","href":"https:\/\/api.w.org\/{rel}","templated":true}]}}