{"id":51814,"date":"2014-11-30T10:35:18","date_gmt":"2014-11-30T09:35:18","guid":{"rendered":"https:\/\/www.freiburg-schwarzwald.de\/blog\/?p=51814"},"modified":"2014-12-03T11:41:50","modified_gmt":"2014-12-03T10:41:50","slug":"schaukasten-billig-provokation","status":"publish","type":"post","link":"https:\/\/www.freiburg-schwarzwald.de\/blog\/schaukasten-billig-provokation\/","title":{"rendered":"Schaukasten Billig-Provokation"},"content":{"rendered":"<p>Dries Verhoeven setzt ein <a title=\"Hebammen\" href=\"https:\/\/www.freiburg-schwarzwald.de\/blog\/business\/gesund\/hebammen\/\">schwangeres<\/a> Teenie-M\u00e4dchen, einen angeketteten Schwarzen usw.\u00a0jeweils f\u00fcnf Stunden in eine gl\u00e4serne Performance-Box in <a title=\"zFriburginderStadt\" href=\"https:\/\/www.freiburg-schwarzwald.de\/blog\/business\/handel\/zfriburginderstadt\/\">Freiburger Altstadt<\/a>\u00a0und stellt sie den <a title=\"KaJo\" href=\"https:\/\/www.freiburg-schwarzwald.de\/blog\/regio\/freiburg\/kajo\/\">Passanten<\/a> zur Schau: Verbirgt sich hinter seinem missionarischen Ziel\u00a0&#8222;Ich will Mitschuld wecken&#8220; nicht doch ein simpler\u00a0<a title=\"Werbung\" href=\"https:\/\/www.freiburg-schwarzwald.de\/blog\/business\/dienste\/werbung\/\">Werbungs<\/a>-Gag: Provokation schafft Publicity schafft\u00a0mediales Ranking-Plus schafft Geld?<!--more--><\/p>\n<p>Die schalldichte Glasbox &#8222;Ceci n&#8217;est pas &#8230;&#8220; bzw. &#8222;Das ist kein &#8230;&#8220; ist eine Woche lang am werbewirksamen Standort\u00a0 in der Bertoldstra\u00dfe zwischen Uni-Zugang, Walthari und Aspekte aufgestellt. Ab 20.11. bis 27.10.2014 mit t\u00e4glich neuer Irritation.<br \/>\n30.11.2014<\/p>\n<p>&nbsp;<\/p>\n<p><strong>Sch\u00f6ne Welt<\/strong><br \/>\n&#8222;Schauen wir uns Schaufenster und Plakate an&#8220;, schreibt Dries Verhoeven, &#8222;finden wir fast immer Bilder, die uns beruhigen: Der \u00f6ffentliche Raum ist fast vollst\u00e4ndig vom Kommerz \u00fcbernommen, der uns die sch\u00f6nere, gl\u00fccklichere Version von uns selbst vorh\u00e4lt.&#8220; Dem h\u00e4lt Dries Verhoeven andere Bilder entgegen und stellt fest: &#8222;Mich beeindrucken Menschen, die die Stra\u00dfe zum Podium machen, auf dem sie demonstrieren, dass die wirkliche Welt ganz anders ist, so dass wir das, was alle f\u00fcr normal halten, hinterfragen. Anstatt zu bejahen, was uns vorgesetzt wird.&#8220;<span class=\"Apple-converted-space\"><span style=\"font-family: Verdana;\">\u00a0<\/span><\/span>&#8230;<br \/>\nAlles vom 20.11.2014 bitte lesen auf<br \/>\n<a href=\"https:\/\/www.badische-zeitung.de\/freiburg\/schwangere-im-glaskasten-kunst-oder-provokation--95061278.html\">https:\/\/www.badische-zeitung.de\/freiburg\/schwangere-im-glaskasten-kunst-oder-provokation&#8211;95061278.html<\/a><\/p>\n<p><strong>Keine Kunst, sondern Geldmacherei<\/strong><br \/>\nMit\u00a0diesem Argument zeigt Verhoeven seine Verlogenheit. Die kommerzielle Werbung\u00a0im \u00f6ffentlichen Raum zeigt doch immer weniger &#8222;die sch\u00f6nere, gl\u00fccklichere Version&#8220;, sie\u00a0ist\u00a0voll\u00a0von Gewalt und Sex. Mit seinen Provokationen verh\u00f6hnt Verhoeven die Freiburger Passanten zu Voyeuren von Gewalt und Sex. Und verschafft sich so mediale Aufmerksamkeit, mit der sich dann\u00a0gut Geld verdienen l\u00e4sst. Als Kunst gut getarnter Kommerz.<br \/>\n21.11.2014, A. Baumann<br \/>\n.<br \/>\n.<br \/>\n<span class=\"ngBold\"><strong>Mit der Verbreitung des Internet wird es auf denStrassen immer spie\u00dfiger<\/strong><br \/>\nVerhoeven:<\/span><span class=\"Apple-converted-space\"><span style=\"font-family: Verdana;\">\u00a0<\/span><\/span>Mir fiel irgendwann auf, dass wir \u00f6ffentliche Pl\u00e4tze immer steriler und sauberer machen. Das, was wir auf der Stra\u00dfe sehen, hat nichts mehr damit zu tun, was wir eigentlich sind. \u00d6ffentlich ist das, was wir f\u00fcr normal halten. Dazu kommt das Internet: Seitdem wir online extreme Versionen von uns selbst austoben k\u00f6nnen, wird es auf den Stra\u00dfen in der realen Welt immer spie\u00dfiger und pr\u00fcder. Indem ich extreme Ausnahmen von der Regel zeige, wie schwangere Teenager oder k\u00f6rperlichen Kontakt zwischen Vater und Tochter, will ich die Regel in Frage stellen. &#8230;.<br \/>\nAlles vom 28.11.2014 bitte lesen auf<br \/>\n<a href=\"https:\/\/www.badische-zeitung.de\/freiburg\/dries-verhoeven-ueber-seine-performance-box-ich-will-mitschuld-wecken--95421830.html\">https:\/\/www.badische-zeitung.de\/freiburg\/dries-verhoeven-ueber-seine-performance-box-ich-will-mitschuld-wecken&#8211;95421830.html <\/a><\/p>\n<p>&nbsp;<\/p>\n<p><strong>Die Aufarbeitung der Kolonialgeschichte muss doch anders zu bewerkstelligen sein<br \/>\n<\/strong>Dass die Performances von Dries Verhoeven provozieren sollen, ist eine Sache. Im Falle des Mannes mit schwarzer Hautfarbe in Ketten geht die Provokation jedoch weit \u00fcber das Ertr\u00e4gliche hinaus. Wie soll eine solche Zurschaustellung das Bewusstsein wecken f\u00fcr den Genozid an den Herero und Nama im heutigen Namibia, der unter deutscher Kolonialherrschaft 1904 stattfand? Wieso bedient sich Verhoeven dazu einer Performance, die Assoziationen hervorruft an die sogenannten V\u00f6lkerschauen, die bis in die 1940er Jahre in deutschen Zoos stattfanden? Wie viele Menschen konnten sich am Sonntag tats\u00e4chlich intensiv mit der Geschichte der deutschen Kolonialherrschaft in den ehemaligen sogenannten Schutzgebieten in Afrika auseinandersetzen? Tr\u00e4gt diese Performance nicht viel mehr dazu bei, den wei\u00dfen Blick auf Menschen mit schwarzer Hautfarbe zu untermauern, der gepr\u00e4gt ist von Stereotypisierung und Klischees?<br \/>\nUnd: Reproduziert diese Form nicht geradezu diffuse Vorurteile und rassistische Bilder in Bezug auf Menschen mit afrikanischen Wurzeln, statt sie abzubauen? Vorurteile und Bilder im \u00dcbrigen, die zu viele Menschen in Deutschland noch immer haben: durch ein weiterhin medial vermitteltes, verzerrtes Afrikabild; durch Bilder von Menschen schwarzer Hautfarbe, die in Deutschland leben, die vielleicht hier geboren und aufgewachsen sind und dennoch als nicht zugeh\u00f6rig betrachtet werden; durch fehlende Gegenbilder und das sture Festhalten an Deutungshoheiten. Und warum bedienen sich die Produzenten des Filmbeitrags zur musikalischen Untermalung der &#8222;Zehn kleinen N&#8230;&#8230;..&#8220;, einem rassistischen Kinderlied, in dem es um Mord und Totschlag geht, also genau um das, was unz\u00e4hligen Menschen weltweit durch koloniale und imperiale Gr\u00e4ueltaten widerfahren ist? Ich halte den Aufkl\u00e4rungscharakter einer solchen Darbietung f\u00fcr schlichtweg nicht gegeben und die Verwendung des genannten Liedes f\u00fcr den totalen Fehlgriff. Dies ist sicherlich kein Beitrag zu fundierterem Wissen. Die Aufarbeitung der deutschen Kolonialgeschichte muss doch anders zu bewerkstelligen sein als einen Menschen, Erdn\u00fcsse knackend, an den F\u00fc\u00dfen angekettet in einen Schaukasten zu setzen und dem mutma\u00dflichen Voyeurismus von Passanten auszusetzen.<br \/>\n<span class=\"ngBriefAutor\">3.12.2014, Sophie Kaiser-Dieckhoff, Freiburg<\/span><\/p>\n","protected":false},"excerpt":{"rendered":"<p>Dries Verhoeven setzt ein schwangeres Teenie-M\u00e4dchen, einen angeketteten Schwarzen usw.\u00a0jeweils f\u00fcnf Stunden in eine gl\u00e4serne Performance-Box in Freiburger Altstadt\u00a0und stellt sie den Passanten zur Schau: Verbirgt sich hinter seinem missionarischen Ziel\u00a0&#8222;Ich will Mitschuld wecken&#8220; nicht doch ein simpler\u00a0Werbungs-Gag: Provokation schafft &hellip; <a href=\"https:\/\/www.freiburg-schwarzwald.de\/blog\/schaukasten-billig-provokation\/\">Weiterlesen <span class=\"meta-nav\">&rarr;<\/span><\/a><\/p>\n","protected":false},"author":2,"featured_media":0,"comment_status":"open","ping_status":"closed","sticky":false,"template":"","format":"standard","meta":{"footnotes":""},"categories":[21,157],"tags":[739,726,733,571],"class_list":["post-51814","post","type-post","status-publish","format-standard","hentry","category-dienste","category-oeffentlicher-raum","tag-markt","tag-oeffentlicher-raum","tag-theater","tag-werbung"],"_links":{"self":[{"href":"https:\/\/www.freiburg-schwarzwald.de\/blog\/wp-json\/wp\/v2\/posts\/51814","targetHints":{"allow":["GET"]}}],"collection":[{"href":"https:\/\/www.freiburg-schwarzwald.de\/blog\/wp-json\/wp\/v2\/posts"}],"about":[{"href":"https:\/\/www.freiburg-schwarzwald.de\/blog\/wp-json\/wp\/v2\/types\/post"}],"author":[{"embeddable":true,"href":"https:\/\/www.freiburg-schwarzwald.de\/blog\/wp-json\/wp\/v2\/users\/2"}],"replies":[{"embeddable":true,"href":"https:\/\/www.freiburg-schwarzwald.de\/blog\/wp-json\/wp\/v2\/comments?post=51814"}],"version-history":[{"count":0,"href":"https:\/\/www.freiburg-schwarzwald.de\/blog\/wp-json\/wp\/v2\/posts\/51814\/revisions"}],"wp:attachment":[{"href":"https:\/\/www.freiburg-schwarzwald.de\/blog\/wp-json\/wp\/v2\/media?parent=51814"}],"wp:term":[{"taxonomy":"category","embeddable":true,"href":"https:\/\/www.freiburg-schwarzwald.de\/blog\/wp-json\/wp\/v2\/categories?post=51814"},{"taxonomy":"post_tag","embeddable":true,"href":"https:\/\/www.freiburg-schwarzwald.de\/blog\/wp-json\/wp\/v2\/tags?post=51814"}],"curies":[{"name":"wp","href":"https:\/\/api.w.org\/{rel}","templated":true}]}}