{"id":51802,"date":"2014-12-02T17:40:19","date_gmt":"2014-12-02T16:40:19","guid":{"rendered":"https:\/\/www.freiburg-schwarzwald.de\/blog\/?p=51802"},"modified":"2014-12-02T17:40:19","modified_gmt":"2014-12-02T16:40:19","slug":"seltene-erden-kein-recycling","status":"publish","type":"post","link":"https:\/\/www.freiburg-schwarzwald.de\/blog\/seltene-erden-kein-recycling\/","title":{"rendered":"Seltene Erden &#8211; kein Recycling"},"content":{"rendered":"<p>Zwischen dem Anspruch, dem <a title=\"Rohstoffe\" href=\"https:\/\/www.freiburg-schwarzwald.de\/blog\/energie\/rohstoffe\/\">Rohstoffverbrauch<\/a> durch mehr <a title=\"Recycling\" href=\"https:\/\/www.freiburg-schwarzwald.de\/blog\/natur\/umwelt\/recycling\/\">Recycling<\/a> entgegenzuwirken, und der Realit\u00e4t klaffen \u00a0immer noch gro\u00dfe L\u00fccken. Besonders auff\u00e4llig ist das bei den sogenannten &#8222;Seltenen Erden&#8220;, das sind Metalle, wie sie z. B. in <a title=\"Computer\" href=\"https:\/\/www.freiburg-schwarzwald.de\/blog\/business\/dienste\/computer\/\">Computern<\/a> und <a title=\"Smartphone\" href=\"https:\/\/www.freiburg-schwarzwald.de\/blog\/kultur\/medien\/smartphone\/\">Handys<\/a> verwendet werden. H\u00e4ufig sind die <a title=\"Umwelt\" href=\"https:\/\/www.freiburg-schwarzwald.de\/blog\/natur\/umwelt\/\">Abfallstr\u00f6me<\/a> nicht passend organisiert, die Ger\u00e4te sind nicht f\u00fcr das Recyceln einzelner Teile <a title=\"Energiesparen\" href=\"https:\/\/www.freiburg-schwarzwald.de\/blog\/energie\/energiesparen\/\">konstruiert<\/a>,<!--more--> oder der Einkauf neuer Rohstoffe ist einfach billiger. In seinem dritten Artikel in &#8222;WiWo Green&#8220;, dem Online-Magazin der Wirtschaftswoche, erl\u00e4utert Stefan Bringezu diese Probleme der Ressourcenwende und mahnt die Ger\u00e4tehersteller zu einem recycelbaren Design. Der Artikel &#8222;Die Ressourcenwende droht am Recycling zu scheitern&#8220; ist auf der Website von &#8222;WiWo Green&#8220; verf\u00fcgbar, ebenso wie zwei weitere Artikel von Bringezu, die am 28. Oktober bzw. 10. November erschienen sind: <a href=\"https:\/\/green.wiwo.de\/rohstoffe-wie-ressourcenwende-am-recycling-scheitern-droht\/\">https:\/\/green.wiwo.de\/rohstoffe-wie-ressourcenwende-am-recycling-scheitern-droht\/<\/a><\/p>\n","protected":false},"excerpt":{"rendered":"<p>Zwischen dem Anspruch, dem Rohstoffverbrauch durch mehr Recycling entgegenzuwirken, und der Realit\u00e4t klaffen \u00a0immer noch gro\u00dfe L\u00fccken. Besonders auff\u00e4llig ist das bei den sogenannten &#8222;Seltenen Erden&#8220;, das sind Metalle, wie sie z. B. in Computern und Handys verwendet werden. H\u00e4ufig &hellip; <a href=\"https:\/\/www.freiburg-schwarzwald.de\/blog\/seltene-erden-kein-recycling\/\">Weiterlesen <span class=\"meta-nav\">&rarr;<\/span><\/a><\/p>\n","protected":false},"author":2,"featured_media":0,"comment_status":"open","ping_status":"closed","sticky":false,"template":"","format":"standard","meta":{"footnotes":""},"categories":[5],"tags":[239,386],"class_list":["post-51802","post","type-post","status-publish","format-standard","hentry","category-energie","tag-energiesparen","tag-smartphone"],"_links":{"self":[{"href":"https:\/\/www.freiburg-schwarzwald.de\/blog\/wp-json\/wp\/v2\/posts\/51802","targetHints":{"allow":["GET"]}}],"collection":[{"href":"https:\/\/www.freiburg-schwarzwald.de\/blog\/wp-json\/wp\/v2\/posts"}],"about":[{"href":"https:\/\/www.freiburg-schwarzwald.de\/blog\/wp-json\/wp\/v2\/types\/post"}],"author":[{"embeddable":true,"href":"https:\/\/www.freiburg-schwarzwald.de\/blog\/wp-json\/wp\/v2\/users\/2"}],"replies":[{"embeddable":true,"href":"https:\/\/www.freiburg-schwarzwald.de\/blog\/wp-json\/wp\/v2\/comments?post=51802"}],"version-history":[{"count":0,"href":"https:\/\/www.freiburg-schwarzwald.de\/blog\/wp-json\/wp\/v2\/posts\/51802\/revisions"}],"wp:attachment":[{"href":"https:\/\/www.freiburg-schwarzwald.de\/blog\/wp-json\/wp\/v2\/media?parent=51802"}],"wp:term":[{"taxonomy":"category","embeddable":true,"href":"https:\/\/www.freiburg-schwarzwald.de\/blog\/wp-json\/wp\/v2\/categories?post=51802"},{"taxonomy":"post_tag","embeddable":true,"href":"https:\/\/www.freiburg-schwarzwald.de\/blog\/wp-json\/wp\/v2\/tags?post=51802"}],"curies":[{"name":"wp","href":"https:\/\/api.w.org\/{rel}","templated":true}]}}