{"id":51759,"date":"2014-12-01T11:29:47","date_gmt":"2014-12-01T10:29:47","guid":{"rendered":"https:\/\/www.freiburg-schwarzwald.de\/blog\/?p=51759"},"modified":"2014-12-01T11:48:37","modified_gmt":"2014-12-01T10:48:37","slug":"bahnhof-barrierefrei-flashmob","status":"publish","type":"post","link":"https:\/\/www.freiburg-schwarzwald.de\/blog\/bahnhof-barrierefrei-flashmob\/","title":{"rendered":"Bahnhof barrierefrei Flashmob"},"content":{"rendered":"<p>Der <a title=\"Hauptbahnhof\" href=\"https:\/\/www.freiburg-schwarzwald.de\/blog\/regio\/verkehr\/hauptbahnhof\/\">Freiburger Hauptbahnhof<\/a> ist nicht <a title=\"Barrierefrei\" href=\"https:\/\/www.freiburg-schwarzwald.de\/blog\/selbsthilfe\/behinderung\/barrierefrei\/\">barrierefrei<\/a> zug\u00e4nglich. Dagegen wandte sich ein von der Stadtr\u00e4tin Anke Dallmann und BOB initiierter Flashmob in einer eindrucksvollen <a title=\"Demo\" href=\"https:\/\/www.freiburg-schwarzwald.de\/blog\/engagement\/buergerinitiativen\/demo\/\">Demonstration<\/a>. Zwei Stunden ben\u00f6tigten 50 Personen mit Handicap, um\u00a0\u00fcber den einzigen winzigen Fahrstuhl von Bahnsteig 1 zum Bahnsteig 2 zu wechseln. Da dieser ab und zu ausf\u00e4llt, hilft nur noch: <a title=\"Rollstuhl\" href=\"https:\/\/www.freiburg-schwarzwald.de\/blog\/selbsthilfe\/behinderung\/rollstuhl\/\">Rollstuhl<\/a>, Gehfrei, Kinderwagen\u00a0&#8230; \u00fcber Treppen tragen oder wegbleiben.<!--more--><\/p>\n<p>&nbsp;<\/p>\n<p><strong>Behinderte und Nichtbehinderte protestierten f\u00fcr Barrierefreiheit am Hauptbahnhof Freiburg<br \/>\n<\/strong>Unwegsam sei der Bahnhof f\u00fcr viele, erl\u00e4uterte per Megafon J\u00f6rg Dengler vom Verkehrsclub Deutschland (VCD): &#8222;Egal, ob jemand alt und gebrechlich ist, viel und schweres Gep\u00e4ck dabeihat oder einen Kinderwagen, ein Fahrrad oder einen Rollator, oder ob jemand an Kr\u00fccken unterwegs ist oder im Rollstuhl \u2013 ausgerechnet hier, wo es um Beweglichkeit \u00fcber weitere Strecken geht, ist deren Mobilit\u00e4t noch einmal um ein Vielfaches mehr eingeschr\u00e4nkt.&#8220; &#8230;.<br \/>\nAlles vom 1.12.2014 bitte lesen auf<br \/>\n<a href=\"https:\/\/www.badische-zeitung.de\/behinderte-und-nichtbehinderte-protestierten-fuer-barrierefreiheit-am-hauptbahnhof-freiburg\">https:\/\/www.badische-zeitung.de\/behinderte-und-nichtbehinderte-protestierten-fuer-barrierefreiheit-am-hauptbahnhof-Freiburg<\/a><br \/>\n<strong>Freiburg im Rollstuhl meiden?<\/strong><br \/>\n&#8222;Wenn ich alleine bin und der Fahrstuhl ist kaputt, fahre ich mit dem n\u00e4chsten Zug weiter und versuche so nach Freiburg zur\u00fcckzufahren, dass ich gleich auf Bahnsteig 1 ankomme.&#8220; Diesen Satz m\u00fcsste man allen Bahn-Verantwortlichen in Neonfarben auf die B\u00fcrowand spr\u00fchen&#8230;und sie anschlie\u00dfend im Rolli gefesselt nach Hause schicken.<br \/>\n1.12.2014, Alois Jung<\/p>\n<p>&nbsp;<\/p>\n<p><strong>Bahnhof ohne Barrieren &#8211; BOB<br \/>\n<\/strong>Die Initiative &#8222;Bahnhof ohne Barrieren&#8220; (BOB) wurde im Mai 2014 gegr\u00fcndet von\u00a0vielen Gruppen von\u00a0Arbeiterwohlfahrt bis &#8222;Z\u2019 Friburg in der Stadt&#8220;, der Werbegemeinschaft der Innenstadth\u00e4ndler. Auch dabei: Die\u00a0 Behindertenbeir\u00e4te der Stadt und des Landkreises Breisgau-Hochschwarzwald, der Deutsche Hotel- und Gastst\u00e4ttenverband, der Verkehrsclub Deutschland (VCD), der Deutsche Familienverband, der Stadtseniorenrat und der Lokalverein Innenstadt.<\/p>\n<p><span class=\"ngBold\">Kontakt zu BOB:<br \/>\n<\/span> VCD, Salzstrasse (am Bertoldsbrunnen), <span class=\"ngTelefonSymbol\"><span class=\"ngTelefonSchrift\">Tel.<\/span>\u00a0<\/span>0761 \/ 7699 8850.<\/p>\n","protected":false},"excerpt":{"rendered":"<p>Der Freiburger Hauptbahnhof ist nicht barrierefrei zug\u00e4nglich. Dagegen wandte sich ein von der Stadtr\u00e4tin Anke Dallmann und BOB initiierter Flashmob in einer eindrucksvollen Demonstration. Zwei Stunden ben\u00f6tigten 50 Personen mit Handicap, um\u00a0\u00fcber den einzigen winzigen Fahrstuhl von Bahnsteig 1 zum &hellip; <a href=\"https:\/\/www.freiburg-schwarzwald.de\/blog\/bahnhof-barrierefrei-flashmob\/\">Weiterlesen <span class=\"meta-nav\">&rarr;<\/span><\/a><\/p>\n","protected":false},"author":2,"featured_media":0,"comment_status":"open","ping_status":"closed","sticky":false,"template":"","format":"standard","meta":{"footnotes":""},"categories":[1],"tags":[35,531,276],"class_list":["post-51759","post","type-post","status-publish","format-standard","hentry","category-allgemein","tag-barrierefrei","tag-handicap","tag-rollstuhl"],"_links":{"self":[{"href":"https:\/\/www.freiburg-schwarzwald.de\/blog\/wp-json\/wp\/v2\/posts\/51759","targetHints":{"allow":["GET"]}}],"collection":[{"href":"https:\/\/www.freiburg-schwarzwald.de\/blog\/wp-json\/wp\/v2\/posts"}],"about":[{"href":"https:\/\/www.freiburg-schwarzwald.de\/blog\/wp-json\/wp\/v2\/types\/post"}],"author":[{"embeddable":true,"href":"https:\/\/www.freiburg-schwarzwald.de\/blog\/wp-json\/wp\/v2\/users\/2"}],"replies":[{"embeddable":true,"href":"https:\/\/www.freiburg-schwarzwald.de\/blog\/wp-json\/wp\/v2\/comments?post=51759"}],"version-history":[{"count":0,"href":"https:\/\/www.freiburg-schwarzwald.de\/blog\/wp-json\/wp\/v2\/posts\/51759\/revisions"}],"wp:attachment":[{"href":"https:\/\/www.freiburg-schwarzwald.de\/blog\/wp-json\/wp\/v2\/media?parent=51759"}],"wp:term":[{"taxonomy":"category","embeddable":true,"href":"https:\/\/www.freiburg-schwarzwald.de\/blog\/wp-json\/wp\/v2\/categories?post=51759"},{"taxonomy":"post_tag","embeddable":true,"href":"https:\/\/www.freiburg-schwarzwald.de\/blog\/wp-json\/wp\/v2\/tags?post=51759"}],"curies":[{"name":"wp","href":"https:\/\/api.w.org\/{rel}","templated":true}]}}