{"id":51756,"date":"2014-12-01T11:19:36","date_gmt":"2014-12-01T10:19:36","guid":{"rendered":"https:\/\/www.freiburg-schwarzwald.de\/blog\/?p=51756"},"modified":"2014-12-01T11:19:36","modified_gmt":"2014-12-01T10:19:36","slug":"islam-soll-terror-verurteilen","status":"publish","type":"post","link":"https:\/\/www.freiburg-schwarzwald.de\/blog\/islam-soll-terror-verurteilen\/","title":{"rendered":"Islam soll Terror verurteilen"},"content":{"rendered":"<p>Bei seinem <a title=\"Tuerkei\" href=\"https:\/\/www.freiburg-schwarzwald.de\/blog\/global\/tuerkei\/\">T\u00fcrkei<\/a>-Besuch sagte Papst Franziskus dem Pr\u00e4sidenten Erdogan, es w\u00e4re &#8222;wunderbar, wenn alle muslimischen F\u00fchrer in der Welt &#8211; politische, religi\u00f6se und akademische &#8211; mit deutlichen Worten&#8220; die <a title=\"Gewalt\" href=\"https:\/\/www.freiburg-schwarzwald.de\/blog\/selbsthilfe\/krise\/gewalt\/\">Gewalt<\/a> weltweit &#8222;verurteilen&#8220; w\u00fcrden, die dem Ansehen des <a title=\"Islam\" href=\"https:\/\/www.freiburg-schwarzwald.de\/blog\/religion\/islam\/\">Islam<\/a> schade. Eine solche <a title=\"Frieden\" href=\"https:\/\/www.freiburg-schwarzwald.de\/blog\/engagement\/zukunft\/frieden\/\">Botschaft<\/a> w\u00fcrde der &#8222;Mehrheit der Muslime helfen&#8220;, sagte der Papst vor Journalisten.<!--more--> &#8222;Wir alle bed\u00fcrfen einer globalen Verurteilung&#8220; der missbr\u00e4uchlich im Namen des Islam ver\u00fcbten Gr\u00e4ueltaten. Aus den gegenw\u00e4rtigen Krisen erwachse die Gefahr f\u00fcr alle Muslime, Opfer von Vergeltung zu werden. &#8222;So viele Muslime sind verletzt und sagen: &#8218;Wir sind nicht diese Menschen (Extremisten), der Koran ist ein Werk des Friedens&#8216;.&#8220; &#8230;.<br \/>\nMehr dazu vom 1.12.2014 bitte lesen auf<br \/>\n<a href=\"https:\/\/www.spiegel.de\/panorama\/papst-franziskus-muslimische-fuehrer-sollen-terror-verurteilen-a-1005879.html\">https:\/\/www.spiegel.de\/panorama\/papst-franziskus-muslimische-fuehrer-sollen-terror-verurteilen-a-1005879.html<\/a><\/p>\n","protected":false},"excerpt":{"rendered":"<p>Bei seinem T\u00fcrkei-Besuch sagte Papst Franziskus dem Pr\u00e4sidenten Erdogan, es w\u00e4re &#8222;wunderbar, wenn alle muslimischen F\u00fchrer in der Welt &#8211; politische, religi\u00f6se und akademische &#8211; mit deutlichen Worten&#8220; die Gewalt weltweit &#8222;verurteilen&#8220; w\u00fcrden, die dem Ansehen des Islam schade. Eine &hellip; <a href=\"https:\/\/www.freiburg-schwarzwald.de\/blog\/islam-soll-terror-verurteilen\/\">Weiterlesen <span class=\"meta-nav\">&rarr;<\/span><\/a><\/p>\n","protected":false},"author":2,"featured_media":0,"comment_status":"open","ping_status":"closed","sticky":false,"template":"","format":"standard","meta":{"footnotes":""},"categories":[14,19,172],"tags":[520,732,421,320],"class_list":["post-51756","post","type-post","status-publish","format-standard","hentry","category-global","category-religion","category-zukunft","tag-frieden","tag-gewalt","tag-islam","tag-papst"],"_links":{"self":[{"href":"https:\/\/www.freiburg-schwarzwald.de\/blog\/wp-json\/wp\/v2\/posts\/51756","targetHints":{"allow":["GET"]}}],"collection":[{"href":"https:\/\/www.freiburg-schwarzwald.de\/blog\/wp-json\/wp\/v2\/posts"}],"about":[{"href":"https:\/\/www.freiburg-schwarzwald.de\/blog\/wp-json\/wp\/v2\/types\/post"}],"author":[{"embeddable":true,"href":"https:\/\/www.freiburg-schwarzwald.de\/blog\/wp-json\/wp\/v2\/users\/2"}],"replies":[{"embeddable":true,"href":"https:\/\/www.freiburg-schwarzwald.de\/blog\/wp-json\/wp\/v2\/comments?post=51756"}],"version-history":[{"count":0,"href":"https:\/\/www.freiburg-schwarzwald.de\/blog\/wp-json\/wp\/v2\/posts\/51756\/revisions"}],"wp:attachment":[{"href":"https:\/\/www.freiburg-schwarzwald.de\/blog\/wp-json\/wp\/v2\/media?parent=51756"}],"wp:term":[{"taxonomy":"category","embeddable":true,"href":"https:\/\/www.freiburg-schwarzwald.de\/blog\/wp-json\/wp\/v2\/categories?post=51756"},{"taxonomy":"post_tag","embeddable":true,"href":"https:\/\/www.freiburg-schwarzwald.de\/blog\/wp-json\/wp\/v2\/tags?post=51756"}],"curies":[{"name":"wp","href":"https:\/\/api.w.org\/{rel}","templated":true}]}}