{"id":51667,"date":"2014-11-28T20:25:03","date_gmt":"2014-11-28T19:25:03","guid":{"rendered":"https:\/\/www.freiburg-schwarzwald.de\/blog\/?p=51667"},"modified":"2015-09-01T16:36:14","modified_gmt":"2015-09-01T14:36:14","slug":"fluechtlinge-wohnungsleerstand","status":"publish","type":"post","link":"https:\/\/www.freiburg-schwarzwald.de\/blog\/fluechtlinge-wohnungsleerstand\/","title":{"rendered":"Fluechtlinge Wohnungsleerstand"},"content":{"rendered":"<p>Die Universit\u00e4tsstadt G\u00f6ttingen kann aufgrund der <a title=\"Wohnen\" href=\"https:\/\/www.freiburg-schwarzwald.de\/blog\/business\/dienste\/immobilien\/wohnen\/\">Wohnungsnot<\/a> kaum weitere <a title=\"Fluechtlinge\" href=\"https:\/\/www.freiburg-schwarzwald.de\/blog\/global\/integration\/fluechtlinge\/\">Fl\u00fcchtlinge<\/a>\u00a0aufnehmen, w\u00e4hrend das benachbarte Goslar\u00a0aufgrund Demografie und Landflucht schrumpft und <a title=\"Wohnungsleerstand\" href=\"https:\/\/www.freiburg-schwarzwald.de\/blog\/business\/dienste\/immobilien\/wohnen\/wohnungsleerstand\/\">Wohnungsleerstand<\/a> beklagt. Deshalb will OB Oliver Junk, 38,\u00a0(CDU) mehr <a title=\"Asyl\" href=\"https:\/\/www.freiburg-schwarzwald.de\/blog\/global\/integration\/asyl\/\">Fl\u00fcchtlinge<\/a> aufnehmen als er mu\u00df: &#8222;Es ist doch absurd, dass sie in G\u00f6ttingen teuer neue Gemeinschaftsunterk\u00fcnfte f\u00fcr Fl\u00fcchtlinge bauen m\u00fcssen, w\u00e4hrend <a title=\"Sozialwohnung\" href=\"https:\/\/www.freiburg-schwarzwald.de\/blog\/business\/dienste\/immobilien\/wohnen\/sozialwohnung\/\">hier leer stehende Wohnungen<\/a> verrotten&#8220;.<!--more--><\/p>\n<p>Einwohnerzahl und Pro-Kopf-Steueraufkommen entscheiden derzeit in Deutschland dar\u00fcber, wie viele Fl\u00fcchtlinge eine Kommune aufnehmen mu\u00df. Dieser Verteilungsschl\u00fcssel\u00a0&#8218;Je gr\u00f6\u00dfer eine Stadt, desto mehr Fl\u00fcchtlinge&#8216; mag theoretisch gerecht erscheinen, ist in der Praxis aber gescheitert, da gerade in Gro\u00dfst\u00e4dten und Ballungsgebieten Wohnraum zunehmend knapp und f\u00fcr Sozialwohnungen unbezahlbar ist.\u00a0&#8222;F\u00fcr Goslar hingegen sind Fl\u00fcchtlinge eine Chance&#8220; &#8211; Junk sieht in den Fl\u00fcchtlingen nicht nur Menschen in Not, sondern junge Familien, Fachkr\u00e4fte und junge B\u00fcrger, die eine alternde 50000-Einwohner-Stadt wie Goslar (die in 10 Jahren 4000 B\u00fcrger verloren hat)lebendiger machen k\u00f6nnen.<\/p>\n<p>&#8222;Ich habe Wohnraum und eine Idee&#8220; &#8211; so Junk, der wei\u00df, dass nach dem ersten Schritt der Aufnahme von Fl\u00fcchtlingen als zweiter, viel schwieriger Schritt folgt,\u00a0diese zu integrieren. Dazu braucht der Oberb\u00fcrgermeister von Goslar Geld und Partner: Vermieter, Unternehmen, Vereine und Ehrenamtliche. Man kann dem OB Junk nur viel Gl\u00fcck w\u00fcnschen und die Frage stellen: Gibt es in Deutschland nicht viele &#8222;Goslar&#8220;?<br \/>\n28.11.2014<\/p>\n<p>&nbsp;<\/p>\n<p><strong>Goslar will mehr Fl\u00fcchtlinge aufnehmen als es gem\u00e4\u00df Verteilungsschl\u00fcssel mu\u00df<\/strong><br \/>\n&#8230; Auf Junks Schreibtisch landete auch ein Angebot der Firma KommConsult: ein Containersystem aus 250 vorgefertigten Modulen zur Unterbringung von 120 Personen. Lieferzeit sofort, Preis 1.940.000 Euro. Er sch\u00fcttelt den Kopf, als er davon erz\u00e4hlt. Es ist genau das, was er nicht will. Er steht vor einer gelb get\u00fcnchten H\u00e4userreihe im Stadtteil J\u00fcrgenohl und zeigt auf eine leer stehende Wohnung im ersten Stock. Er habe mit dem Gesch\u00e4ftsf\u00fchrer der hiesigen Geb\u00e4udeverwaltung telefoniert, erz\u00e4hlt er. Allein sie k\u00f6nnte 70 Wohnungen f\u00fcr Fl\u00fcchtlinge bereitstellen. &#8230;.<br \/>\nAlles vom 27.11.2014 bitte lesen in DIE ZEIT, Seite 4 oder auf<br \/>\n<a href=\"https:\/\/www.zeit.de\/2014\/49\/fluechtlinge-goslar-buergermeister\">https:\/\/www.zeit.de\/2014\/49\/fluechtlinge-goslar-buergermeister<\/a><\/p>\n<p>&nbsp;<\/p>\n<p><strong>Fl\u00fcchtlinge anders verteilen<\/strong><br \/>\nBisher werden Fl\u00fcchtlinge nach Einwohnerzahl verteilt. Gro\u00dfe St\u00e4dte m\u00fcssen mehr aufnehmen, Mittelst\u00e4dte wie Goslar weniger. Wir aber haben hier keinen \u00fcberhitzten Wohnungsmarkt. Ich freue mich \u00fcber jeden, der hier eine Wohnung sucht und bucht. Viele gr\u00f6\u00dfere St\u00e4dte dagegen m\u00fcssen sogar Zelte aufbauen. Damit machen wir einen\u00a0Riesenfehler. Integration gelingt oder gelingt nicht in den ersten Monaten. Voraussetzung f\u00fcr gelungene Integration aber ist, dass wir die Menschen dezentral unterbringen. Das ist \u00fcberhaupt keine \u00dcberbelastung f\u00fcr dieses reiche Land. Viele von ihnen werden auf Dauer in Deutschland bleiben, und das ist nicht zu unserem Nachteil. Darum sollten wir dar\u00fcber reden, dass wir Fl\u00fcchtlinge anders verteilen und sie mehr in Regionen schicken, die das Potenzial haben, sie aufzunehmen. Dazu geh\u00f6rt\u00a0Goslar. &#8230;&#8230; Mehr von OB Oliver Junk vom 21.11.2014 auf<br \/>\n<a href=\"https:\/\/www.sueddeutsche.de\/politik\/oberbuergermeister-oliver-junk-goslar-profitiert-von-fluechtlingen-1.2230279\">https:\/\/www.sueddeutsche.de\/politik\/oberbuergermeister-oliver-junk-goslar-profitiert-von-fluechtlingen-1.2230279<\/a><\/p>\n<p>&nbsp;<\/p>\n<p><strong>Sieben Gr\u00fcnde, warum Goslar ein Vorbild f\u00fcr ganz Deutschland ist<br \/>\n<\/strong>W\u00e4hrend die Bundesregierung Milliardengeschenke an ihre alternde W\u00e4hlerschaft verteilt und kaum Neigung f\u00fcr die L\u00f6sung von Zukunftsproblemen erkennen l\u00e4sst, handelt Goslar mit einer klaren Vision. Nat\u00fcrlich sind kleine und mittlere St\u00e4dte auf dem Land von Wegzug und \u00dcberalterung bedroht. Aber ebenso richtig ist, dass Deutschland schon immer ein Zuwanderungsland war. Von den Hugenotten \u00fcber die Ruhrpolen bis hin zu den Sp\u00e4taussiedlern \u2013 alle haben ihren Teil dazu beigetragen, das Land menschlich, kulturell aber auch wirtschaftlich zu bereichern. Dass Junk nun die Chance ergreift, zeichnet ihn aus. Man w\u00fcrde sich w\u00fcnschen, dass Politiker immer so angstfrei im Sinne ihres W\u00e4hlerauftrages handeln w\u00fcrden. &#8230;. Alles vom 21.11.2014 bitte lesen auf<br \/>\n<a href=\"https:\/\/www.huffingtonpost.de\/2014\/11\/21\/goslar-fluechtlinge_n_6198632.html \">https:\/\/www.huffingtonpost.de\/2014\/11\/21\/goslar-fluechtlinge_n_6198632.html <\/a><\/p>\n","protected":false},"excerpt":{"rendered":"<p>Die Universit\u00e4tsstadt G\u00f6ttingen kann aufgrund der Wohnungsnot kaum weitere Fl\u00fcchtlinge\u00a0aufnehmen, w\u00e4hrend das benachbarte Goslar\u00a0aufgrund Demografie und Landflucht schrumpft und Wohnungsleerstand beklagt. Deshalb will OB Oliver Junk, 38,\u00a0(CDU) mehr Fl\u00fcchtlinge aufnehmen als er mu\u00df: &#8222;Es ist doch absurd, dass sie in &hellip; <a href=\"https:\/\/www.freiburg-schwarzwald.de\/blog\/fluechtlinge-wohnungsleerstand\/\">Weiterlesen <span class=\"meta-nav\">&rarr;<\/span><\/a><\/p>\n","protected":false},"author":2,"featured_media":0,"comment_status":"open","ping_status":"closed","sticky":false,"template":"","format":"standard","meta":{"footnotes":""},"categories":[90,155],"tags":[481,485,725,34],"class_list":["post-51667","post","type-post","status-publish","format-standard","hentry","category-immobilien","category-integration","tag-asyl","tag-refugee","tag-integration","tag-probewohnen"],"_links":{"self":[{"href":"https:\/\/www.freiburg-schwarzwald.de\/blog\/wp-json\/wp\/v2\/posts\/51667","targetHints":{"allow":["GET"]}}],"collection":[{"href":"https:\/\/www.freiburg-schwarzwald.de\/blog\/wp-json\/wp\/v2\/posts"}],"about":[{"href":"https:\/\/www.freiburg-schwarzwald.de\/blog\/wp-json\/wp\/v2\/types\/post"}],"author":[{"embeddable":true,"href":"https:\/\/www.freiburg-schwarzwald.de\/blog\/wp-json\/wp\/v2\/users\/2"}],"replies":[{"embeddable":true,"href":"https:\/\/www.freiburg-schwarzwald.de\/blog\/wp-json\/wp\/v2\/comments?post=51667"}],"version-history":[{"count":0,"href":"https:\/\/www.freiburg-schwarzwald.de\/blog\/wp-json\/wp\/v2\/posts\/51667\/revisions"}],"wp:attachment":[{"href":"https:\/\/www.freiburg-schwarzwald.de\/blog\/wp-json\/wp\/v2\/media?parent=51667"}],"wp:term":[{"taxonomy":"category","embeddable":true,"href":"https:\/\/www.freiburg-schwarzwald.de\/blog\/wp-json\/wp\/v2\/categories?post=51667"},{"taxonomy":"post_tag","embeddable":true,"href":"https:\/\/www.freiburg-schwarzwald.de\/blog\/wp-json\/wp\/v2\/tags?post=51667"}],"curies":[{"name":"wp","href":"https:\/\/api.w.org\/{rel}","templated":true}]}}