{"id":51659,"date":"2014-11-28T17:15:20","date_gmt":"2014-11-28T16:15:20","guid":{"rendered":"https:\/\/www.freiburg-schwarzwald.de\/blog\/?p=51659"},"modified":"2021-06-06T19:40:34","modified_gmt":"2021-06-06T17:40:34","slug":"elisabethschwestern-fr-bobbele","status":"publish","type":"post","link":"https:\/\/www.freiburg-schwarzwald.de\/blog\/elisabethschwestern-fr-bobbele\/","title":{"rendered":"Elisabethschwestern FR Bobbele"},"content":{"rendered":"<p>Nach dem Ende des <a title=\"Klinik\" href=\"https:\/\/www.freiburg-schwarzwald.de\/blog\/business\/gesund\/klinik\/\">Elisabeth-Krankenhauses<\/a> f\u00fcr Geburtshilfe gr\u00fcndete sich der &#8222;F\u00f6rderverein St.Elisabethschwestern&#8220; mit 67 Mitgliedern und 26 Ordensfrauen, um die &#8222;Sisters of St.Elisabeth&#8220; in <a title=\"EineWelt\" href=\"https:\/\/www.freiburg-schwarzwald.de\/blog\/global\/einewelt\/\">Indien<\/a> und benachteiligte Menschen in FR zu unterst\u00fctzen. Seit 2013 ist Schwester Lincy aus <a href=\"https:\/\/www.freiburg-schwarzwald.de\/blog\/global\/indien\/\">Kerala<\/a> Generaloberin im Freiburger Mutterhaus an der Dreisamstrasse. Sind Sie im &#8222;Elisabeth&#8220; geboren? Dann beantragen sie doch eine &#8222;Bobbele-Urkunde&#8220; f\u00fcr nur 35 Euro, <!--more-->die als Spende den sozialen Projekten der Elisabethschwestern zugute kommen. Zwischen 1928 und 2012 kamen im &#8222;Elisabeth&#8220; \u00fcber 55.000 Kinder zur Welt &#8211; und Sie geh\u00f6ren dazu?<\/p>\n<p>&nbsp;<\/p>\n<p><strong>Freiburger Bobbele &#8211; nur echt, wenn im Elisabeth geboren<\/strong><br \/>\nAber woher kommt die Bobbele-Tradition \u00fcberhaupt? Schwester Lamberta, die Vertreterin der Generaloberin Schwester Lincy, ist selbst als Bobbele im St. Elisabeth-Krankenhaus geboren \u2013 sie erz\u00e4hlt die Geschichte, die seit langem als Ursprung gilt: Eine Kinderkrankenschwester habe, als sie eines der frisch geborenen Babys im Arm hielt, begeistert gerufen: &#8222;Ist das ein goldiges Bobbele!&#8220; Die ersten zwei Bobbele, die 1929 im St- Elisabeth-Krankenhaus zur Welt kamen, leben \u00fcbrigens auch heute noch in Freiburg&#8230;.. Mehr auf<br \/>\n<a href=\"https:\/\/www.badische-zeitung.de\/freiburg\/hintergrund-nur-fuer-echte-bobbele--95430028.html\">https:\/\/www.badische-zeitung.de\/freiburg\/hintergrund-nur-fuer-echte-bobbele&#8211;95430028.html<\/a><\/p>\n<p>&nbsp;<\/p>\n<p><strong>Die Br\u00fccke nach Indien<!-- RSPEAK_STOP --><br \/>\n<\/strong>Was der Mensch s\u00e4t, das wird er ernten. Viele Jahrzehnte hat die Gemeinschaft der St. Elisabethschwestern in Freiburg Gutes getan. Einen Ort des himmlischen Friedens an der Dreisam geschaffen, der vielen Freiburgern den Weg ins Leben ebnete. Anfang der 60er Jahre fiel ein Samenkorn nach Indien. Heute, Gottes Wege sind unergr\u00fcndlich, \u00fcberfl\u00fcgelt der indische Ableger das Stammhaus in Freiburg. Mehr noch: Die Zukunft der deutschen Schwestern in Freiburg ist ungewiss, denn es mangelt an Nachwuchs hierzulande. Nach der Schlie\u00dfung des Krankenhauses stellt sich die Frage nach der Zukunft. Wird sich der Freiburger Ursprung verlieren oder gelingt es, eine Br\u00fccke nach Indien zu bauen. Ganz im Sinne der Ordensgr\u00fcnderin Mathilde Otto &#8222;den Gott der Liebe in sich tragend, selbstlos dienen&#8220;. Die indischen Schwestern suchen eine neue Mission f\u00fcr ihr Freiburger Stammhaus. Doch kann ausgerechnet aus einem Land mit unvorstellbarer Armut Hilfe f\u00fcr eine Stadt kommen, die in nie gekanntem Wohlstand lebt? Dies ist keine Frage. Eine rasch alternde Gesellschaft braucht jede menschliche Hand. Ob sie alemannischer oder s\u00fcdindischer Herkunft ist, wird zweitrangig sein. Die Antwort liegt also in der Luft. Die Heilige Schrift lehrt uns: Suchet, so werdet ihr finden.<br \/>\n28.11.2014, Gerhard Kempter, Vors. F\u00f6rderverein St.Elisabethschwestern<br \/>\n.<br \/>\n<strong>Schwester Lincy, die neue Chefin aus Indien<\/strong><br \/>\nAls Schwester Lincy (49) im Juni 2013 als neue Generaloberin ins Mutterhaus der Elisabethschwestern in der Dreisamstra\u00dfe einzog, war das Krankenhaus St. Elisabeth Geschichte. Bis 2012 war es hier untergebracht, jahrzehntelang hatten nur Babys, die dort geboren wurden, als echte &#8222;Bobbele&#8220; gegolten. Jetzt sind in den zwei einstigen Krankenhaus-Stockwerken die Caritas-Akademie f\u00fcr Gesundheits- und Sozialberufe und ein Kinderchirurg aus der fr\u00fcheren Klinik. Die 26 Elisabethschwestern, von denen mittlerweile die H\u00e4lfte aus Indien stammt, suchen neue Aufgaben&#8230; Alles vom 28.11.2014 bitte lesen auf<br \/>\n<a href=\"https:\/\/www.badische-zeitung.de\/freiburg\/die-neue-chefin-aus-indien--95431632.html\">https:\/\/www.badische-zeitung.de\/freiburg\/die-neue-chefin-aus-indien&#8211;95431632.html<\/a><\/p>\n<ul>\n<li><a href=\"https:\/\/www.freiburg-schwarzwald.de\/blog\/global\/indien\/\">Freiburger Elisabethschwestern k\u00e4mpfen gegen Corona-Lage in Indien an<\/a> (5.6.2021)<\/li>\n<\/ul>\n<p><strong>Auf der Suche nach Neuem<\/strong><br \/>\nDie zurzeit rund 100 indischen &#8222;Sisters of St. Elisabeth&#8220; leben in 19 Niederlassungen in sechs indischen Bundesstaaten. Sie arbeiten unter anderem in Schulen (mit insgesamt 6500 Kindern), Internaten (mit 450 Kindern), Kinderg\u00e4rten oder in der Krankenpflege. Die Einrichtungen stehen Kindern aus allen Schichten und Religionen offen. Der Orden wurde 1974 in Indien gegr\u00fcndet. Ausgangspunkt war das Jahr 1962, als zum ersten Mal junge Frauen aus Kerala zu den Elisabethschwestern nach Freiburg gekommen waren\u00a0&#8230;. Alles vom 28.11.2014 bitte lesen auf<br \/>\n<a href=\"https:\/\/www.badische-zeitung.de\/freiburg\/auf-der-suche-nach-neuem--95430142.html\">https:\/\/www.badische-zeitung.de\/freiburg\/auf-der-suche-nach-neuem&#8211;95430142.html<\/a><\/p>\n<p>&nbsp;<\/p>\n<p>F\u00f6rderverein St. Elisabethschwestern e.V.<b><\/b> Dreisamstr. 15-17, 79098 Freiburg, Telefon 0761 3887-128\/129 <a href=\"https:\/\/www.elisabethschwestern.de\">www.elisabethschwestern.de<\/a> <a href=\"https:\/\/www.foerderverein-elisabethschwestern.de\">www.foerderverein-elisabethschwestern.de<\/a> \u00a0<b><\/b><\/p>\n","protected":false},"excerpt":{"rendered":"<p>Nach dem Ende des Elisabeth-Krankenhauses f\u00fcr Geburtshilfe gr\u00fcndete sich der &#8222;F\u00f6rderverein St.Elisabethschwestern&#8220; mit 67 Mitgliedern und 26 Ordensfrauen, um die &#8222;Sisters of St.Elisabeth&#8220; in Indien und benachteiligte Menschen in FR zu unterst\u00fctzen. Seit 2013 ist Schwester Lincy aus Kerala Generaloberin &hellip; <a href=\"https:\/\/www.freiburg-schwarzwald.de\/blog\/elisabethschwestern-fr-bobbele\/\">Weiterlesen <span class=\"meta-nav\">&rarr;<\/span><\/a><\/p>\n","protected":false},"author":2,"featured_media":0,"comment_status":"open","ping_status":"closed","sticky":false,"template":"","format":"standard","meta":{"footnotes":""},"categories":[59,158,261],"tags":[368,612,47],"class_list":["post-51659","post","type-post","status-publish","format-standard","hentry","category-frauen","category-gesund","category-katholisch","tag-baby","tag-frau","tag-klinik"],"_links":{"self":[{"href":"https:\/\/www.freiburg-schwarzwald.de\/blog\/wp-json\/wp\/v2\/posts\/51659","targetHints":{"allow":["GET"]}}],"collection":[{"href":"https:\/\/www.freiburg-schwarzwald.de\/blog\/wp-json\/wp\/v2\/posts"}],"about":[{"href":"https:\/\/www.freiburg-schwarzwald.de\/blog\/wp-json\/wp\/v2\/types\/post"}],"author":[{"embeddable":true,"href":"https:\/\/www.freiburg-schwarzwald.de\/blog\/wp-json\/wp\/v2\/users\/2"}],"replies":[{"embeddable":true,"href":"https:\/\/www.freiburg-schwarzwald.de\/blog\/wp-json\/wp\/v2\/comments?post=51659"}],"version-history":[{"count":1,"href":"https:\/\/www.freiburg-schwarzwald.de\/blog\/wp-json\/wp\/v2\/posts\/51659\/revisions"}],"predecessor-version":[{"id":91386,"href":"https:\/\/www.freiburg-schwarzwald.de\/blog\/wp-json\/wp\/v2\/posts\/51659\/revisions\/91386"}],"wp:attachment":[{"href":"https:\/\/www.freiburg-schwarzwald.de\/blog\/wp-json\/wp\/v2\/media?parent=51659"}],"wp:term":[{"taxonomy":"category","embeddable":true,"href":"https:\/\/www.freiburg-schwarzwald.de\/blog\/wp-json\/wp\/v2\/categories?post=51659"},{"taxonomy":"post_tag","embeddable":true,"href":"https:\/\/www.freiburg-schwarzwald.de\/blog\/wp-json\/wp\/v2\/tags?post=51659"}],"curies":[{"name":"wp","href":"https:\/\/api.w.org\/{rel}","templated":true}]}}