{"id":51652,"date":"2014-11-28T16:49:33","date_gmt":"2014-11-28T15:49:33","guid":{"rendered":"https:\/\/www.freiburg-schwarzwald.de\/blog\/?p=51652"},"modified":"2014-11-28T16:58:15","modified_gmt":"2014-11-28T15:58:15","slug":"kinderschutzbund-freiburg-40","status":"publish","type":"post","link":"https:\/\/www.freiburg-schwarzwald.de\/blog\/kinderschutzbund-freiburg-40\/","title":{"rendered":"Kinderschutzbund Freiburg 40"},"content":{"rendered":"<p>Vor 40 Jahren ist der <a title=\"Kinderschutzbund\" href=\"https:\/\/www.freiburg-schwarzwald.de\/blog\/selbsthilfe\/kinder\/kinderschutzbund\/\">Kinderschutzbund Freiburg<\/a> von engagierten <a title=\"Familie\" href=\"https:\/\/www.freiburg-schwarzwald.de\/blog\/selbsthilfe\/familie\/\">Eltern<\/a> in einem Haslacher Wohnzimmer gegr\u00fcndet worden. 200 Mitglieder, vier Teilzeitkr\u00e4fte und 70 Ehrenamtliche (10% M\u00e4nner) fordern, <a title=\"Kinder\" href=\"https:\/\/www.freiburg-schwarzwald.de\/blog\/selbsthilfe\/kinder\/\">Kinderrechte<\/a> in Grundgesetz und Landesverfassung zu verankern. Vom KSB angesto\u00dfen wurden u.a.\u00a0<a title=\"Wildwasser\" href=\"https:\/\/www.freiburg-schwarzwald.de\/blog\/selbsthilfe\/frauen\/wildwasser\/\">Wildwasser<\/a>, <a title=\"Wendepunkt\" href=\"https:\/\/www.freiburg-schwarzwald.de\/blog\/selbsthilfe\/kinder\/wendepunkt\/\">Wendepunkt<\/a> und Fr\u00fche Hilfen. Gesucht werden Freiwillige f\u00fcr Kindertelefon und den gegleiteten Umgang. <!--more--><\/p>\n<p>&nbsp;<\/p>\n<p><strong>Erfolgreiche Lobbyarbeit f\u00fcr die Kleinen<\/strong><br \/>\nAls &#8222;hochgesch\u00e4tztes Dienstleistungsangebot in Stadt und Landkreis&#8220; erf\u00e4hrt die Vorsitzende den &#8222;begleiteten Umgang&#8220; f\u00fcr Kinder und Eltern nach einer strittigen Trennung oder Scheidung. 140 Familien werden pro Jahr 1000 Stunden von haupt- und ehrenamtlichen Mitarbeitern begleitet. &#8222;Das Angebot hat sich in den letzten zehn Jahren verdoppelt&#8220;, sagt Gesch\u00e4ftsf\u00fchrerin Valeska Wilczek&#8230;.<br \/>\nAlles vom 28.11.2014 bitte lesen auf<br \/>\n<a href=\"https:\/\/www.badische-zeitung.de\/freiburg\/erfolgreiche-lobbyarbeit-fuer-die-kleinen--95430060.html\">https:\/\/www.badische-zeitung.de\/freiburg\/erfolgreiche-lobbyarbeit-fuer-die-kleinen&#8211;95430060.html<\/a><\/p>\n","protected":false},"excerpt":{"rendered":"<p>Vor 40 Jahren ist der Kinderschutzbund Freiburg von engagierten Eltern in einem Haslacher Wohnzimmer gegr\u00fcndet worden. 200 Mitglieder, vier Teilzeitkr\u00e4fte und 70 Ehrenamtliche (10% M\u00e4nner) fordern, Kinderrechte in Grundgesetz und Landesverfassung zu verankern. Vom KSB angesto\u00dfen wurden u.a.\u00a0Wildwasser, Wendepunkt und &hellip; <a href=\"https:\/\/www.freiburg-schwarzwald.de\/blog\/kinderschutzbund-freiburg-40\/\">Weiterlesen <span class=\"meta-nav\">&rarr;<\/span><\/a><\/p>\n","protected":false},"author":2,"featured_media":0,"comment_status":"open","ping_status":"closed","sticky":false,"template":"","format":"standard","meta":{"footnotes":""},"categories":[104,61],"tags":[717,488,586],"class_list":["post-51652","post","type-post","status-publish","format-standard","hentry","category-hilfe","category-kinder","tag-ehrenamt","tag-child","tag-verein"],"_links":{"self":[{"href":"https:\/\/www.freiburg-schwarzwald.de\/blog\/wp-json\/wp\/v2\/posts\/51652","targetHints":{"allow":["GET"]}}],"collection":[{"href":"https:\/\/www.freiburg-schwarzwald.de\/blog\/wp-json\/wp\/v2\/posts"}],"about":[{"href":"https:\/\/www.freiburg-schwarzwald.de\/blog\/wp-json\/wp\/v2\/types\/post"}],"author":[{"embeddable":true,"href":"https:\/\/www.freiburg-schwarzwald.de\/blog\/wp-json\/wp\/v2\/users\/2"}],"replies":[{"embeddable":true,"href":"https:\/\/www.freiburg-schwarzwald.de\/blog\/wp-json\/wp\/v2\/comments?post=51652"}],"version-history":[{"count":0,"href":"https:\/\/www.freiburg-schwarzwald.de\/blog\/wp-json\/wp\/v2\/posts\/51652\/revisions"}],"wp:attachment":[{"href":"https:\/\/www.freiburg-schwarzwald.de\/blog\/wp-json\/wp\/v2\/media?parent=51652"}],"wp:term":[{"taxonomy":"category","embeddable":true,"href":"https:\/\/www.freiburg-schwarzwald.de\/blog\/wp-json\/wp\/v2\/categories?post=51652"},{"taxonomy":"post_tag","embeddable":true,"href":"https:\/\/www.freiburg-schwarzwald.de\/blog\/wp-json\/wp\/v2\/tags?post=51652"}],"curies":[{"name":"wp","href":"https:\/\/api.w.org\/{rel}","templated":true}]}}