{"id":51635,"date":"2014-11-27T11:58:08","date_gmt":"2014-11-27T10:58:08","guid":{"rendered":"https:\/\/www.freiburg-schwarzwald.de\/blog\/?p=51635"},"modified":"2014-11-27T16:07:37","modified_gmt":"2014-11-27T15:07:37","slug":"mtb-hexenwaeldele-teamarbeit","status":"publish","type":"post","link":"https:\/\/www.freiburg-schwarzwald.de\/blog\/mtb-hexenwaeldele-teamarbeit\/","title":{"rendered":"MTB Hexenwaeldele Teamarbeit"},"content":{"rendered":"<p class=\"western\"><span style=\"font-family: Arial, sans-serif;\"><span style=\"font-size: small;\">Bereits zum dritten Mal trafen sich jetzt Kinder, Jugendliche und Erwachsene der<a title=\"Sportvereine\" href=\"https:\/\/www.freiburg-schwarzwald.de\/blog\/sport\/sportvereine\/\"> Bikeschule <\/a>und Ski- und Radabteilung des <a title=\"SVkirchzarten\" href=\"https:\/\/www.freiburg-schwarzwald.de\/blog\/sport\/sportvereine\/svkirchzarten\/\">SV Kirchzarten<\/a> im Hexenw\u00e4ldele zum Arbeitseinsatz. Nachdem Mitarbeiter des Bauhofs der <a title=\"MTB-Kirchzarten\" href=\"https:\/\/www.freiburg-schwarzwald.de\/blog\/sport\/sportlern\/biken\/mtb-kirchzarten\/\">Gemeinde Kirchzarten<\/a>\u00a0bereits einiges an Vorarbeit geleistet hatten, liegt es nun bei den Mountainbikern selbst, den von der Duldung durch das Landratsamt und die Gemeindeverwaltung erfassten <\/span><\/span><\/p>\n<p class=\"western\"><!--more--><\/p>\n<p class=\"western\"><span style=\"font-family: Arial, sans-serif;\"><span style=\"font-size: small;\"><span style=\"font-family: Arial, sans-serif;\"><span style=\"font-size: small;\">Gel\u00e4ndeabschnitt so herzurichten, dass im Fr\u00fchjahr 2015 das Training endlich wieder stattfinden kann. Die Pause im gesamten Jahr 2014 war f\u00fcr die Sportlerinnen und Sportler eine harte Probe. Umso motivierter sind nun alle dabei wenn es gilt, gemeinsam anzupacken und den ersten Abschnitt des Gel\u00e4ndes f\u00fcr die Zukunft zu gestalten.<\/span><\/span><\/span><\/span><\/p>\n<p class=\"western\"><span style=\"font-family: Arial, sans-serif;\"><span style=\"font-size: small;\"><a href=\"https:\/\/www.freiburg-schwarzwald.de\/blog\/mtb-hexenwaeldele-teamarbeit\/mtb-hexenwaeldle141125\/\" rel=\"attachment wp-att-51636\"><img loading=\"lazy\" decoding=\"async\" class=\"alignnone size-thumbnail wp-image-51636\" src=\"https:\/\/www.freiburg-schwarzwald.de\/blog\/wp-content\/uploads\/2014\/11\/mtb-hexenwaeldle141125-180x120.jpg\" alt=\"mtb-hexenwaeldle141125\" width=\"180\" height=\"120\" srcset=\"https:\/\/www.freiburg-schwarzwald.de\/blog\/wp-content\/uploads\/2014\/11\/mtb-hexenwaeldle141125-180x120.jpg 180w, https:\/\/www.freiburg-schwarzwald.de\/blog\/wp-content\/uploads\/2014\/11\/mtb-hexenwaeldle141125.jpg 640w\" sizes=\"auto, (max-width: 180px) 100vw, 180px\" \/><\/a><br \/>\n<\/span><\/span><span style=\"font-family: Arial, sans-serif;\"><span style=\"font-size: small;\">Mit gutem Ger\u00e4t und Handarbeit entstehen MTB-Trainingsstrecken am Hexenw\u00e4ldele.\u00a0<\/span><\/span><\/p>\n<p class=\"western\"><span style=\"font-family: Arial, sans-serif;\"><span style=\"font-size: small;\">Unter der sachkundigen Anleitung des Sportwartes Hartmut B\u00f6lts und des Leiters der Bikeschule Matthias Wolf und unterst\u00fctzt von Eltern und Trainern wurden so durch die Bikerinnen und Biker die Konturen der beiden geduldeten Downhillstrecken schon nach dem dritten Arbeitseinsatz deutlich. Gedanklich und in den Gespr\u00e4chen am Rande der Arbeiten wurden die beiden Kurse von den Kinder und Jugendlichen bereits mehrfach durchfahren. Alle Arbeiten wurden nach den Vorgaben und in enger Abstimmung mit dem B\u00fcro \u201eFaktor Gr\u00fcn\u201c \u00f6kologisch begleitet. Die Verantwortlichen der Ski- und Radabteilung bedanken sich bei allen Helfern. Die n\u00e4chsten Arbeitseins\u00e4tze werden wiederum auf der Homepage der Bikeschule bzw. der Ski- und Radabteilung bekannt gegeben.<\/span><\/span><br \/>\n27.11.2014, Gerhard L\u00fcck<\/p>\n","protected":false},"excerpt":{"rendered":"<p>Bereits zum dritten Mal trafen sich jetzt Kinder, Jugendliche und Erwachsene der Bikeschule und Ski- und Radabteilung des SV Kirchzarten im Hexenw\u00e4ldele zum Arbeitseinsatz. Nachdem Mitarbeiter des Bauhofs der Gemeinde Kirchzarten\u00a0bereits einiges an Vorarbeit geleistet hatten, liegt es nun bei &hellip; <a href=\"https:\/\/www.freiburg-schwarzwald.de\/blog\/mtb-hexenwaeldele-teamarbeit\/\">Weiterlesen <span class=\"meta-nav\">&rarr;<\/span><\/a><\/p>\n","protected":false},"author":2,"featured_media":0,"comment_status":"open","ping_status":"closed","sticky":false,"template":"","format":"standard","meta":{"footnotes":""},"categories":[75,54,400,60,72,124],"tags":[568,70,69,252],"class_list":["post-51635","post","type-post","status-publish","format-standard","hentry","category-biken","category-ehrenamt","category-freiwillig","category-jugend","category-sportlern","category-sportvereine-vereine","tag-jugend-2","tag-jugendsport","tag-mtb","tag-ultra-bike"],"_links":{"self":[{"href":"https:\/\/www.freiburg-schwarzwald.de\/blog\/wp-json\/wp\/v2\/posts\/51635","targetHints":{"allow":["GET"]}}],"collection":[{"href":"https:\/\/www.freiburg-schwarzwald.de\/blog\/wp-json\/wp\/v2\/posts"}],"about":[{"href":"https:\/\/www.freiburg-schwarzwald.de\/blog\/wp-json\/wp\/v2\/types\/post"}],"author":[{"embeddable":true,"href":"https:\/\/www.freiburg-schwarzwald.de\/blog\/wp-json\/wp\/v2\/users\/2"}],"replies":[{"embeddable":true,"href":"https:\/\/www.freiburg-schwarzwald.de\/blog\/wp-json\/wp\/v2\/comments?post=51635"}],"version-history":[{"count":0,"href":"https:\/\/www.freiburg-schwarzwald.de\/blog\/wp-json\/wp\/v2\/posts\/51635\/revisions"}],"wp:attachment":[{"href":"https:\/\/www.freiburg-schwarzwald.de\/blog\/wp-json\/wp\/v2\/media?parent=51635"}],"wp:term":[{"taxonomy":"category","embeddable":true,"href":"https:\/\/www.freiburg-schwarzwald.de\/blog\/wp-json\/wp\/v2\/categories?post=51635"},{"taxonomy":"post_tag","embeddable":true,"href":"https:\/\/www.freiburg-schwarzwald.de\/blog\/wp-json\/wp\/v2\/tags?post=51635"}],"curies":[{"name":"wp","href":"https:\/\/api.w.org\/{rel}","templated":true}]}}