{"id":51630,"date":"2014-11-27T15:52:51","date_gmt":"2014-11-27T14:52:51","guid":{"rendered":"https:\/\/www.freiburg-schwarzwald.de\/blog\/?p=51630"},"modified":"2014-11-27T15:57:28","modified_gmt":"2014-11-27T14:57:28","slug":"notschrei-loipe-13-12-opening","status":"publish","type":"post","link":"https:\/\/www.freiburg-schwarzwald.de\/blog\/notschrei-loipe-13-12-opening\/","title":{"rendered":"Notschrei-Loipe 13.12. Opening"},"content":{"rendered":"<p class=\"western\"><span style=\"font-family: Arial, sans-serif;\"><span style=\"font-size: small;\">Mitgliederzahl auf 4.860 gestiegen \u2013 Langlauf-Opening auf 13.\/14. Dezember verschoben. <\/span><\/span><span style=\"font-family: Arial, sans-serif;\"><span style=\"font-size: small;\">Besser konnte die Natur das Ambiente zur Mitgliederversammlung vom <a title=\"Notschrei\" href=\"https:\/\/www.freiburg-schwarzwald.de\/blog\/sport\/sportvereine\/notschrei\/\">Verein Notschrei-Loipe e.V<\/a>. nicht inszenieren. Wenige Zentimeter Neuschnee machten jetzt den ins Loipenhaus an der Passh\u00f6he gekommenen <a title=\"Loipe\" href=\"https:\/\/www.freiburg-schwarzwald.de\/blog\/sport\/sportlern\/ski\/loipe\/\">Skilanglaufsportlern<\/a> Lust auf den kommenden <a title=\"Ski\" href=\"https:\/\/www.freiburg-schwarzwald.de\/blog\/sport\/sportlern\/ski\/\">Winter<\/a>. <\/span><\/span><!--more--><\/p>\n<p class=\"western\"><span style=\"font-family: Arial, sans-serif;\"><span style=\"font-size: small;\">Und die Informationen, die sie vom Vorsitzenden, dem Todtnauer B\u00fcrgermeister Andreas Wie\u00dfner und seinen Vorstandskollegen erhielten, unterstrichen, dass der mit 4.860 Mitgliedern gr\u00f6\u00dfte Loipenverein der Region bestens f\u00fcr die kommende Skisaison ger\u00fcstet ist. <span style=\"font-family: Arial, sans-serif;\"><span style=\"font-size: small;\">Doch zun\u00e4chst galt es, auf den letzten Winter zur\u00fcck zu schauen. Der war ja insgesamt im Schwarzwald einer der schlechtesten der letzten Jahre. Aber nicht am Notschrei, dessen Passh\u00f6he auf 1.119 Metern liegt. Und da die Loipen H\u00f6hen von \u00fcber 1.300 Metern erreichen, bewies sich einmal mehr, dass sich der Winter im Schwarzwald immer mehr auf die h\u00f6chsten Regionen zur\u00fcck zieht. Hinzu kam, dass im Biathlonzentrum Kunstschnee produziert wurde, der auf den dortigen Trainingsstrecken Skilanglauf von November bis April zulie\u00df. Loipenvereins-Mitglieder k\u00f6nnen diese kostenlos nutzen. Insgesamt waren die drei Fahrer der beiden Spurger\u00e4te 521 Stunden damit besch\u00e4ftigt, die \u00fcber 40 Kilometer von Schauinslandspur, St\u00fcbenwasenspur, Haldenloipe und im Biathlonzentrum zu pr\u00e4parieren.<\/span><\/span>Die von Rainer Kiefer geleitete Nordic-Schule am Notschrei hat sich mit Skikursen und Touren weiter etabliert. Und das Angebot f\u00fcr Skiverleih und Skiservice im Service-Center von Egon Hirt fand immer mehr Freunde. Da auch der Kassenbericht von Gesch\u00e4ftsf\u00fchrer Martin Zeiher Zufriedenheit ausstrahlte, war die einstimmige Vorstandsentlastung reine Formsache. Weil erstmals ein hauptamtlicher Pistenfahrer und Hausmeister angestellt wurde, wies der neue Haushaltsplan erh\u00f6hte Lohnkosten aus. Problemlos ging eine im letzten Jahr bereits vorbereitete Satzungs-Neufassung durch.<\/span><\/span><\/p>\n<p class=\"western\"><span style=\"font-family: Arial, sans-serif;\"><span style=\"font-size: small;\">Andreas Wie\u00dfner berichtete von den Ideen einer \u201eAG Standortentwicklung\u201c. Sie soll irgendwann zu einer Zusammenlegung der beiden Vereine \u201eNordic-Center Notschrei\u201c und \u201eNotschrei-Loipe\u201c f\u00fchren: \u201eWir wollen den Notschrei als Einheit pr\u00e4sentieren.\u201c Eine jetzt nahezu fertige neue Homepage wird bereits die Einheit von Nordic-Center, Sparkassen-Biathlon-Arena, Loipen-Verein, Nordic-Schule und Service-Center pr\u00e4sentieren. Vier Gro\u00dfveranstaltungen sollen zuk\u00fcnftig den Notschrei noch attraktiver machen: das Langlauf-Opening mit Skitest und Vortr\u00e4gen (auf 13.\/14. Dezember 2014 geschoben); ein Notschrei-Skimarathon voraussichtlich ab 2017; Loipenvereins-Meisterschaften ab 2016 sowie im Sommer ein Mountainbike-Biathlon-Wettkampf.<\/span><\/span><\/p>\n<p class=\"western\"><a href=\"https:\/\/www.freiburg-schwarzwald.de\/blog\/notschrei-loipe-13-12-opening\/notschrei-loipe141125\/\" rel=\"attachment wp-att-51632\"><img loading=\"lazy\" decoding=\"async\" class=\"alignnone size-thumbnail wp-image-51632\" src=\"https:\/\/www.freiburg-schwarzwald.de\/blog\/wp-content\/uploads\/2014\/11\/notschrei-loipe141125-180x106.jpg\" alt=\"notschrei-loipe141125\" width=\"180\" height=\"106\" srcset=\"https:\/\/www.freiburg-schwarzwald.de\/blog\/wp-content\/uploads\/2014\/11\/notschrei-loipe141125-180x106.jpg 180w, https:\/\/www.freiburg-schwarzwald.de\/blog\/wp-content\/uploads\/2014\/11\/notschrei-loipe141125.jpg 640w\" sizes=\"auto, (max-width: 180px) 100vw, 180px\" \/><\/a><\/p>\n<p class=\"western\"><span style=\"font-family: Arial, sans-serif;\"><span style=\"font-size: small;\">Passend zur Notschrei-Loipen-Versammlung fiel der erste Schnee am Loipenhaus. \u2013 Loipenvereins-Betriebsleiter Hans-Peter Riesterer freut sich \u00fcber die neue Beschilderung. <\/span><\/span><span style=\"font-family: Arial, sans-serif;\"><span style=\"font-size: small;\">Foto: Gerhard L\u00fcck<\/span><\/span><\/p>\n<p class=\"western\"><span style=\"font-family: Arial, sans-serif;\"><span style=\"font-size: small;\">Bald k\u00f6nnen sich die Nutzer der Notschrei-Loipen auf eine neue Beschilderung freuen. In Zusammenarbeit mit Prof. Ralph Roth und Studenten der Sporthochschule K\u00f6ln sowie der \u201eStiftung Sicherheit im Skisport\u201c wurden alle Strecken neu vermessen und bekommen in den n\u00e4chsten Tagen eine neue Beschilderung. Neben richtigen Streckenangaben gibt es neue historische und touristische Informationen. F\u00fcr die Notfallrettung der Bergwacht sind auf allen Schildern, 250 St\u00fcck f\u00fcr rund 4.000 Euro, Standortkennziffern aufgebracht. Zu den Planungen des Verein Notschrei-Loipe geh\u00f6rt auch ein weiteres Buswarteh\u00e4usle auf der Stra\u00dfenseite gen Todtnau sowie der Bau einer neuen Garage f\u00fcr die Spurger\u00e4te<br \/>\n<\/span><\/span>27.11.2014, Gerhard L\u00fcck<\/p>\n","protected":false},"excerpt":{"rendered":"<p>Mitgliederzahl auf 4.860 gestiegen \u2013 Langlauf-Opening auf 13.\/14. Dezember verschoben. Besser konnte die Natur das Ambiente zur Mitgliederversammlung vom Verein Notschrei-Loipe e.V. nicht inszenieren. Wenige Zentimeter Neuschnee machten jetzt den ins Loipenhaus an der Passh\u00f6he gekommenen Skilanglaufsportlern Lust auf den &hellip; <a href=\"https:\/\/www.freiburg-schwarzwald.de\/blog\/notschrei-loipe-13-12-opening\/\">Weiterlesen <span class=\"meta-nav\">&rarr;<\/span><\/a><\/p>\n","protected":false},"author":2,"featured_media":0,"comment_status":"open","ping_status":"closed","sticky":false,"template":"","format":"standard","meta":{"footnotes":""},"categories":[180,499],"tags":[70,483,586],"class_list":["post-51630","post","type-post","status-publish","format-standard","hentry","category-hochschwarzwald","category-skifahren","tag-jugendsport","tag-ski","tag-verein"],"_links":{"self":[{"href":"https:\/\/www.freiburg-schwarzwald.de\/blog\/wp-json\/wp\/v2\/posts\/51630","targetHints":{"allow":["GET"]}}],"collection":[{"href":"https:\/\/www.freiburg-schwarzwald.de\/blog\/wp-json\/wp\/v2\/posts"}],"about":[{"href":"https:\/\/www.freiburg-schwarzwald.de\/blog\/wp-json\/wp\/v2\/types\/post"}],"author":[{"embeddable":true,"href":"https:\/\/www.freiburg-schwarzwald.de\/blog\/wp-json\/wp\/v2\/users\/2"}],"replies":[{"embeddable":true,"href":"https:\/\/www.freiburg-schwarzwald.de\/blog\/wp-json\/wp\/v2\/comments?post=51630"}],"version-history":[{"count":0,"href":"https:\/\/www.freiburg-schwarzwald.de\/blog\/wp-json\/wp\/v2\/posts\/51630\/revisions"}],"wp:attachment":[{"href":"https:\/\/www.freiburg-schwarzwald.de\/blog\/wp-json\/wp\/v2\/media?parent=51630"}],"wp:term":[{"taxonomy":"category","embeddable":true,"href":"https:\/\/www.freiburg-schwarzwald.de\/blog\/wp-json\/wp\/v2\/categories?post=51630"},{"taxonomy":"post_tag","embeddable":true,"href":"https:\/\/www.freiburg-schwarzwald.de\/blog\/wp-json\/wp\/v2\/tags?post=51630"}],"curies":[{"name":"wp","href":"https:\/\/api.w.org\/{rel}","templated":true}]}}