{"id":51600,"date":"2014-11-23T18:10:26","date_gmt":"2014-11-23T17:10:26","guid":{"rendered":"https:\/\/www.freiburg-schwarzwald.de\/blog\/?p=51600"},"modified":"2014-11-23T18:11:41","modified_gmt":"2014-11-23T17:11:41","slug":"dortu-ddr-film-im-koki-in-fr","status":"publish","type":"post","link":"https:\/\/www.freiburg-schwarzwald.de\/blog\/dortu-ddr-film-im-koki-in-fr\/","title":{"rendered":"Dortu &#8211; DDR-Film im KoKi in FR"},"content":{"rendered":"<p class=\"western\">Mit dem Film &#8222;<a title=\"Dortu\" href=\"https:\/\/www.freiburg-schwarzwald.de\/blog\/regio\/heimat\/dortu\/\">Max Dortu <\/a>oder Nur die Toten kehren nicht zur\u00fcck&#8220; pr\u00e4sentieren das KoKi in Freiburg und die Initiative zur Erinnerung an die <a title=\"Hecker\" href=\"https:\/\/www.freiburg-schwarzwald.de\/blog\/regio\/heimat\/hecker\/\">Badische Revolution<\/a> eine DDR-Produktion, die bei uns so noch nie zu sehen war &#8211; mit freundlicher Unterst\u00fctzung des Kulturamtes Freiburg. <span style=\"font-family: Arial, sans-serif;\">Montag, 1. Dezember, 19.30 Uhr, <a title=\"Film\" href=\"https:\/\/www.freiburg-schwarzwald.de\/blog\/kultur\/medien\/film\/\">Kommunales Kino<\/a> KoKi, Urachstra\u00dfe 40. <\/span>Hervorragende Schauspieler, ein klasse Film zu einem immer aktuellen Thema.\u00a0<!--more-->An der j\u00e4hrlichen Gedenkfeier beim Mausoleum des Max Dortu auf dem damaligen Friedhof und heutigen Kinderspielplatz Ecke Erwin-\/Dreik\u00f6nigstra\u00dfe zu Ehren der an dieser Stelle vor 165 Jahren vom preu\u00dfischen Milit\u00e4r hingerichteten Teilnehmer des Aufstandes f\u00fcr Freiheit und Demokratie, nehmen regelm\u00e4\u00dfig viele Interessierte teil. Nun wird auch dieser einmalige Film \u00fcber die letzten Tage des Max Dortu gezeigt. <span style=\"font-family: Arial, sans-serif;\">Maximilian Dortu im Film &#8211; <\/span><span style=\"font-family: Arial, sans-serif;\">Unbekannter DDR-Fernsehfim zum ersten Mal in Freiburg zu sehen <\/span><span style=\"font-family: Arial, sans-serif;\">Die Geschichte des Potsdamer Freiheitsk\u00e4mpfers Maximilian Dortu, der 1849 nach Baden kam, um f\u00fcr die Republik zu k\u00e4mpfen, nach der Niederlage der Revolution\u00e4re aber am 31. Juli 1849 in Freiburg hingerichtet wurde, ist auf den j\u00e4hrlichen Gedenktagen schon oft erz\u00e4hlt worden. Aber dass sie auch als Kammerspiel verfilmt worden ist, wussten die Erz\u00e4hler bislang nicht. Denn der Film mit dem Titel &#8222;Max Dortu oder: Nur die Toten kehren nicht zur\u00fcck&#8220; lagerte im Deutschen Filmarchiv wie Dornr\u00f6schen im Schlaf. <\/span><span style=\"font-family: Arial, sans-serif;\">Und er stammt aus einem untergegangenen Staat: Der Film wurde 1976 vom Fernsehen in der DDR gedreht und am 15. Februar erstmals gezeigt. Jetzt hat Andreas Meckel von der \u201eInitiative zur Erinnerung an die Badische Revolution von 1848\/49\u201c den 75 Minuten langen Streifen entdeckt und am 1. Dezember wird er in Freiburg erstmals im Kommunale Kino pr\u00e4sentiert. Die Filmpremiere wird vom Kommunalen Kino und er Erinnerungsinitiative gemeinsam veranstaltet. <\/span><span style=\"font-family: Arial, sans-serif;\">Das verfilmte Kammerspiel ist in mehrfacher Hinsicht ein Zeitdokument. Es ist zum einen der Versuch, die letzten Tage und Stunden Dortus vor seiner Hinrichtung, die Verhandlung vor dem preu\u00dfischen Kriegsgericht in Freiburg und die Bem\u00fchungen der Familie, ihren Sohn zu retten, bildhaft darzustellen. Die gew\u00e4hlte Form ist episches Theater im Brecht\u2019schen Stil, ein Sprecher erl\u00e4utert zwischen den Szenen den inneren Zusammenhang der Geschichte und erkl\u00e4rt den politischen Hintergrund. <\/span><span style=\"font-family: Arial, sans-serif;\">Zudem ist das Filmdokument auch durch die Mitwirkenden interessant. Regisseur war Jens Peter Proll, ein nicht nur in der DDR, sondern auch nach dem Mauerfall erfolgreicher Regisseur im Unterhaltungsfach. Die Rolle von Maximilian Dortu spielt der junge Gunter Scho\u00df. Der heute 74-j\u00e4hrige Schauspieler hatte 1964 seine erste gro\u00dfe Rolle in der popul\u00e4ren TV-Produktion \u201eEgon und das achte Weltwunder\u201c. Nach der Wiedervereinigung spielte er in Fernsehserien wie Tatort, Polizeiruf 110 und \u201eRosa Roth\u201c. Der Tr\u00e4ger des Grimme-Preises 1995 synchronisierte Rollen in \u00fcber 150 Filmen, besprach H\u00f6rb\u00fccher und reiste mit Lesungen durch das Land. <\/span><span style=\"color: #000000;\"><span style=\"font-family: Arial, sans-serif;\">Den Sprecher im Dortu-Film gab Gerry Wolff. Der 1920 in Berlin geborene Spross einer Schauspielerfamilie nach der R\u00fcckkehr aus dem englischen Exil spielte am Theater am Schiffbauerdamm und im DEFA-Ensemble. In der Romanverfilmung \u201eNackt unter W\u00f6lfen\u201c stellte Wolff den Vorsitzenden des internationalen Lagerkomit\u00e9s der H\u00e4ftlinge in Buchenwald dar. Nach der Wende war er im Fernsehen im Tatort, Praxis B\u00fclowbogen und \u201eDer Havelkaiser\u201c zusehen. Er starb 2005 in Oranienburg. <\/span><\/span><span style=\"font-family: Arial, sans-serif;\">(Heinz Siebold)<br \/>\n<\/span><span style=\"font-family: Arial, sans-serif;\">Info: <\/span>\u201e<span style=\"font-family: Arial, sans-serif;\">Max Dortu oder: Nur die Toten kehren nicht zur\u00fcck\u201c <\/span><span style=\"font-family: Arial, sans-serif;\">Montag, 1. Dezember, 19.30 Uhr, Kommunales Kino, Urachstra\u00dfe 40 <\/span><span style=\"color: #000000;\"><span style=\"font-family: Arial, sans-serif;\">Der Eintritt ist kostenlos. Reservierungen unter Tel. 0761-459800-22 (AB) und <\/span><\/span><span style=\"color: #0000ff;\"><span style=\"text-decoration: underline;\"><a target=\"_top\"><span style=\"color: #0000ff; font-family: Arial, sans-serif;\">kino@koki-freiburg.de<\/span><\/a><\/span><\/span><span style=\"color: #000000;\"><span style=\"font-family: Arial, sans-serif;\">. Karten m\u00fcssen bis 15 Minuten vor Filmbeginn an der Abendkasse abgeholt werden. Anschlie\u00dfend Diskussion und Empfang.<br \/>\n23.11.2014, Hans Homlicher <\/span><\/span><\/p>\n","protected":false},"excerpt":{"rendered":"<p>Mit dem Film &#8222;Max Dortu oder Nur die Toten kehren nicht zur\u00fcck&#8220; pr\u00e4sentieren das KoKi in Freiburg und die Initiative zur Erinnerung an die Badische Revolution eine DDR-Produktion, die bei uns so noch nie zu sehen war &#8211; mit freundlicher &hellip; <a href=\"https:\/\/www.freiburg-schwarzwald.de\/blog\/dortu-ddr-film-im-koki-in-fr\/\">Weiterlesen <span class=\"meta-nav\">&rarr;<\/span><\/a><\/p>\n","protected":false},"author":2,"featured_media":0,"comment_status":"open","ping_status":"closed","sticky":false,"template":"","format":"standard","meta":{"footnotes":""},"categories":[212,18,235,80],"tags":[325,628,594,337,175],"class_list":["post-51600","post","type-post","status-publish","format-standard","hentry","category-alemannisch","category-bildung","category-geschichte","category-medien","tag-demo","tag-dortu","tag-film","tag-historie","tag-ortsgeschichte"],"_links":{"self":[{"href":"https:\/\/www.freiburg-schwarzwald.de\/blog\/wp-json\/wp\/v2\/posts\/51600","targetHints":{"allow":["GET"]}}],"collection":[{"href":"https:\/\/www.freiburg-schwarzwald.de\/blog\/wp-json\/wp\/v2\/posts"}],"about":[{"href":"https:\/\/www.freiburg-schwarzwald.de\/blog\/wp-json\/wp\/v2\/types\/post"}],"author":[{"embeddable":true,"href":"https:\/\/www.freiburg-schwarzwald.de\/blog\/wp-json\/wp\/v2\/users\/2"}],"replies":[{"embeddable":true,"href":"https:\/\/www.freiburg-schwarzwald.de\/blog\/wp-json\/wp\/v2\/comments?post=51600"}],"version-history":[{"count":0,"href":"https:\/\/www.freiburg-schwarzwald.de\/blog\/wp-json\/wp\/v2\/posts\/51600\/revisions"}],"wp:attachment":[{"href":"https:\/\/www.freiburg-schwarzwald.de\/blog\/wp-json\/wp\/v2\/media?parent=51600"}],"wp:term":[{"taxonomy":"category","embeddable":true,"href":"https:\/\/www.freiburg-schwarzwald.de\/blog\/wp-json\/wp\/v2\/categories?post=51600"},{"taxonomy":"post_tag","embeddable":true,"href":"https:\/\/www.freiburg-schwarzwald.de\/blog\/wp-json\/wp\/v2\/tags?post=51600"}],"curies":[{"name":"wp","href":"https:\/\/api.w.org\/{rel}","templated":true}]}}