{"id":51574,"date":"2014-11-20T17:36:06","date_gmt":"2014-11-20T16:36:06","guid":{"rendered":"https:\/\/www.freiburg-schwarzwald.de\/blog\/?p=51574"},"modified":"2014-11-20T17:40:37","modified_gmt":"2014-11-20T16:40:37","slug":"haus-der-zaehringer-in-stpeter","status":"publish","type":"post","link":"https:\/\/www.freiburg-schwarzwald.de\/blog\/haus-der-zaehringer-in-stpeter\/","title":{"rendered":"Haus der Zaehringer in StPeter"},"content":{"rendered":"<p>Ein \u201e<a title=\"Kommunalpolitik in St. Peter\" href=\"https:\/\/www.freiburg-schwarzwald.de\/blog\/kommunalpolitik-in-st-peter\/\">Haus der Z\u00e4hringer<\/a>\u201c &#8211;\u00a0die gro\u00dfe Vision Vereins Z\u00e4hringer Zentrum e.V. in <a title=\"StPeter\" href=\"https:\/\/www.freiburg-schwarzwald.de\/blog\/regio\/orte\/stpeter\/\">St. Peter<\/a>! Mit diesem Haus soll die geschichtliche Vergangenheit des Ortes aufgearbeitet und dargestellt werden und es k\u00f6nnte zum kulturellen Zentrum des Ortes werden.\u00a0Ein erster Schritt hin zur Realisierung dieses Hauses ist\u00a0eine Mediathek, die am vergangenen Wochenende im F\u00fcrstensaal des Klosters feierlich eingeweiht wurde.<!--more--><\/p>\n<p>Die Festredner waren neben B\u00fcrgermeister Rudolf Schuler der Vorsitzende des Vereins Z\u00e4hringer Zentrum e.V. Prof. Dr. Rudolf Denk und der Leiter des Geistlichen Zentrums Dr. Arno Zalauer. Umrahmt wurden die Feierlichkeiten mit mittelalterlicher Musik, gespielt von Carola Schw\u00e4r und Frauke Alpermann.<\/p>\n<p>Auf einer gro\u00dfen Bildschirmwand als digitales Schaufenster sind Bild- und Textinformationen \u00fcber die Z\u00e4hringer, deren Stammbaum und Informationen \u00fcber das k\u00fcnftige Haus der Z\u00e4hringer abrufbar. Au\u00dferdem wird ein zwanzig-min\u00fctiger Kurzfilm \u00fcber die Z\u00e4hringer Geschichte St. Peters angeboten. Der Besucher kann sich\u00a0 auf eine Reise in die Vergangenheit mit zus\u00e4tzlichen Einblicken in das heutige St. Peter einlassen. Die zum Verweilen einladende Mediathek befindet sich in der Z\u00e4hringer-Stra\u00dfe in einem ehemaligen Ladengesch\u00e4ft.<\/p>\n<p>Das Projekt wird erg\u00e4nzt durch drei Stelen als Leitsystem mit Informationen auf das k\u00fcnftige \u201eHaus der Z\u00e4hringer\u201c und die Z\u00e4hringer in St. Peter und eine Brosch\u00fcre \u201eSt. Peter und die Z\u00e4hringer\u201c, in der auf die Er\u00f6ffnung des \u201eHaus der Z\u00e4hringer\u201c im Jahr 2016\/17 hingewiesen wird. Beides dreisprachig &#8211; deutsch, englisch und franz\u00f6sisch.<\/p>\n<p>M\u00f6glich wurde dieses Projekt auch durch LEADER-Zusch\u00fcsse, einem europ\u00e4ischen F\u00f6rderprogramm f\u00fcr den l\u00e4ndlichen Raum, die 70.000,- Euro ausmachen. F\u00fcr die restlichen 80.000,- Euro trat die Gemeinde erst einmal in Vorleistung, hofft aber auf Spenden und Sponsoren. Mit leuchtendem Vorbild ging die Sparkasse Hochschwarzwald voran, die zur Einweihung einen Check \u00fcber 5000,- Euro \u00fcberreichte. Hinter der Realisierung der Mediathek stehen neben dem Verein Z\u00e4hringer Zentrum die Gemeinde St. Peter und die Erzdi\u00f6zese Freiburg. Treibende Kr\u00e4fte sowohl f\u00fcr diesen ersten Zwischenschritt als auch f\u00fcr das Gesamtkonzept des Hauses der Z\u00e4hringer sind kompetente B\u00fcrger, die ihr Fachwissen in hohem Ma\u00dfe einbrachten. Neben Rudolf Denk geh\u00f6ren dem Projekt-Team der Architekt Stefan Blum an, Casimir Bumiller, f\u00fcr Inhalt und Didaktik, und Brigitte von Savigny, f\u00fcr Gestaltung verantwortlich.<br \/>\n\u00d6ffnungszeiten der Mediathek<br \/>\nNovember bis April 10 \u2013 17 Uhr<br \/>\nMai bis Oktober 9 \u2013 18 Uhr<\/p>\n<p><a href=\"https:\/\/www.freiburg-schwarzwald.de\/blog\/haus-der-zaehringer-in-stpeter\/stpeter-zaehringer141119\/\" rel=\"attachment wp-att-51576\"><img loading=\"lazy\" decoding=\"async\" class=\"alignnone size-thumbnail wp-image-51576\" alt=\"stpeter-zaehringer141119\" src=\"https:\/\/www.freiburg-schwarzwald.de\/blog\/wp-content\/uploads\/2014\/11\/stpeter-zaehringer141119-180x141.jpg\" width=\"180\" height=\"141\" srcset=\"https:\/\/www.freiburg-schwarzwald.de\/blog\/wp-content\/uploads\/2014\/11\/stpeter-zaehringer141119-180x141.jpg 180w, https:\/\/www.freiburg-schwarzwald.de\/blog\/wp-content\/uploads\/2014\/11\/stpeter-zaehringer141119.jpg 640w\" sizes=\"auto, (max-width: 180px) 100vw, 180px\" \/><\/a><\/p>\n<p>Vor der Mediathek 11\/2014 von links: Prof. Dr. Rudolf Denk (Verein Z\u00e4hringer Zentrum), Rudolf Schuler (B\u00fcrgermeister St. Peter), Dr. Arno Zalauer (Geistliches Zentrum St. Peter) &#8211; Bild: Dagmar Engesser<\/p>\n<p>Das Koster St. Peter wurde 1093 gegr\u00fcndet. Der Herrschaftsmittelpunkt der Z\u00e4hringer lag mit der Burg Z\u00e4hringen und der Stadt Freiburg im Breisgau. Das Kloster in St. Peter war das Hauskloster, in dem bis heute die Verstorbenen der Dynastie ruhen. St. Peter pflegt enge Kontakte mit den anderen Z\u00e4hringer-St\u00e4dten. Die am n\u00e4chsten gelegenen sind Freiburg und Villingen. Weitere Z\u00e4hringer St\u00e4dte sind Weilheim unter Teck, Br\u00e4unlingen, Neuenburg und in der Schweiz Bern, Fribourg, Rheinfelden, Thun, Murten und Burgdorf.<br \/>\n20.11.2014, Dagmar Engesser, <a href=\"https:\/\/www.dreisamtaeler.de\">www.dreisamtaeler.de<\/a><\/p>\n<p>&nbsp;<\/p>\n","protected":false},"excerpt":{"rendered":"<p>Ein \u201eHaus der Z\u00e4hringer\u201c &#8211;\u00a0die gro\u00dfe Vision Vereins Z\u00e4hringer Zentrum e.V. in St. Peter! Mit diesem Haus soll die geschichtliche Vergangenheit des Ortes aufgearbeitet und dargestellt werden und es k\u00f6nnte zum kulturellen Zentrum des Ortes werden.\u00a0Ein erster Schritt hin zur &hellip; <a href=\"https:\/\/www.freiburg-schwarzwald.de\/blog\/haus-der-zaehringer-in-stpeter\/\">Weiterlesen <span class=\"meta-nav\">&rarr;<\/span><\/a><\/p>\n","protected":false},"author":2,"featured_media":0,"comment_status":"open","ping_status":"closed","sticky":false,"template":"","format":"standard","meta":{"footnotes":""},"categories":[212,89,11,6],"tags":[724,337,175],"class_list":["post-51574","post","type-post","status-publish","format-standard","hentry","category-alemannisch","category-kirchen","category-regio","category-vereine","tag-heimat","tag-historie","tag-ortsgeschichte"],"_links":{"self":[{"href":"https:\/\/www.freiburg-schwarzwald.de\/blog\/wp-json\/wp\/v2\/posts\/51574","targetHints":{"allow":["GET"]}}],"collection":[{"href":"https:\/\/www.freiburg-schwarzwald.de\/blog\/wp-json\/wp\/v2\/posts"}],"about":[{"href":"https:\/\/www.freiburg-schwarzwald.de\/blog\/wp-json\/wp\/v2\/types\/post"}],"author":[{"embeddable":true,"href":"https:\/\/www.freiburg-schwarzwald.de\/blog\/wp-json\/wp\/v2\/users\/2"}],"replies":[{"embeddable":true,"href":"https:\/\/www.freiburg-schwarzwald.de\/blog\/wp-json\/wp\/v2\/comments?post=51574"}],"version-history":[{"count":0,"href":"https:\/\/www.freiburg-schwarzwald.de\/blog\/wp-json\/wp\/v2\/posts\/51574\/revisions"}],"wp:attachment":[{"href":"https:\/\/www.freiburg-schwarzwald.de\/blog\/wp-json\/wp\/v2\/media?parent=51574"}],"wp:term":[{"taxonomy":"category","embeddable":true,"href":"https:\/\/www.freiburg-schwarzwald.de\/blog\/wp-json\/wp\/v2\/categories?post=51574"},{"taxonomy":"post_tag","embeddable":true,"href":"https:\/\/www.freiburg-schwarzwald.de\/blog\/wp-json\/wp\/v2\/tags?post=51574"}],"curies":[{"name":"wp","href":"https:\/\/api.w.org\/{rel}","templated":true}]}}