{"id":51544,"date":"2014-11-19T19:28:58","date_gmt":"2014-11-19T18:28:58","guid":{"rendered":"https:\/\/www.freiburg-schwarzwald.de\/blog\/?p=51544"},"modified":"2014-11-19T19:28:58","modified_gmt":"2014-11-19T18:28:58","slug":"kirchzarten-familien-wohnbau","status":"publish","type":"post","link":"https:\/\/www.freiburg-schwarzwald.de\/blog\/kirchzarten-familien-wohnbau\/","title":{"rendered":"Kirchzarten Familien Wohnbau"},"content":{"rendered":"<p><a title=\"Wohnen\" href=\"https:\/\/www.freiburg-schwarzwald.de\/blog\/business\/dienste\/immobilien\/wohnen\/\">Wohnbebauung<\/a> am Kurhaus \u2013 noch f\u00fcr einheimische <a title=\"Familie\" href=\"https:\/\/www.freiburg-schwarzwald.de\/blog\/selbsthilfe\/familie\/\">Familien<\/a> mit <a title=\"Kinder\" href=\"https:\/\/www.freiburg-schwarzwald.de\/blog\/selbsthilfe\/kinder\/\">Kindern<\/a> leistbar? Am 12.11.2014 besuchte ich die Info-Veranstaltung zur Wohnbebauung am Kurhaus, in der die Bev\u00f6lkerung \u00fcber die aktuellen Planungen informiert wurde. Sehr \u00fcberrascht war ich \u00fcber die Aussage seitens B\u00fcrgermeister Hall, dass der Preis f\u00fcr die <a title=\"Immobilien\" href=\"https:\/\/www.freiburg-schwarzwald.de\/blog\/business\/dienste\/immobilien\/\">Grundst\u00fccke<\/a> auf keinen Fall unter dem orts\u00fcblichen Preis angesetzt wird,<!--more--> da es eine sehr hohe Nachfrage nach Gr\u00fcndst\u00fccken in<a title=\"Kirchzarten\" href=\"https:\/\/www.freiburg-schwarzwald.de\/blog\/regio\/orte\/kirchzarten\/\"> Kirchzarten<\/a>\u00a0gibt.<br \/>\nAuf die Frage hin, wie hoch der Preis f\u00fcr die Gr\u00fcndst\u00fccke ist, wollte sich B\u00fcrgermeister Hall nicht zu einer Aussage hinrei\u00dfen lassen. Letztlich hat er aber gesagt, dass dieser seiner Meinung nach bei ca. 480 EUR liegen k\u00f6nnte, hierzu aber die ortsans\u00e4ssigen Immobilienmakler bessere Ausk\u00fcnfte erteilen k\u00f6nnen. Nat\u00fcrlich bekommt die Gemeinde die Grundst\u00fccke auch f\u00fcr 480 EUR los, dann sprechen wir aber nicht mehr davon, dass sich die Gemeinde f\u00fcr einheimische Familien einsetzt. Umso wichtiger ist es, dass die Kriterien f\u00fcr die Grundst\u00fccksvergabe zu Gunsten der einheimischen Familien schnellst m\u00f6glich festgesetzt werden (z.B. zeitlicher Aspekt wie lange eine Familie schon in Kirchzarten wohnt, etc.). Die einheimischen Familien k\u00f6nnen sich aber auch nur auf die Gr\u00fcndst\u00fccke bewerben, wenn sie sich die Grundst\u00fccke auch leisten k\u00f6nnen!<br \/>\nViele einheimische Familien warten schon lange Zeit auf bezahlbare Grundst\u00fccke in Kirchzarten, damit sie ihren Wohnraum endlich vergr\u00f6\u00dfern k\u00f6nnen. Einige nette Familien sind in den letzten Jahren auch schon notgedrungen in andere Ortschaften umgezogen, weit weg von Kirchzarten. Diese haben sich zwar in Kirchzarten sehr wohl gef\u00fchlt, aber letztlich keine Perspektive mehr zur Erf\u00fcllung ihrer Lebensziele gesehen.<br \/>\nManche Familien harren noch bis zuletzt aus, da seitens der Gemeinde wieder die Hoffnung auf ein Baugebiet f\u00fcr Familien kommuniziert wurde. Bei einem Grundst\u00fcckspreis von 480 EUR l\u00e4sst sich dieser sehnlichste Wunsch f\u00fcr sehr viele Familien, die Normalverdiener, aber auch Besserverdiener sind, nicht realisieren. Die Gemeinde Kirchzarten setzt so viele Dinge erfolgreich um, warum sollten wir diese wichtige Aufgabe nicht auch meistern k\u00f6nnen? Die Gemeinden Buchenbach und Oberbirken haben dies mit ihren moderaten Gr\u00fcndst\u00fcckspreisen bereits vorgemacht.<\/p>\n<p>Beim Verkauf der Gr\u00fcndst\u00fccke &#8220; Lerchenfeld&#8220; war es doch auch m\u00f6glich einen Preis \u00fcber dem orts\u00fcblichen Grundst\u00fcckspreis festzusetzen, warum kann dies dann nicht einmal zugunsten der Familien in die andere Richtung umgesetzt werden. Mit Verwunderung stelle ich auch fest, in welchem Tempo das Gewerbegebiet \u201eAm Fischerrain\u201c forciert wird. Dies wird gerne damit begr\u00fcndet, dass die Firmen einen dringenden Platzbedarf haben. Bei den Familien sieht es aber nicht anders aus und diese warten auch schon l\u00e4nger darauf. Allerdings lockt hier eben nicht der gro\u00dfe Reibach (Gewinn)!<br \/>\nSchade, denn gerade die Familien bringen doch mit ihren Kindern sehr viel Leben und Freude in den Ort. Am Volkstrauertag\u00a0 sprachen die Oberministranten in der St. Gallus Kirche davon, dass man in der Gemeinde mit Feuer und Flamme viel erreichen kann. Dies kann dann entweder zu Begeisterung oder Entt\u00e4uschung f\u00fchren. Ich hoffe, auch im Namen vieler einheimischer Familien, dass sich B\u00fcrgermeister Hall und die Gemeinder\u00e4te mit Feuer und Flamme f\u00fcr die Begeisterung einsetzen werden!<br \/>\nFalls die Gemeinde diesen Weg nicht\u00a0bestreitet,<strong> werden viele Familien die Gemeinde Kirchzarten verlassen<\/strong>, damit sie in anderen Gemeinden ihre Lebensziele erreichen k\u00f6nnen. Aufgrund der \u00dcberalterung in der Gemeinde brauchen wir uns dann zuk\u00fcnftig auch keine Gedanken mehr \u00fcber die Ausrichtung einer m\u00f6glichen <a title=\"Ultra-Bike\" href=\"https:\/\/www.freiburg-schwarzwald.de\/blog\/sport\/sportlern\/biken\/ultra-bike\/\">MTB-WM <\/a>zu machen, <strong>da die jungen Menschen dann nicht mehr in unserer Gemeinde leben werden<\/strong>.<br \/>\n19.11.2014, Thomas Richert, <a href=\"https:\/\/www.dreisamtaeler.de\">www.dreisamtaeler.de<\/a><\/p>\n","protected":false},"excerpt":{"rendered":"<p>Wohnbebauung am Kurhaus \u2013 noch f\u00fcr einheimische Familien mit Kindern leistbar? Am 12.11.2014 besuchte ich die Info-Veranstaltung zur Wohnbebauung am Kurhaus, in der die Bev\u00f6lkerung \u00fcber die aktuellen Planungen informiert wurde. Sehr \u00fcberrascht war ich \u00fcber die Aussage seitens B\u00fcrgermeister &hellip; <a href=\"https:\/\/www.freiburg-schwarzwald.de\/blog\/kirchzarten-familien-wohnbau\/\">Weiterlesen <span class=\"meta-nav\">&rarr;<\/span><\/a><\/p>\n","protected":false},"author":2,"featured_media":0,"comment_status":"open","ping_status":"closed","sticky":false,"template":"","format":"standard","meta":{"footnotes":""},"categories":[181,58,90,61],"tags":[117,521,598,488,287],"class_list":["post-51544","post","type-post","status-publish","format-standard","hentry","category-buergerbeteiligung","category-familie","category-immobilien","category-kinder","tag-dreisamuferweg","tag-family","tag-immo","tag-child","tag-neubau"],"_links":{"self":[{"href":"https:\/\/www.freiburg-schwarzwald.de\/blog\/wp-json\/wp\/v2\/posts\/51544","targetHints":{"allow":["GET"]}}],"collection":[{"href":"https:\/\/www.freiburg-schwarzwald.de\/blog\/wp-json\/wp\/v2\/posts"}],"about":[{"href":"https:\/\/www.freiburg-schwarzwald.de\/blog\/wp-json\/wp\/v2\/types\/post"}],"author":[{"embeddable":true,"href":"https:\/\/www.freiburg-schwarzwald.de\/blog\/wp-json\/wp\/v2\/users\/2"}],"replies":[{"embeddable":true,"href":"https:\/\/www.freiburg-schwarzwald.de\/blog\/wp-json\/wp\/v2\/comments?post=51544"}],"version-history":[{"count":0,"href":"https:\/\/www.freiburg-schwarzwald.de\/blog\/wp-json\/wp\/v2\/posts\/51544\/revisions"}],"wp:attachment":[{"href":"https:\/\/www.freiburg-schwarzwald.de\/blog\/wp-json\/wp\/v2\/media?parent=51544"}],"wp:term":[{"taxonomy":"category","embeddable":true,"href":"https:\/\/www.freiburg-schwarzwald.de\/blog\/wp-json\/wp\/v2\/categories?post=51544"},{"taxonomy":"post_tag","embeddable":true,"href":"https:\/\/www.freiburg-schwarzwald.de\/blog\/wp-json\/wp\/v2\/tags?post=51544"}],"curies":[{"name":"wp","href":"https:\/\/api.w.org\/{rel}","templated":true}]}}