{"id":51525,"date":"2014-11-18T14:23:18","date_gmt":"2014-11-18T13:23:18","guid":{"rendered":"https:\/\/www.freiburg-schwarzwald.de\/blog\/?p=51525"},"modified":"2014-11-18T14:25:02","modified_gmt":"2014-11-18T13:25:02","slug":"attac-ohne-gemeinnuetzigkeit","status":"publish","type":"post","link":"https:\/\/www.freiburg-schwarzwald.de\/blog\/attac-ohne-gemeinnuetzigkeit\/","title":{"rendered":"Attac ohne Gemeinnuetzigkeit"},"content":{"rendered":"<p>Das Finanzamt Frankfurt hat im Oktober 2014 <a title=\"TTIP nein: NGOs ATTAC verdi\" href=\"https:\/\/www.freiburg-schwarzwald.de\/blog\/ttip-nein-ngos-attac-verdi\/\">Attac<\/a> die Gemeinn\u00fctzigkeit entzogen. Nach Ansicht des <a title=\"BUND\" href=\"https:\/\/www.freiburg-schwarzwald.de\/blog\/natur\/umwelt\/bund\/\">BUND<\/a> war dieses Vorgehen zwar formell und rechtsstaatlich begr\u00fcndet, hatte aber einen politischen Hintergrund: Ein massiver Angriff auf eine <a title=\"NGO\" href=\"https:\/\/www.freiburg-schwarzwald.de\/blog\/vereine\/ngo\/\">Nichtregierungsorganisation<\/a>, der\u00a0im Zusammenhang mit den aktuellen bundesweiten Aktivit\u00e4ten vieler NGO\u00b4s gegen das geplante <a title=\"Freihandelsabkommen\" href=\"https:\/\/www.freiburg-schwarzwald.de\/blog\/global\/eu\/freihandelsabkommen\/\">TTIP-Freihandelsabkommen<\/a>\u00a0mit den USA gesehen werden muss.<!--more--><\/p>\n<p>&nbsp;<\/p>\n<p>Der BUND am s\u00fcdlichen Oberrhein hat jetzt das Finanzamt Frankfurt und mit einem individuellen, pers\u00f6nlichen Anschreiben auch alle hessischen Landtagsabgeordneten angeschrieben. Der Brief ist Teil einer breiten Unterst\u00fctzungskampagen f\u00fcr Attac, der sich hoffentlich noch viele andere NGO\u00b4s anschlie\u00dfen.<\/p>\n<p>Was k\u00f6nnt Ihr tun? Das untere Schreiben in Euern Briefkopf kopieren und ans Finanzamt Frankfurt schicken. Besser w\u00e4re nat\u00fcrlich den Brief individuell zu erg\u00e4nzen oder einen eigenen Brief zu schreiben<\/p>\n<p>&#8212;&#8212;&#8212;&#8212;&#8212;&#8212;&#8212;&#8212;&#8212;&#8212;&#8212;&#8212;&#8212;&#8212;&#8212;&#8212;&#8212;&#8212;&#8212;&#8212;&#8212;&#8212;&#8212;&#8212;&#8212;&#8212;&#8212;&#8212;&#8212;&#8212;&#8212;&#8212;&#8212;&#8212;&#8212;&#8212;&#8212;&#8212;&#8212;-<\/p>\n<p><span style=\"font-size: small;\"> An das Finanzamt Frankfurt am Main III<br \/>\n<\/span><span style=\"font-size: small;\">Postfach\u00a0 110863 60043 Frankfurt <\/span><\/p>\n<p><span style=\"font-size: small;\"><b>Finanzamt Frankfurt: Entzug der Gemeinn\u00fctzigkeit f\u00fcr Attac<\/b><\/span><\/p>\n<p><span style=\"font-size: small;\"> Sehr geehrte Damen und Herren,<\/span><\/p>\n<p><span style=\"font-size: small;\">wir wenden uns heute an Sie, weil wir die Entscheidung des Finanzamtes Frankfurt, Attac die Gemeinn\u00fctzigkeit zu entziehen, f\u00fcr einen politischen Skandal halten, der r\u00fcckg\u00e4ngig gemacht werden sollte. <\/span><\/p>\n<p><span style=\"font-size: small;\">Attac Deutschland ist das Projekt des gemeinn\u00fctzigen Attac Tr\u00e4gerverein e.V.. Attac setzt sich ein f\u00fcr eine \u00f6kologische, solidarische und friedliche Weltwirtschaftsordnung und ist sehr engagiert im Kampf gegen Freihandel und TTIP. Jetzt wurde Attac wegen seiner gemeinn\u00fctzigen Aktivit\u00e4ten f\u00fcr mehr Demokratie und soziale Gerechtigkeit (und vermutlich auch wegen der TTIP-Kampagnen) im Oktober 2014 vom Finanzamt Frankfurt die Gemeinn\u00fctzigkeit entzogen.<\/span><\/p>\n<p><span style=\"font-size: small;\">Besonders wegen des Engagements zur Regulierung der Finanzm\u00e4rkte, der Einf\u00fchrung der Finanztransaktionssteuer und der Einf\u00fchrung einer Verm\u00f6gensabgabe vermag das Finanzamt bei Attac keinen gemeinn\u00fctzigen Zweck entdecken. <\/span><\/p>\n<p><span style=\"font-size: small;\">Der Entzug der Gemeinn\u00fctzigkeit zeigt nach unserer Ansicht die Macht der Lobbyisten, die TTIP unbedingt durchsetzen wollen. Politisch w\u00e4re das Thema ein gro\u00dfer Skandal&#8230; wenn der Vorgang 2.021 Kilometer \u00f6stlich von Frankfurt stattgefunden h\u00e4tte.<br \/>\nDer Vorgang erinnert an einen anderen Fall in Hessen: &#8222;Vier hessische Steuerfahnder hatten vor 10 Jahren beharrlich auf Missst\u00e4nde hingewiesen und waren einigen wirklich gro\u00dfen Steuers\u00fcndern erfolgreich auf die Zehen getreten &#8211; die Landesverwaltung (damals unter Roland Koch) lie\u00df sie daraufhin von einem Psychiater f\u00fcr dienstunf\u00e4hig erkl\u00e4ren. Sie hatten ihre Vorgesetzten immer wieder darauf hingewiesen, dass die hessische Steuerverwaltung ihrer Ansicht nach dabei war, einen Riesenfehler zu begehen und verm\u00f6gende Steuers\u00fcnder ungeschoren davonkommen zu lassen. Anlass war eine interne Anordnung der Beh\u00f6rde, nach der die Frankfurter Steuerfahnder einen Teil der Ermittlungen zu versteckten Konten, auf die sie bei Razzien in Banken gesto\u00dfen waren, nicht mehr bearbeiten sollten.&#8220; (Quelle:Spiegel Online)<br \/>\n<\/span><span style=\"font-size: small;\">In was f\u00fcr einem Land leben wir, in dem derartige Dinge m\u00f6glich sind?<\/span><span style=\"font-size: small;\"><br \/>\nMit freundlichen Gr\u00fc\u00dfen <\/span><\/p>\n<p><meta name=\"GENERATOR\" content=\"OpenOffice 4.1.0 (Win32)\" \/><\/p>\n<style type=\"text\/css\"><!--\n@page { margin: 2cm } \t\tP { margin-bottom: 0.21cm }\n--><\/style>\n","protected":false},"excerpt":{"rendered":"<p>Das Finanzamt Frankfurt hat im Oktober 2014 Attac die Gemeinn\u00fctzigkeit entzogen. Nach Ansicht des BUND war dieses Vorgehen zwar formell und rechtsstaatlich begr\u00fcndet, hatte aber einen politischen Hintergrund: Ein massiver Angriff auf eine Nichtregierungsorganisation, der\u00a0im Zusammenhang mit den aktuellen bundesweiten &hellip; <a href=\"https:\/\/www.freiburg-schwarzwald.de\/blog\/attac-ohne-gemeinnuetzigkeit\/\">Weiterlesen <span class=\"meta-nav\">&rarr;<\/span><\/a><\/p>\n","protected":false},"author":2,"featured_media":0,"comment_status":"open","ping_status":"closed","sticky":false,"template":"","format":"standard","meta":{"footnotes":""},"categories":[355,23,104,68,171],"tags":[445,589,87,625],"class_list":["post-51525","post","type-post","status-publish","format-standard","hentry","category-buergerinitiativen","category-handel","category-hilfe","category-umwelt","category-verbraucher","tag-bund","tag-fair","tag-lokal-handeln","tag-ngo"],"_links":{"self":[{"href":"https:\/\/www.freiburg-schwarzwald.de\/blog\/wp-json\/wp\/v2\/posts\/51525","targetHints":{"allow":["GET"]}}],"collection":[{"href":"https:\/\/www.freiburg-schwarzwald.de\/blog\/wp-json\/wp\/v2\/posts"}],"about":[{"href":"https:\/\/www.freiburg-schwarzwald.de\/blog\/wp-json\/wp\/v2\/types\/post"}],"author":[{"embeddable":true,"href":"https:\/\/www.freiburg-schwarzwald.de\/blog\/wp-json\/wp\/v2\/users\/2"}],"replies":[{"embeddable":true,"href":"https:\/\/www.freiburg-schwarzwald.de\/blog\/wp-json\/wp\/v2\/comments?post=51525"}],"version-history":[{"count":0,"href":"https:\/\/www.freiburg-schwarzwald.de\/blog\/wp-json\/wp\/v2\/posts\/51525\/revisions"}],"wp:attachment":[{"href":"https:\/\/www.freiburg-schwarzwald.de\/blog\/wp-json\/wp\/v2\/media?parent=51525"}],"wp:term":[{"taxonomy":"category","embeddable":true,"href":"https:\/\/www.freiburg-schwarzwald.de\/blog\/wp-json\/wp\/v2\/categories?post=51525"},{"taxonomy":"post_tag","embeddable":true,"href":"https:\/\/www.freiburg-schwarzwald.de\/blog\/wp-json\/wp\/v2\/tags?post=51525"}],"curies":[{"name":"wp","href":"https:\/\/api.w.org\/{rel}","templated":true}]}}