{"id":51520,"date":"2014-11-17T16:22:46","date_gmt":"2014-11-17T15:22:46","guid":{"rendered":"https:\/\/www.freiburg-schwarzwald.de\/blog\/?p=51520"},"modified":"2014-11-17T16:22:46","modified_gmt":"2014-11-17T15:22:46","slug":"haus-des-engagements-freiburg","status":"publish","type":"post","link":"https:\/\/www.freiburg-schwarzwald.de\/blog\/haus-des-engagements-freiburg\/","title":{"rendered":"Haus des Engagements Freiburg"},"content":{"rendered":"<p>Seit Herbst 2013 wird im <a title=\"Treffpunkt\" href=\"https:\/\/www.freiburg-schwarzwald.de\/blog\/engagement\/treffpunkt\/\">Treffpunkt Freiburg e.V.<\/a> und bei &#8222;Freiburg im Wandel&#8220; die F\u00f6rderung des <a title=\"Engagement\" href=\"https:\/\/www.freiburg-schwarzwald.de\/blog\/engagement\/\">b\u00fcrgerschaftlichen Engagements<\/a>\u00a0durch\u00a0das Projekt eines &#8222;Hauses des b\u00fcrgerschaftlichen Engagements in Selbstverwaltung&#8220; verbessert werden kann. Erste Arbeitssitzung\u00a0am Dienstag, den 18. November 2014, 18.00 \u2013 20.30 Uhr im Treffpunkt Freiburg, Schwabentorring 2. Dabei\u00a0geht es nicht mehr um ein ob \u2013 sondern um das wie! <!--more-->Wir wollen an diesem Abend sowohl \u00fcber die Idee informieren und diskutieren als auch erste arbeitsf\u00e4hige Strukturen schaffen. Folgenden Ablauf haben wir geplant:<br \/>\nVorstellung von Leitidee und Bedarf f\u00fcr unser Haus des b\u00fcrgerschaftlichen Engagements<br \/>\nBerichte von \u00e4hnlichen Initiativen\/anderer St\u00e4dte (mit Erfolg und Misserfolg)<br \/>\nPr\u00e4sentation und Diskussion der n\u00e4chsten Schritte<br \/>\nNutzungskonzept und Zeitschiene<br \/>\nEinordnung des Vorhabens<br \/>\nVorbereitung unserer Machbarkeitsstudie: Inhalte, Arbeitsstrukturen und Verteilung von Verantwortlichkeiten. Wir haben erste Ideen und Ziele. Uns ist klar, dass wir diese noch diskutieren und um eine bestm\u00f6gliche Struktur rangeln m\u00fcssen, die Agenda muss eventuell ausgeweitet werden\u2026 Wir sind offen f\u00fcr Eure Vorschl\u00e4ge\u00a0 \u2013 noch ist nichts vorgegeben \u2013 au\u00dfer, dass es los geht! Wir freuen uns, dass wir Dr. Thomas Uhlendahl als Moderator gewinnen konnten, der uns durch diese Diskussionen f\u00fchren wird. Am Ende des Abends sollen folgende organisatorischen Schritte geleistet sein:<\/p>\n<p>Arbeitsgruppen gr\u00fcnden (zu Finanzen, Fundraising, Rechtsform, Hausfindung, Kooperationspartner&#8230; und was sonst noch wichtig erscheint)<br \/>\nVerantwortliche f\u00fcr die AG definieren<br \/>\nSprecherInnen w\u00e4hlen, die unser Vorhaben nach au\u00dfen tragen und in unserem Namen verhandeln k\u00f6nnen<br \/>\nEin Koordinationsteam\/einen Lenkungskreis etablieren<\/p>\n<p>Wir haben zu dieser Arbeitssitzung breit eingeladen und hoffen, dass wir viele Engagierte finden, die mithelfen, unseren Traum \u2013 und unsere Bestimmung \u2013 wahr werden zu lassen. Kommt und beteiligt Euch! F\u00fcr Fragen im Vorfeld stehen wir nat\u00fcrlich gerne zur Verf\u00fcgung.<br \/>\nF\u00fcr den Treffpunkt Freiburg e.V. und Freiburg im Wandel<br \/>\nHerzliche Gr\u00fc\u00dfe Dagmar Gro\u00dfe<br \/>\nWolfgang Hees\u00a0(Vorstand Eine Welt Forum Freiburg e.V., Vorstand Treffpunkt Freiburg e.V.)<br \/>\nGitta Walchner (Gemeinwohl\u00f6konomie Freiburg, Orgateam Freiburg im Wandel, Vorstand Treffpunkt Freiburg e.V.)<\/p>\n","protected":false},"excerpt":{"rendered":"<p>Seit Herbst 2013 wird im Treffpunkt Freiburg e.V. und bei &#8222;Freiburg im Wandel&#8220; die F\u00f6rderung des b\u00fcrgerschaftlichen Engagements\u00a0durch\u00a0das Projekt eines &#8222;Hauses des b\u00fcrgerschaftlichen Engagements in Selbstverwaltung&#8220; verbessert werden kann. Erste Arbeitssitzung\u00a0am Dienstag, den 18. November 2014, 18.00 \u2013 20.30 Uhr &hellip; <a href=\"https:\/\/www.freiburg-schwarzwald.de\/blog\/haus-des-engagements-freiburg\/\">Weiterlesen <span class=\"meta-nav\">&rarr;<\/span><\/a><\/p>\n","protected":false},"author":2,"featured_media":0,"comment_status":"open","ping_status":"closed","sticky":false,"template":"","format":"standard","meta":{"footnotes":""},"categories":[104,13,10],"tags":[717,712,586],"class_list":["post-51520","post","type-post","status-publish","format-standard","hentry","category-hilfe","category-kultur","category-selbsthilfe","tag-ehrenamt","tag-selbsthilfe","tag-verein"],"_links":{"self":[{"href":"https:\/\/www.freiburg-schwarzwald.de\/blog\/wp-json\/wp\/v2\/posts\/51520","targetHints":{"allow":["GET"]}}],"collection":[{"href":"https:\/\/www.freiburg-schwarzwald.de\/blog\/wp-json\/wp\/v2\/posts"}],"about":[{"href":"https:\/\/www.freiburg-schwarzwald.de\/blog\/wp-json\/wp\/v2\/types\/post"}],"author":[{"embeddable":true,"href":"https:\/\/www.freiburg-schwarzwald.de\/blog\/wp-json\/wp\/v2\/users\/2"}],"replies":[{"embeddable":true,"href":"https:\/\/www.freiburg-schwarzwald.de\/blog\/wp-json\/wp\/v2\/comments?post=51520"}],"version-history":[{"count":0,"href":"https:\/\/www.freiburg-schwarzwald.de\/blog\/wp-json\/wp\/v2\/posts\/51520\/revisions"}],"wp:attachment":[{"href":"https:\/\/www.freiburg-schwarzwald.de\/blog\/wp-json\/wp\/v2\/media?parent=51520"}],"wp:term":[{"taxonomy":"category","embeddable":true,"href":"https:\/\/www.freiburg-schwarzwald.de\/blog\/wp-json\/wp\/v2\/categories?post=51520"},{"taxonomy":"post_tag","embeddable":true,"href":"https:\/\/www.freiburg-schwarzwald.de\/blog\/wp-json\/wp\/v2\/tags?post=51520"}],"curies":[{"name":"wp","href":"https:\/\/api.w.org\/{rel}","templated":true}]}}