{"id":51512,"date":"2014-11-14T17:47:55","date_gmt":"2014-11-14T16:47:55","guid":{"rendered":"https:\/\/www.freiburg-schwarzwald.de\/blog\/?p=51512"},"modified":"2014-11-14T17:47:55","modified_gmt":"2014-11-14T16:47:55","slug":"gewalt-aufgrund-familienehre","status":"publish","type":"post","link":"https:\/\/www.freiburg-schwarzwald.de\/blog\/gewalt-aufgrund-familienehre\/","title":{"rendered":"Gewalt aufgrund Familienehre"},"content":{"rendered":"<p>Das von <a title=\"Terre-des-Femmes\" href=\"https:\/\/www.freiburg-schwarzwald.de\/blog\/selbsthilfe\/frauen\/terre-des-femmes\/\">TERRE DES FEMMES <\/a>gemeinsam mit dem Ensemble \u201eMensch:Theater!\u201c und der Beratungsstelle YASEMIN entwickelte interaktive Theaterst\u00fcck &#8222;Mein Leben. Meine Liebe. Meine Ehre?&#8220; handelt von\u00a0<a title=\"Zwangsheirat\" href=\"https:\/\/www.freiburg-schwarzwald.de\/blog\/selbsthilfe\/frauen\/zwangsheirat\/\">Gewalt<\/a> in\u00a0oft\u00a0<a title=\"Islam\" href=\"https:\/\/www.freiburg-schwarzwald.de\/blog\/religion\/islam\/\">islamischen<\/a> L\u00e4ndern im <a title=\"Genitalverstuemmelung\" href=\"https:\/\/www.freiburg-schwarzwald.de\/blog\/selbsthilfe\/frauen\/genitalverstuemmelung\/\">Namen<\/a> der <a title=\"Frauen\" href=\"https:\/\/www.freiburg-schwarzwald.de\/blog\/selbsthilfe\/frauen\/\">Ehre<\/a>. Theaterauff\u00fchrung am 20. November 2014 im Theaterhaus Stuttgart, 19.30-21.30 Uhr. Eintritt frei. Infos \u00fcber <a href=\"mailto:ehrverbrechen-bw@frauenrechte.de\">ehrverbrechen-bw@frauenrechte.de<\/a> .<!--more--><\/p>\n<p>&nbsp;<\/p>\n<p>Zwischen Kindheit und Erwachsenenalter erleben Jugendliche gro\u00dfe k\u00f6rperliche und seelische Ver\u00e4nderungen: Die erste Liebe, das Erwachen der eigenen sexuellen W\u00fcnsche, die Suche nach selbstbestimmten Lebenswelten ebenso wie nach famili\u00e4rer Geborgenheit. Konflikte in der Schule, mit Mitsch\u00fclerInnen und Eltern sind an der Tagesordnung. Im Kontext der sogenannten <a title=\"Genitalverstuemmelung\" href=\"https:\/\/www.freiburg-schwarzwald.de\/blog\/selbsthilfe\/frauen\/genitalverstuemmelung\/\">Familienehre<\/a> bekommen diese Themen eine neue Brisanz.\u00a0Das von TERRE DES FEMMES gemeinsam mit dem Ensemble \u201eMensch:Theater!\u201c und der Beratungsstelle YASEMIN entwickelte interaktive Theaterst\u00fcck &#8222;Mein Leben. Meine Liebe. Meine Ehre?&#8220; handelt von diesen Konflikten. Es erhebt dabei aber nicht den Zeigefinger, sondern begibt sich mit dem Publikum aktiv auf die Suche nach Antworten.<\/p>\n<p>Im Jahr 2014 wird das Theaterprojekt an 20 Schulen in Baden-W\u00fcrttemberg gezeigt. Aufgrund des gro\u00dfen Interesses hat sich TERRE DES FEMMES entschlossen, das St\u00fcck auch \u00f6ffentlich aufzuf\u00fchren. Im anschlie\u00dfenden Podiumsgespr\u00e4ch spannen wir den Bogen von dem Theaterprojekt zu den Zielen der UN-Kinderrechtskonvention und gehen der Frage nach, was n\u00f6tig ist, um die in der Konvention festgeschriebenen Rechte umzusetzen. Das ausf\u00fchrliche Programm finden Sie unten stehend.\u00a0Zu dieser ersten \u00f6ffentlichen Auff\u00fchrung von \u201eMein Leben. Meine Liebe. Meine Ehre?\u201c m\u00f6chten wir Sie sehr herzlich einladen!\u00a0Der Eintritt ist kostenfrei. Um unsere Planungen zu erleichtern, bitten wir Sie um eine kurze R\u00fcckmeldung per E-Mail an <a href=\"mailto:ehrverbrechen-bw@frauenrechte.de\">ehrverbrechen-bw@frauenrechte.de<\/a>. Wir freuen uns auf einen spannenden und erkenntnisreichen Abend gemeinsam mit Ihnen!<\/p>\n<p>Mit den besten Gr\u00fc\u00dfen<br \/>\nChrista Stolle , Bundesgesch\u00e4ftsf\u00fchrerin\u00a0Terre des Femmes<\/p>\n<p>Programm<br \/>\nBegr\u00fc\u00dfung\u00a0durch Christa Stolle, Bundesgesch\u00e4ftsf\u00fchrerin von TERRE DES FEMMES<br \/>\nAuff\u00fchrung des Theaterst\u00fccks\u00a0&#8222;Mein Leben. Meine Liebe. Meine Ehre?&#8220; \u2013 Ein Theaterst\u00fcck gegen Gewalt im Namen der Ehre<br \/>\nPodiumsgespr\u00e4ch mit folgenden G\u00e4sten:<br \/>\nAnita Gondek, Integrationsbeauftragte Stadt Pforzheim (angefragt)<br \/>\nDani Amsih, Vorsitzender Jugendrat Stuttgart<br \/>\nPetra Zai-Englert, Vorstandsmitglied Netzwerk Schulsozialarbeit Baden-W\u00fcrttemberg<br \/>\nMonika Memmel, Evangelische Gesellschaft Stuttgart<br \/>\nRahel Volz, Leiterin Theaterprojekt, TERRE DES FEMMES<br \/>\nModeration: Felicitas Wehnert, SWR<\/p>\n<p>Beginn: 19:30 Uhr, Ende: 21:30 Uhr<br \/>\nOrt: Theaterhaus Stuttgart, Siemensstra\u00dfe 11, 70469 Stuttgart<br \/>\nDas Theaterprojekt wird aus Mitteln des Europ\u00e4ischen Integrationsfonds und des Ministeriums f\u00fcr Integration Baden-W\u00fcrttemberg finanziert.<\/p>\n<p>TERRE DES FEMMES<br \/>\nMenschenrechte f\u00fcr die Frau e.V.<br \/>\n<a href=\"https:\/\/www.frauenrechte.de\/online\/index.php\">www.frauenrechte.de<\/a><br \/>\n<a href=\"https:\/\/www.facebook.com\/terre.des.femmes\">www.facebook.com\/terre.des.femmes<\/a><br \/>\n<a href=\"https:\/\/twitter.com\/#!\/TDFeV\">www.twitter.com\/TDFeV<\/a><\/p>\n","protected":false},"excerpt":{"rendered":"<p>Das von TERRE DES FEMMES gemeinsam mit dem Ensemble \u201eMensch:Theater!\u201c und der Beratungsstelle YASEMIN entwickelte interaktive Theaterst\u00fcck &#8222;Mein Leben. Meine Liebe. Meine Ehre?&#8220; handelt von\u00a0Gewalt in\u00a0oft\u00a0islamischen L\u00e4ndern im Namen der Ehre. Theaterauff\u00fchrung am 20. November 2014 im Theaterhaus Stuttgart, 19.30-21.30 &hellip; <a href=\"https:\/\/www.freiburg-schwarzwald.de\/blog\/gewalt-aufgrund-familienehre\/\">Weiterlesen <span class=\"meta-nav\">&rarr;<\/span><\/a><\/p>\n","protected":false},"author":2,"featured_media":0,"comment_status":"open","ping_status":"closed","sticky":false,"template":"","format":"standard","meta":{"footnotes":""},"categories":[59,19],"tags":[521,612,732,421],"class_list":["post-51512","post","type-post","status-publish","format-standard","hentry","category-frauen","category-religion","tag-family","tag-frau","tag-gewalt","tag-islam"],"_links":{"self":[{"href":"https:\/\/www.freiburg-schwarzwald.de\/blog\/wp-json\/wp\/v2\/posts\/51512","targetHints":{"allow":["GET"]}}],"collection":[{"href":"https:\/\/www.freiburg-schwarzwald.de\/blog\/wp-json\/wp\/v2\/posts"}],"about":[{"href":"https:\/\/www.freiburg-schwarzwald.de\/blog\/wp-json\/wp\/v2\/types\/post"}],"author":[{"embeddable":true,"href":"https:\/\/www.freiburg-schwarzwald.de\/blog\/wp-json\/wp\/v2\/users\/2"}],"replies":[{"embeddable":true,"href":"https:\/\/www.freiburg-schwarzwald.de\/blog\/wp-json\/wp\/v2\/comments?post=51512"}],"version-history":[{"count":0,"href":"https:\/\/www.freiburg-schwarzwald.de\/blog\/wp-json\/wp\/v2\/posts\/51512\/revisions"}],"wp:attachment":[{"href":"https:\/\/www.freiburg-schwarzwald.de\/blog\/wp-json\/wp\/v2\/media?parent=51512"}],"wp:term":[{"taxonomy":"category","embeddable":true,"href":"https:\/\/www.freiburg-schwarzwald.de\/blog\/wp-json\/wp\/v2\/categories?post=51512"},{"taxonomy":"post_tag","embeddable":true,"href":"https:\/\/www.freiburg-schwarzwald.de\/blog\/wp-json\/wp\/v2\/tags?post=51512"}],"curies":[{"name":"wp","href":"https:\/\/api.w.org\/{rel}","templated":true}]}}