{"id":51499,"date":"2014-11-12T17:35:49","date_gmt":"2014-11-12T16:35:49","guid":{"rendered":"https:\/\/www.freiburg-schwarzwald.de\/blog\/?p=51499"},"modified":"2014-11-12T17:40:26","modified_gmt":"2014-11-12T16:40:26","slug":"vereine-zukunftlabor-in-schule","status":"publish","type":"post","link":"https:\/\/www.freiburg-schwarzwald.de\/blog\/vereine-zukunftlabor-in-schule\/","title":{"rendered":"Vereine-Zukunftlabor in Schule"},"content":{"rendered":"<p>Nicht nur <a title=\"Sportvereine\" href=\"https:\/\/www.freiburg-schwarzwald.de\/blog\/sport\/sportvereine\/\">Sport<\/a>&#8211; und <a title=\"Musikvereine\" href=\"https:\/\/www.freiburg-schwarzwald.de\/blog\/vereine\/musikvereine\/\">Musikvereine<\/a> sollen mit den Schulen kooperieren, sondern auch andere, alternative Vereine in &#8222;Zukunftlabors&#8220;,\u00a0so der emeritierte PH-Professor Wolfgang Roth. Denn\u00a0Sch\u00fcler k\u00f6nnen viel von <a title=\"Vereine\" href=\"https:\/\/www.freiburg-schwarzwald.de\/blog\/vereine\/\">Vereinen<\/a> lernen, die sich f\u00fcr Umwelt, <a title=\"Frieden\" href=\"https:\/\/www.freiburg-schwarzwald.de\/blog\/engagement\/zukunft\/frieden\/\"> Frieden<\/a>\u00a0und alternatives Leben engagieren. Am Samstag 15.11.2014 widmet sich eine Tagung diesem Thema an der <a title=\"PH\" href=\"https:\/\/www.freiburg-schwarzwald.de\/blog\/bildung\/hochschulen\/ph\/\">P\u00e4dagogischen Hochschule <\/a>Freiburg. <!--more--><\/p>\n<div>Tagung zur Kooperation von Schule, Zivilgesellschaft und Kommune, Samstag, 15. November, 10 bis 18 Uhr, P\u00e4dagogische Hochschule, Kunzenweg 21, KG V, Anmeldung bis Donnerstag erw\u00fcnscht unter\u00a00761\/21687-30 und\u00a0<a title=\"\" href=\"mailto:info@freiburgimwandel.de\" target=\"_blank\">info@freiburgimwandel.de<\/a>, <a title=\"\" href=\"https:\/\/www.freiburgimwandel.de\/\" target=\"_blank\">https:\/\/www.freiburgimwandel.de<\/a>\u00a0 Teilnahme mit Mittagessen kostet 15 Euro.<\/div>\n<p>&nbsp;<\/p>\n<p><strong>Alternativ-Vereine in Schulen<\/strong><br \/>\nDa gibt es die gro\u00dfen Player wie \u00d6kostation und Eine Welt Forum, die gut dabei sind, aber Schwierigkeiten haben, das personell und finanziell zu stemmen. Und es gibt eine ganze Reihe von Initiativen, die denken gar nicht daran, mit Aktionen in die Schule zu gehen, wie zum Beispiel Attac und Greenpeace. Sie wollen die Einstellung der Erwachsenen ver\u00e4ndern, und das ist ein m\u00fchsames Gesch\u00e4ft. Auch kooperieren die Schulen vorwiegend mit Sportvereinen und Musikschulen. Aber die &#8222;Zukunftslabors&#8220; werden nicht so sehr angefragt und das m\u00f6chten wir \u00e4ndern. Die Tagung ist ein Novum und bietet erstmals ein Forum zum Austausch f\u00fcr Vereine, Schulen und Kommune. Gesellschaft lebt von der Interaktion. &#8230;.<br \/>\nAlles vom 12.11.2014 bitte lesen auf<br \/>\n<a href=\"https:\/\/www.badische-zeitung.de\/freiburg\/sie-denken-nicht-daran-in-die-schule-zu-gehen--94483150.html\">https:\/\/www.badische-zeitung.de\/freiburg\/sie-denken-nicht-daran-in-die-schule-zu-gehen&#8211;94483150.html<\/a><\/p>\n<div><\/div>\n","protected":false},"excerpt":{"rendered":"<p>Nicht nur Sport&#8211; und Musikvereine sollen mit den Schulen kooperieren, sondern auch andere, alternative Vereine in &#8222;Zukunftlabors&#8220;,\u00a0so der emeritierte PH-Professor Wolfgang Roth. Denn\u00a0Sch\u00fcler k\u00f6nnen viel von Vereinen lernen, die sich f\u00fcr Umwelt, Frieden\u00a0und alternatives Leben engagieren. Am Samstag 15.11.2014 widmet &hellip; <a href=\"https:\/\/www.freiburg-schwarzwald.de\/blog\/vereine-zukunftlabor-in-schule\/\">Weiterlesen <span class=\"meta-nav\">&rarr;<\/span><\/a><\/p>\n","protected":false},"author":2,"featured_media":0,"comment_status":"open","ping_status":"closed","sticky":false,"template":"","format":"standard","meta":{"footnotes":""},"categories":[18,425,36,6],"tags":[738,585,586,504],"class_list":["post-51499","post","type-post","status-publish","format-standard","hentry","category-bildung","category-duale-bildung","category-engagement","category-vereine","tag-forschung","tag-schule","tag-verein","tag-weiterbildung"],"_links":{"self":[{"href":"https:\/\/www.freiburg-schwarzwald.de\/blog\/wp-json\/wp\/v2\/posts\/51499","targetHints":{"allow":["GET"]}}],"collection":[{"href":"https:\/\/www.freiburg-schwarzwald.de\/blog\/wp-json\/wp\/v2\/posts"}],"about":[{"href":"https:\/\/www.freiburg-schwarzwald.de\/blog\/wp-json\/wp\/v2\/types\/post"}],"author":[{"embeddable":true,"href":"https:\/\/www.freiburg-schwarzwald.de\/blog\/wp-json\/wp\/v2\/users\/2"}],"replies":[{"embeddable":true,"href":"https:\/\/www.freiburg-schwarzwald.de\/blog\/wp-json\/wp\/v2\/comments?post=51499"}],"version-history":[{"count":0,"href":"https:\/\/www.freiburg-schwarzwald.de\/blog\/wp-json\/wp\/v2\/posts\/51499\/revisions"}],"wp:attachment":[{"href":"https:\/\/www.freiburg-schwarzwald.de\/blog\/wp-json\/wp\/v2\/media?parent=51499"}],"wp:term":[{"taxonomy":"category","embeddable":true,"href":"https:\/\/www.freiburg-schwarzwald.de\/blog\/wp-json\/wp\/v2\/categories?post=51499"},{"taxonomy":"post_tag","embeddable":true,"href":"https:\/\/www.freiburg-schwarzwald.de\/blog\/wp-json\/wp\/v2\/tags?post=51499"}],"curies":[{"name":"wp","href":"https:\/\/api.w.org\/{rel}","templated":true}]}}