{"id":50816,"date":"2014-09-26T09:56:26","date_gmt":"2014-09-26T07:56:26","guid":{"rendered":"https:\/\/www.freiburg-schwarzwald.de\/blog\/?p=50816"},"modified":"2014-09-26T09:56:26","modified_gmt":"2014-09-26T07:56:26","slug":"regenwald-peru-agrarindustrie","status":"publish","type":"post","link":"https:\/\/www.freiburg-schwarzwald.de\/blog\/regenwald-peru-agrarindustrie\/","title":{"rendered":"Regenwald Peru Agrarindustrie"},"content":{"rendered":"<p>Die <a title=\"Umwelt\" href=\"https:\/\/www.freiburg-schwarzwald.de\/blog\/natur\/umwelt\/\">Zerst\u00f6rung des Regenwalds<\/a> am Beispiel Perus &#8211; Vortr\u00e4ge &amp; Diskussion\u00a0\u00fcber die Bedrohung des Lebensraums der indigenen Bev\u00f6lkerung (<a title=\"Agrar\" href=\"https:\/\/www.freiburg-schwarzwald.de\/blog\/natur\/landwirt\/agrar\/\">Agroindustrie<\/a>)\u00a0und der \u203aLunge der Welt\u2039\u00a0(<a title=\"Klima\" href=\"https:\/\/www.freiburg-schwarzwald.de\/blog\/natur\/klima\/\">Klima<\/a>) mit Adda Chuecas Cabrera und Norma V\u00e1squez Rubinos aus Peru, Mitarbeiterinnen des Centro Amaz\u00f3nico de Antropolog\u00eda y Aplicaci\u00f3n Practica &#8211; CAAAP, Lima (Peru). Die Vortr\u00e4ge finden in Spanisch statt und werden ins Deutsche \u00fcbersetzt.<!--more--><\/p>\n<p>&nbsp;<\/p>\n<p>Montag, 29. September 2014 \u2022 19.00 Uhr<br \/>\nKatholische Akademie \u2022 Wintererstra\u00dfe 1 \u2022 79104 Freiburg<br \/>\nEintritt frei<br \/>\nDer amazonische Regenwald in Peru wird durch die Gewinnung von Rohstoffen wie \u00d6l und Gas, den Einschlag von Edelh\u00f6lzern und zunehmend auch durch den agroindustriellen Anbau von Agrarprodukten zerst\u00f6rt. Lecks in \u00d6lleitungen und der Einsatz von Agrochemikalien vergiften Wasser und B\u00f6den. Durch das Abschmelzen der Andengletscher und durch die St\u00f6rung des kleinen Wasserkreislaufs der Regenw\u00e4lder vermindern der Klimawandel und der zunehmende Waldverlust langfristig die Wasserversorgung der Regenw\u00e4lder und damit deren Existenz. Sie bedrohen und ver\u00e4ndern Flora und Fauna. Der Lebensraum der indigenen Bev\u00f6lkerung, ihre sozialen und kulturellen Rechte sind vielf\u00e4ltig gef\u00e4hrdet.<br \/>\nIn ihren Vortr\u00e4gen stellen Adda Chuecas Cabrera und Norma V\u00e1squez Rubionos diese Zerst\u00f6rungen und Bedrohungen eindrucksvoll dar. Sie erz\u00e4hlen uns von ihrem Leben, ihrer Kultur sowie von ihrem Kampf f\u00fcr den Erhalt des Regenwalds und den Schutz ihrer Lebensweise.<br \/>\nIm Anschluss daran sollen neben R\u00fcckfragen und Austausch auch die Zusammenh\u00e4nge zwischen der Zerst\u00f6rung der Regenw\u00e4lder und unserem Hunger nach Rohstoffen sowie unserem Lebensstil diskutiert werden.<\/p>\n<p>Veranstalter: Informationsstelle Peru, Caritas international, Eine Welt Forum Freiburg, Regenwaldinstitut Freiburg, Katholische Akademie der Erzdi\u00f6zese Freiburg<br \/>\nDie Veranstaltung wird erm\u00f6glicht durch die finanzielle Unterst\u00fctzung von Caritas international, der Katholischen Akademie Freiburg, des Kirchlichen Entwicklungsdienstes durch Brot f\u00fcr die Welt-Evangelischer Entwicklungsdienst, durch Engagement Global aus Mitteln des BMZ sowie des Agenda 21 B\u00fcros der Stadt Freiburg<br \/>\n26.9.2014, Dagmar Gro\u00dfe, <a href=\"mailto:info@ewf-freiburg.de\">info@ewf-freiburg.de<\/a><\/p>\n","protected":false},"excerpt":{"rendered":"<p>Die Zerst\u00f6rung des Regenwalds am Beispiel Perus &#8211; Vortr\u00e4ge &amp; Diskussion\u00a0\u00fcber die Bedrohung des Lebensraums der indigenen Bev\u00f6lkerung (Agroindustrie)\u00a0und der \u203aLunge der Welt\u2039\u00a0(Klima) mit Adda Chuecas Cabrera und Norma V\u00e1squez Rubinos aus Peru, Mitarbeiterinnen des Centro Amaz\u00f3nico de Antropolog\u00eda y &hellip; <a href=\"https:\/\/www.freiburg-schwarzwald.de\/blog\/regenwald-peru-agrarindustrie\/\">Weiterlesen <span class=\"meta-nav\">&rarr;<\/span><\/a><\/p>\n","protected":false},"author":2,"featured_media":0,"comment_status":"open","ping_status":"closed","sticky":false,"template":"","format":"standard","meta":{"footnotes":""},"categories":[52,36,14,104,40,67],"tags":[27,277,715,199,719],"class_list":["post-50816","post","type-post","status-publish","format-standard","hentry","category-einewelt","category-engagement","category-global","category-hilfe","category-klima","category-naturschutz","tag-ausland","tag-bauer","tag-klima","tag-regenwald","tag-umwelt"],"_links":{"self":[{"href":"https:\/\/www.freiburg-schwarzwald.de\/blog\/wp-json\/wp\/v2\/posts\/50816","targetHints":{"allow":["GET"]}}],"collection":[{"href":"https:\/\/www.freiburg-schwarzwald.de\/blog\/wp-json\/wp\/v2\/posts"}],"about":[{"href":"https:\/\/www.freiburg-schwarzwald.de\/blog\/wp-json\/wp\/v2\/types\/post"}],"author":[{"embeddable":true,"href":"https:\/\/www.freiburg-schwarzwald.de\/blog\/wp-json\/wp\/v2\/users\/2"}],"replies":[{"embeddable":true,"href":"https:\/\/www.freiburg-schwarzwald.de\/blog\/wp-json\/wp\/v2\/comments?post=50816"}],"version-history":[{"count":0,"href":"https:\/\/www.freiburg-schwarzwald.de\/blog\/wp-json\/wp\/v2\/posts\/50816\/revisions"}],"wp:attachment":[{"href":"https:\/\/www.freiburg-schwarzwald.de\/blog\/wp-json\/wp\/v2\/media?parent=50816"}],"wp:term":[{"taxonomy":"category","embeddable":true,"href":"https:\/\/www.freiburg-schwarzwald.de\/blog\/wp-json\/wp\/v2\/categories?post=50816"},{"taxonomy":"post_tag","embeddable":true,"href":"https:\/\/www.freiburg-schwarzwald.de\/blog\/wp-json\/wp\/v2\/tags?post=50816"}],"curies":[{"name":"wp","href":"https:\/\/api.w.org\/{rel}","templated":true}]}}