{"id":50807,"date":"2014-09-25T13:21:49","date_gmt":"2014-09-25T11:21:49","guid":{"rendered":"https:\/\/www.freiburg-schwarzwald.de\/blog\/?p=50807"},"modified":"2014-09-25T13:21:49","modified_gmt":"2014-09-25T11:21:49","slug":"kartaus-geschichte-buch-uwc","status":"publish","type":"post","link":"https:\/\/www.freiburg-schwarzwald.de\/blog\/kartaus-geschichte-buch-uwc\/","title":{"rendered":"Kartaus-Geschichte Buch UWC"},"content":{"rendered":"<p>P\u00fcnktlich zur Er\u00f6ffnung des deutschen <a title=\"UWC-Freiburg\" href=\"https:\/\/www.freiburg-schwarzwald.de\/blog\/bildung\/schulen\/uwc-freiburg\/\">United World College (UWC)<\/a> in den <a title=\"Kartaus-Baustelle\" href=\"https:\/\/www.freiburg-schwarzwald.de\/blog\/bildung\/schulen\/uwc-freiburg\/kartaus-baustelle\/\">sanierten und erweiterten Geb\u00e4uden<\/a> der Kartaus im Osten der Stadt Freiburg\u00a0ist\u00a0das Buch &#8222;Die Kartause St. Johannisberg in Freiburg im Breisgau &#8211; Historische und baugeschichtliche Untersuchungen&#8220; erschienen. Die Geschichte und Bedeutung der um 1345 vor den Toren der Stadt gegr\u00fcndeten <a title=\"Kartaus\" href=\"https:\/\/www.freiburg-schwarzwald.de\/blog\/natur\/garten\/kartaus\/\">Kartause<\/a> St. Johannisberg war bislang nur wenigen Spezialisten bekannt. <!--more-->Dies \u00e4nderte sich durch eine \u00f6ffentliche Tagung im Fr\u00fchjahr 2011. Die dort gehaltenen Vortr\u00e4ge werden im vorliegenden, reich bebilderten Band erstmals publiziert. Das Werk, Band 41 der Reihe &#8222;Ver\u00f6ffentlichungen aus dem Archiv der Stadt Freiburg im Breisgau&#8220;, haben Heinz Krieg, Frank L\u00f6bbecke und Katharina Ungerer-Heuck herausgegeben.<br \/>\nAufw\u00e4ndige Bau- und Gel\u00e4ndearbeiten kennzeichnen die mittelalterliche Klosteranlage. \u00dcber ihr wurde von 1754 bis 1756 ein barocker Neubau errichtet. Einer der bekanntesten Exponenten der Freiburger Kart\u00e4user war Gregor Reisch (um 1467 bis 1525). W\u00e4hrend seiner Zeit als Prior war das Kloster in ein weit \u00fcber die Region hinaus reichendes Netzwerk der Bildung, Kultur, Politik eingebunden. Die Phase dieser Bl\u00fctezeit im Umfeld des Humanismus zeigt sich unter anderem auch in der Ausstattung der Klosteranlage mit hervorragenden Glasgem\u00e4lden nach Entw\u00fcrfen von Hans Baldung Grien. Nach Aufhebung des Klosters im Zuge der Josephinischen Reformen (1782) wurde die Kartause zun\u00e4chst als Adelssitz, von 1895 bis 2008 war sie als Alten- und Pflegeheim. Nach Restaurierung, Umbau und Erweiterung des Geb\u00e4udekomplexes durch die Robert-Bosch-Stiftung findet sich dort heute das deutsche United World College (UWC).<br \/>\n25.9.2014<\/p>\n","protected":false},"excerpt":{"rendered":"<p>P\u00fcnktlich zur Er\u00f6ffnung des deutschen United World College (UWC) in den sanierten und erweiterten Geb\u00e4uden der Kartaus im Osten der Stadt Freiburg\u00a0ist\u00a0das Buch &#8222;Die Kartause St. Johannisberg in Freiburg im Breisgau &#8211; Historische und baugeschichtliche Untersuchungen&#8220; erschienen. Die Geschichte und &hellip; <a href=\"https:\/\/www.freiburg-schwarzwald.de\/blog\/kartaus-geschichte-buch-uwc\/\">Weiterlesen <span class=\"meta-nav\">&rarr;<\/span><\/a><\/p>\n","protected":false},"author":2,"featured_media":0,"comment_status":"open","ping_status":"closed","sticky":false,"template":"","format":"standard","meta":{"footnotes":""},"categories":[99],"tags":[337,149,175,147],"class_list":["post-50807","post","type-post","status-publish","format-standard","hentry","category-buchhandel","tag-historie","tag-kartaus","tag-ortsgeschichte","tag-uwc"],"_links":{"self":[{"href":"https:\/\/www.freiburg-schwarzwald.de\/blog\/wp-json\/wp\/v2\/posts\/50807","targetHints":{"allow":["GET"]}}],"collection":[{"href":"https:\/\/www.freiburg-schwarzwald.de\/blog\/wp-json\/wp\/v2\/posts"}],"about":[{"href":"https:\/\/www.freiburg-schwarzwald.de\/blog\/wp-json\/wp\/v2\/types\/post"}],"author":[{"embeddable":true,"href":"https:\/\/www.freiburg-schwarzwald.de\/blog\/wp-json\/wp\/v2\/users\/2"}],"replies":[{"embeddable":true,"href":"https:\/\/www.freiburg-schwarzwald.de\/blog\/wp-json\/wp\/v2\/comments?post=50807"}],"version-history":[{"count":0,"href":"https:\/\/www.freiburg-schwarzwald.de\/blog\/wp-json\/wp\/v2\/posts\/50807\/revisions"}],"wp:attachment":[{"href":"https:\/\/www.freiburg-schwarzwald.de\/blog\/wp-json\/wp\/v2\/media?parent=50807"}],"wp:term":[{"taxonomy":"category","embeddable":true,"href":"https:\/\/www.freiburg-schwarzwald.de\/blog\/wp-json\/wp\/v2\/categories?post=50807"},{"taxonomy":"post_tag","embeddable":true,"href":"https:\/\/www.freiburg-schwarzwald.de\/blog\/wp-json\/wp\/v2\/tags?post=50807"}],"curies":[{"name":"wp","href":"https:\/\/api.w.org\/{rel}","templated":true}]}}