{"id":50761,"date":"2014-09-22T14:55:42","date_gmt":"2014-09-22T12:55:42","guid":{"rendered":"https:\/\/www.freiburg-schwarzwald.de\/blog\/?p=50761"},"modified":"2014-09-22T15:08:03","modified_gmt":"2014-09-22T13:08:03","slug":"my-fertility-matters-in-freiburg","status":"publish","type":"post","link":"https:\/\/www.freiburg-schwarzwald.de\/blog\/my-fertility-matters-in-freiburg\/","title":{"rendered":"My Fertility Matters in Freiburg"},"content":{"rendered":"<p align=\"LEFT\">Aller Sexualisierung und angeblichen Aufgekl\u00e4rtheit zum Trotz erleben auch heute viele <a title=\"Maedchen\" href=\"https:\/\/www.freiburg-schwarzwald.de\/blog\/selbsthilfe\/kinder\/maedchen\/\">M\u00e4dchen<\/a> und Jungen den Beginn ihrer <a title=\"Jugend\" href=\"https:\/\/www.freiburg-schwarzwald.de\/blog\/selbsthilfe\/jugend\/\">Pubert\u00e4t<\/a> mit Ekel, Scham und Angst vor nun drohenden Gefahren. \u201eMy Fertility Matters\u201c (MFM) setzt dem seit 15 Jahren die Erfahrung von Staunen, Stolz und Selbstvertrauen entgegen. \u201eIch war erstaunt, wie wenig wir \u00fcber die Vorg\u00e4nge in unserem eigenen <a title=\"Gesund\" href=\"https:\/\/www.freiburg-schwarzwald.de\/blog\/business\/gesund\/\">K\u00f6rper<\/a> wissen\u201c, berichtet die M\u00fcnchner <a title=\"Frauen\" href=\"https:\/\/www.freiburg-schwarzwald.de\/blog\/selbsthilfe\/frauen\/\">\u00c4rztin<\/a> Elisabeth Raith-Paula <!--more-->von den Gespr\u00e4chen, die sie vor 30 Jahren f\u00fcr ihre Dissertation \u00fcber nat\u00fcrliche Familienplanung mit Frauen f\u00fchrte. Und sie war best\u00fcrzt, wie wenig Wertsch\u00e4tzung die meisten ihrem K\u00f6rper und seiner F\u00e4higkeit zur Fortpflanzung entgegenbringen. Auch heute werde der Beginn der Pubert\u00e4t vor allem unter dem Blickwinkel der Bedrohung wahrgenommen, bei erwachsenen Frauen bestimme oft Sorge statt Selbstvertrauen das Verh\u00e4ltnis zu ihren Geschlechtsorganen. Um das zu \u00e4ndern und um das im Biologieunterricht vermittelte Wissen \u00fcber Hypophyse, Prostata und Geb\u00e4rmutterhals mit positiven Emotionen zu verbinden, hat Raith-Paula 1999 das MFM-Programm entwickelt. Die Abk\u00fcrzung, die zun\u00e4chst f\u00fcr \u201eM\u00e4dchen\/Frauen \u2013 Meine Tage\u201c stand und ab 2003 auch f\u00fcr \u201e<a title=\"Maenner\" href=\"https:\/\/www.freiburg-schwarzwald.de\/blog\/selbsthilfe\/maenner\/\">M\u00e4nner f\u00fcr M\u00e4nner<\/a>\u201c, erhielt mit wachsendem internationalen Erfolg schlie\u00dflich die Bedeutung \u201eMy Fertility Matters\u201c \u2013 die F\u00e4higkeit zur Fortpflanzung ist bedeutsam und der Rede wert.<br \/>\nInzwischen gibt es MFM auch in England, Frankreich, Belgien, den Niederlanden, der Schweiz, \u00d6sterreich, Italien und Ungarn. Demn\u00e4chst soll China\u00a0 dazu kommen. Allein in Deutschland werden mit rund 4000 Veranstaltungen im Jahr etwa 60000 M\u00e4dchen, Jungen und Eltern erreicht, im Erzbistum Freiburg gab es im vergangenen Jahr 364 Workshops und Vortr\u00e4ge an Schulen von der F\u00f6rderschule bis zum Gymnasium. \u201eNur was ich sch\u00e4tze, kann ich sch\u00fctzen\u201c, nennt Raith-Paula den Leitgedanken. \u201eUnd nur, was ich kenne, kann ich sch\u00e4tzen\u201c, erg\u00e4nzt die Freiburger MFM-Referentin SilviaMattes-Jalsovec. In den Workshops wird mit Improvisation und Musik, mit allerlei Requisiten und einer bildhaften Sprache gearbeitet. Da ist der Muttermund das \u201eTor zum Leben\u201c, der Nebenhoden das \u201eTrainingscamp\u201c, und die \u201e\u00d6strogen-Freundinnen\u201c bereitenden\u201e Zaubertrank\u201c f\u00fcr die anr\u00fcckenden Spermien.<br \/>\nIm Kolleg St. Blasien steht MFM seit acht Jahren f\u00fcr alle F\u00fcnftkl\u00e4ssler auf dem Lehrplan. \u201eDas Programm kommt ohne Bedrohungsszenario aus und hat eben darum eine starke pr\u00e4ventive Wirkung\u201c, sagt Klaus Mertes, der als Leiter des zum Jesuitenorden geh\u00f6renden Canisius-Kolleg in Berlin 2010 die Missbrauchsf\u00e4lle innerhalb\u00a0 der katholischen Kirche aufdeckte und nun seit drei Jahren das Kolleg St. Blasien f\u00fchrt. Indem die Sch\u00fcler hier Worte finden, die weder vulg\u00e4r sind noch medizinisch, entstehe Sprach- und Ich-Kompetenz. Das sei in Zeiten allseits verf\u00fcgbarer Pornografie und Cybermobbing wichtiger denn je, sagt Mertes und fordert eine Debatte \u00fcber moderne\u00a0 Sexualp\u00e4dagogik an Schulen. Das Erzbisch\u00f6fliche Seelsorgeamt koordiniert MFM in der Region, mischt sich aber inhaltlich nicht ein, wie dessen Referent Rudolf Mazzola betont. Nicht ein der katholischen Sexualmoral entsprechendes Menschen- und Familienbild zu transportieren sei das Ziel, versichert Elisabeth Raith-Paula. Vielmehr gehe es um Selbstwertgef\u00fchl und K\u00f6rperkompetenz. Das n\u00e4chste MFM-Projekt ist in Planung: \u201eWaage-Mut\u201c richtet sich an\u00a0 Jugendliche ab der neunten Klasse.<br \/>\n20.9.2014, Sigrun Rehm, <a href=\"https:\/\/www.der-sonntag.de\">www.der-sonntag.de<\/a><br \/>\n.<br \/>\nMY FERTILITY MATTERS wendet sich an M\u00e4dchen und Jungen beim Beginn der Pubert\u00e4t sowie an ihre Eltern. Zu den MFM-Veranstaltungen geh\u00f6ren ein Vortrag f\u00fcr die Eltern sowie ein sechsst\u00fcndiger geschlechtergetrennter Workshop f\u00fcr jeweils 15 M\u00e4dchen und Jungen zwischen 10 und 13 Jahren. Als Veranstalter kommen alle Schulen, aber auch Jugendzentren oder Pfarrgemeinden in Frage. Die Teilnahme kostet 20 Euro pro Kind,wer das nicht aufbringen kann, erh\u00e4lt einen Zuschuss aus dem F\u00f6rdertopf des Seelsorgeamts.<br \/>\nKoordiniert wird das MFM-Projekt vor Ort vom Familienreferant des Erzbisch\u00f6flichen Seelsorgeamts. Derzeit werden <strong>Frauen und vor allem M\u00e4nner gesucht<\/strong>, die sich zu MFM-Dozenten ausbilden lassen wollen.<br \/>\nKontakt: Ingrid Schell, Telefon 0671\/5144-202, E-Mail <a href=\"mailto:ingrid.schell@seelsorgeamt-freiburg.de\">ingrid.schell@seelsorgeamt-freiburg.de<\/a><br \/>\n<a href=\"https:\/\/www.mfm-freiburg.de\">www.mfm-freiburg.de<\/a><\/p>\n<p align=\"LEFT\">Buchtipp: Was ist los in meinem K\u00f6rper? von\u00a0 Elisabeth Raith-Paula, Pattloch-Verlag, 12,99 Euro.<\/p>\n<p align=\"LEFT\">\n","protected":false},"excerpt":{"rendered":"<p>Aller Sexualisierung und angeblichen Aufgekl\u00e4rtheit zum Trotz erleben auch heute viele M\u00e4dchen und Jungen den Beginn ihrer Pubert\u00e4t mit Ekel, Scham und Angst vor nun drohenden Gefahren. \u201eMy Fertility Matters\u201c (MFM) setzt dem seit 15 Jahren die Erfahrung von Staunen, &hellip; <a href=\"https:\/\/www.freiburg-schwarzwald.de\/blog\/my-fertility-matters-in-freiburg\/\">Weiterlesen <span class=\"meta-nav\">&rarr;<\/span><\/a><\/p>\n","protected":false},"author":2,"featured_media":0,"comment_status":"open","ping_status":"closed","sticky":false,"template":"","format":"standard","meta":{"footnotes":""},"categories":[18,59,400,158,104,60],"tags":[740,612,568,348],"class_list":["post-50761","post","type-post","status-publish","format-standard","hentry","category-bildung","category-frauen","category-freiwillig","category-gesund","category-hilfe","category-jugend","tag-arzt","tag-frau","tag-jugend-2","tag-medizin"],"_links":{"self":[{"href":"https:\/\/www.freiburg-schwarzwald.de\/blog\/wp-json\/wp\/v2\/posts\/50761","targetHints":{"allow":["GET"]}}],"collection":[{"href":"https:\/\/www.freiburg-schwarzwald.de\/blog\/wp-json\/wp\/v2\/posts"}],"about":[{"href":"https:\/\/www.freiburg-schwarzwald.de\/blog\/wp-json\/wp\/v2\/types\/post"}],"author":[{"embeddable":true,"href":"https:\/\/www.freiburg-schwarzwald.de\/blog\/wp-json\/wp\/v2\/users\/2"}],"replies":[{"embeddable":true,"href":"https:\/\/www.freiburg-schwarzwald.de\/blog\/wp-json\/wp\/v2\/comments?post=50761"}],"version-history":[{"count":0,"href":"https:\/\/www.freiburg-schwarzwald.de\/blog\/wp-json\/wp\/v2\/posts\/50761\/revisions"}],"wp:attachment":[{"href":"https:\/\/www.freiburg-schwarzwald.de\/blog\/wp-json\/wp\/v2\/media?parent=50761"}],"wp:term":[{"taxonomy":"category","embeddable":true,"href":"https:\/\/www.freiburg-schwarzwald.de\/blog\/wp-json\/wp\/v2\/categories?post=50761"},{"taxonomy":"post_tag","embeddable":true,"href":"https:\/\/www.freiburg-schwarzwald.de\/blog\/wp-json\/wp\/v2\/tags?post=50761"}],"curies":[{"name":"wp","href":"https:\/\/api.w.org\/{rel}","templated":true}]}}