{"id":50636,"date":"2014-09-07T09:34:12","date_gmt":"2014-09-07T07:34:12","guid":{"rendered":"https:\/\/www.freiburg-schwarzwald.de\/blog\/?p=50636"},"modified":"2014-09-07T09:36:02","modified_gmt":"2014-09-07T07:36:02","slug":"muensterplatz-ohne-muenster","status":"publish","type":"post","link":"https:\/\/www.freiburg-schwarzwald.de\/blog\/muensterplatz-ohne-muenster\/","title":{"rendered":"Muensterplatz ohne Muenster?"},"content":{"rendered":"<p>Wie ein <a title=\"Muensterplatz\" href=\"https:\/\/www.freiburg-schwarzwald.de\/blog\/regio\/freiburg\/muensterplatz\/\">M\u00fcnsterplatz<\/a> ohne <a title=\"Muenster\" href=\"https:\/\/www.freiburg-schwarzwald.de\/blog\/religion\/kirchen\/muenster\/\">M\u00fcnster<\/a> &#8211; <a title=\"Platz-der-Alten-Synagoge\" href=\"https:\/\/www.freiburg-schwarzwald.de\/blog\/regio\/freiburg\/platz-der-alten-synagoge\/\">Platz der Synagoge<\/a> ohne <a title=\"Juden\" href=\"https:\/\/www.freiburg-schwarzwald.de\/blog\/religion\/juden\/\">Synagoge<\/a>:<strong>\u00a0<\/strong> Vor 76 Jahren, am 9.November 1938 wurde die Freiburger Synagoge durch die SS und die SA in Brand gesetzt und amTag danach verw\u00fcstet. Fast alle Freiburger B\u00fcrger j\u00fcdischen Glaubens sind damals verfolgt und viele von ihnen ermordet worden. Nie wieder wurde das j\u00fcdische Gotteshaus an dieser Stelle errichtet. <!--more-->Stattdessen hat man den ehemaligen Werthmannplatz in <a title=\"Platz-der-Alten-Synagoge\" href=\"https:\/\/www.freiburg-schwarzwald.de\/blog\/regio\/freiburg\/platz-der-alten-synagoge\/\">Platz der alten Synagoge <\/a>umbenannt. Ein Stra\u00dfenschild, das ins\u00a0 KZ Gurs zeigt, und ein Gedenkstein erinnern an das grausame Verbrechen. Ansonsten erinnert nichts mehr an das j\u00fcdische Gotteshaus. Warum errichtet man nicht wieder an derselben Stelle die Synagoge wie es sie vor 76 Jahren gab?<br \/>\nIn <a title=\"Reiseberichte\" href=\"https:\/\/www.freiburg-schwarzwald.de\/blog\/tourismus\/reiseberichte\/\">Dresden<\/a> hat man schlie\u00dflich auch wieder die Frauenkirche \u2013 ein evangelisches Gotteshaus \u2013 errichtet. Im Zuge der Umgestaltung des Platzes muss die Gr\u00fcnfl\u00e4che den schwarzen Basaltsteinen aus Vietnam weichen, die einer \u201eschwarzen Steinw\u00fcste\u201c gleichen. Der Platz der alten Synagoge wird mit seiner grausamen Geschichte zugepflastert. Die letzten Spuren des Verbrechens verschwinden unter den k\u00fcnftigen Steinen. Und damit r\u00fcckt das menschverachtende Verbrechen in den Untergrund.<br \/>\nDie j\u00fcngsten Demonstrationen gegen Israel zeigen, wie tief der Antisemitismus in unserer Gesellschaft verankert ist. Wieder rufen Hassprediger zum Mord und Totschlag gegen Juden auf und missbrauchen ihre Meinungsfreiheit. Um so wichtiger w\u00e4re es, dass der Platz der Alten Synagoge nicht sinnlos zur schwarzen Steinw\u00fcste umfunktioniert wird. Warum baut man nicht wieder eine Synagoge oder ein j\u00fcdischen Kulturzentrum mit Museum? Der Platz der alten Synagoge ohne eine Synagoge ist doch nichts anderes als ein M\u00fcnsterplatz ohne M\u00fcnster. W\u00fcrden wir es akzeptieren und dabei belassen, wenn Nazis das M\u00fcnster anz\u00fcnden w\u00fcrden? W\u00fcrden wir es bei dem Namen \u201ePlatz des Alten M\u00fcnsters\u201c wirklich belassen und nie wieder das M\u00fcnster aufbauen?<br \/>\n7.9.2014, Christoph Schwarz , Freiburg, <a href=\"https:\/\/www.der-sonntag.de\">www.der-sonntag.de<\/a><\/p>\n","protected":false},"excerpt":{"rendered":"<p>Wie ein M\u00fcnsterplatz ohne M\u00fcnster &#8211; Platz der Synagoge ohne Synagoge:\u00a0 Vor 76 Jahren, am 9.November 1938 wurde die Freiburger Synagoge durch die SS und die SA in Brand gesetzt und amTag danach verw\u00fcstet. Fast alle Freiburger B\u00fcrger j\u00fcdischen Glaubens &hellip; <a href=\"https:\/\/www.freiburg-schwarzwald.de\/blog\/muensterplatz-ohne-muenster\/\">Weiterlesen <span class=\"meta-nav\">&rarr;<\/span><\/a><\/p>\n","protected":false},"author":2,"featured_media":0,"comment_status":"open","ping_status":"closed","sticky":false,"template":"","format":"standard","meta":{"footnotes":""},"categories":[89,13,19],"tags":[520,420,503,301],"class_list":["post-50636","post","type-post","status-publish","format-standard","hentry","category-kirchen","category-kultur","category-religion","tag-frieden","tag-juden","tag-church","tag-culture"],"_links":{"self":[{"href":"https:\/\/www.freiburg-schwarzwald.de\/blog\/wp-json\/wp\/v2\/posts\/50636","targetHints":{"allow":["GET"]}}],"collection":[{"href":"https:\/\/www.freiburg-schwarzwald.de\/blog\/wp-json\/wp\/v2\/posts"}],"about":[{"href":"https:\/\/www.freiburg-schwarzwald.de\/blog\/wp-json\/wp\/v2\/types\/post"}],"author":[{"embeddable":true,"href":"https:\/\/www.freiburg-schwarzwald.de\/blog\/wp-json\/wp\/v2\/users\/2"}],"replies":[{"embeddable":true,"href":"https:\/\/www.freiburg-schwarzwald.de\/blog\/wp-json\/wp\/v2\/comments?post=50636"}],"version-history":[{"count":0,"href":"https:\/\/www.freiburg-schwarzwald.de\/blog\/wp-json\/wp\/v2\/posts\/50636\/revisions"}],"wp:attachment":[{"href":"https:\/\/www.freiburg-schwarzwald.de\/blog\/wp-json\/wp\/v2\/media?parent=50636"}],"wp:term":[{"taxonomy":"category","embeddable":true,"href":"https:\/\/www.freiburg-schwarzwald.de\/blog\/wp-json\/wp\/v2\/categories?post=50636"},{"taxonomy":"post_tag","embeddable":true,"href":"https:\/\/www.freiburg-schwarzwald.de\/blog\/wp-json\/wp\/v2\/tags?post=50636"}],"curies":[{"name":"wp","href":"https:\/\/api.w.org\/{rel}","templated":true}]}}