{"id":50604,"date":"2014-09-04T17:17:51","date_gmt":"2014-09-04T15:17:51","guid":{"rendered":"https:\/\/www.freiburg-schwarzwald.de\/blog\/?p=50604"},"modified":"2014-09-05T17:25:30","modified_gmt":"2014-09-05T15:25:30","slug":"rock-am-bach-2014-kirchzarten","status":"publish","type":"post","link":"https:\/\/www.freiburg-schwarzwald.de\/blog\/rock-am-bach-2014-kirchzarten\/","title":{"rendered":"Rock am Bach 2014 Kirchzarten"},"content":{"rendered":"<p>Am ersten Septemberwochenende findet<a title=\"Musik\" href=\"https:\/\/www.freiburg-schwarzwald.de\/blog\/kultur\/musik\/\"> \u201eRock am Bach\u201c<\/a> nach einer Pause im letzten Jahr wieder statt \u2013 und das mit einem v\u00f6llig neuen Konzept. Zum ersten Mal ist die Veranstaltung des<a title=\"Jugend\" href=\"https:\/\/www.freiburg-schwarzwald.de\/blog\/selbsthilfe\/jugend\/\"> AJ Kirchzarten <\/a>zweit\u00e4gig auf der idyllischen Waldlichtung am Engenwald in <a title=\"Kirchzarten\" href=\"https:\/\/www.freiburg-schwarzwald.de\/blog\/regio\/orte\/kirchzarten\/\">Kirchzarten<\/a>. Am Freitag, dem 5. September 2014, stehen mit \u00c4l Jawala, Brothers of Santa Claus und Peaceful Sins drei hochkar\u00e4tige Regio-<a title=\"Musikgruppen\" href=\"https:\/\/www.freiburg-schwarzwald.de\/blog\/kultur\/musik\/musikgruppen\/\">Bands<\/a> auf der B\u00fchne. <!--more-->Die musikalische Thematik l\u00e4sst sich grob in Alternative-Rock und Pop einordnen. W\u00e4hrend \u00c4l Jawala mit Einfl\u00fcssen des Balkans das Publikum zum Tanzen bringen wird, verzaubern die Brothers of Santa Claus aus Kirchzarten mit ihrer melancholischen und gef\u00fchlsvollen Gitarrenmusik den magischen Ort. Peacefull Sins, die ihren Stil liebevoll Guerilla-Hippierock nennen, Teddy Smith and the Foreigners und J and JJ runden das Programm ab.<br \/>\nAm Samstag wird\u2019s dann laut und \u201eRock am Bach\u201c macht seinem Namen mit f\u00fcnf Rockabilly-Bands alle Ehren. Mit Rockin\u2019Carbonara und ihrem sizilianischen S\u00e4nger und Bassisten konnte ein w\u00fcrdiger Headliner verpflichtet werden, der am Abend zum kr\u00f6nenden Abschluss noch mal richtig einheizen wird. Au\u00dferdem werden Rock n Roll Big Block, Bonnie and the Groove Cats und zwei weitere Bands das Publikum zum Schwitzen bringen.<br \/>\nDie Karten gibt\u2018s bei allen bekannten VVK-Stellen und im Internet bei Reservix. Es k\u00f6nnen Einzel- und Kombitickets erworben werden. Weiter Informationen: <a href=\"https:\/\/www.rockambach.info\">www.rockambach.info<\/a> \u00a0und <a href=\"https:\/\/facebook.com\/rockambach\" target=\"_blank\">facebook.com\/rockambach<\/a> oder direkt beim Veranstalter: AJ Kirchzarten, Lindenbergstra\u00dfe 16. Kirchzarten<br \/>\n4.8.2014, Gerhard L\u00fcck<\/p>\n","protected":false},"excerpt":{"rendered":"<p>Am ersten Septemberwochenende findet \u201eRock am Bach\u201c nach einer Pause im letzten Jahr wieder statt \u2013 und das mit einem v\u00f6llig neuen Konzept. Zum ersten Mal ist die Veranstaltung des AJ Kirchzarten zweit\u00e4gig auf der idyllischen Waldlichtung am Engenwald in &hellip; <a href=\"https:\/\/www.freiburg-schwarzwald.de\/blog\/rock-am-bach-2014-kirchzarten\/\">Weiterlesen <span class=\"meta-nav\">&rarr;<\/span><\/a><\/p>\n","protected":false},"author":2,"featured_media":0,"comment_status":"open","ping_status":"closed","sticky":false,"template":"","format":"standard","meta":{"footnotes":""},"categories":[50,249,60,120],"tags":[248,32,518,443],"class_list":["post-50604","post","type-post","status-publish","format-standard","hentry","category-dreisamtal","category-hock","category-jugend","category-musik","tag-feste","tag-jugendmusik","tag-music","tag-termin"],"_links":{"self":[{"href":"https:\/\/www.freiburg-schwarzwald.de\/blog\/wp-json\/wp\/v2\/posts\/50604","targetHints":{"allow":["GET"]}}],"collection":[{"href":"https:\/\/www.freiburg-schwarzwald.de\/blog\/wp-json\/wp\/v2\/posts"}],"about":[{"href":"https:\/\/www.freiburg-schwarzwald.de\/blog\/wp-json\/wp\/v2\/types\/post"}],"author":[{"embeddable":true,"href":"https:\/\/www.freiburg-schwarzwald.de\/blog\/wp-json\/wp\/v2\/users\/2"}],"replies":[{"embeddable":true,"href":"https:\/\/www.freiburg-schwarzwald.de\/blog\/wp-json\/wp\/v2\/comments?post=50604"}],"version-history":[{"count":0,"href":"https:\/\/www.freiburg-schwarzwald.de\/blog\/wp-json\/wp\/v2\/posts\/50604\/revisions"}],"wp:attachment":[{"href":"https:\/\/www.freiburg-schwarzwald.de\/blog\/wp-json\/wp\/v2\/media?parent=50604"}],"wp:term":[{"taxonomy":"category","embeddable":true,"href":"https:\/\/www.freiburg-schwarzwald.de\/blog\/wp-json\/wp\/v2\/categories?post=50604"},{"taxonomy":"post_tag","embeddable":true,"href":"https:\/\/www.freiburg-schwarzwald.de\/blog\/wp-json\/wp\/v2\/tags?post=50604"}],"curies":[{"name":"wp","href":"https:\/\/api.w.org\/{rel}","templated":true}]}}