{"id":50578,"date":"2014-09-03T14:04:17","date_gmt":"2014-09-03T12:04:17","guid":{"rendered":"https:\/\/www.freiburg-schwarzwald.de\/blog\/?p=50578"},"modified":"2014-09-03T14:15:45","modified_gmt":"2014-09-03T12:15:45","slug":"goldene-krone-landfrauencafe","status":"publish","type":"post","link":"https:\/\/www.freiburg-schwarzwald.de\/blog\/goldene-krone-landfrauencafe\/","title":{"rendered":"Goldene Krone Landfrauencafe"},"content":{"rendered":"<p>Frauenpower im Caf\u00e9 Goldene Krone in <a title=\"StMaergen\" href=\"https:\/\/www.freiburg-schwarzwald.de\/blog\/regio\/orte\/stmaergen\/\">St. M\u00e4rgen\u00a0<\/a>&#8211; \u201e<a title=\"Landfrauen\" href=\"https:\/\/www.freiburg-schwarzwald.de\/blog\/natur\/landwirt\/landfrauen\/\">Landfrauencaf\u00e9<\/a>\u201c feiert 10j\u00e4hriges Bestehen mit Jubil\u00e4umswoche.\u00a0 Seit 2004 hat das Caf\u00e9 eine gro\u00dfe Entwicklung hinter sich, die damals nicht viele f\u00fcr m\u00f6glich gehalten h\u00e4tten. Das 1757 erbaute und lange als Pilgerherberge des angrenzenden <a title=\"Konzert im Kloster Oberried 4mal\" href=\"https:\/\/www.freiburg-schwarzwald.de\/blog\/konzert-im-kloster-oberried-4mal\/\">Klosters<\/a> genutzte Geb\u00e4ude stand nach mehreren Jahren Leerstand kurz vor dem Abriss und konnte nur durch das <a title=\"Ehrenamt\" href=\"https:\/\/www.freiburg-schwarzwald.de\/blog\/engagement\/ehrenamt\/\">Engagement der B\u00fcrger <\/a><!--more-->und vor allem der damaligen P\u00e4chterin Beate Waldera-Kynast gerettet werden. Beate Waldera-Kynast, die heute im Aufsichtsrat aktiv ist, ist es zu verdanken, dass das Caf\u00e9 mit seinem heutige Konzept Besucher aus nah und fern anzieht und sich zu einer nicht mehr wegzudenkenden Institution im Ortskern von St. M\u00e4rgen entwickelt hat. Bei einer Veranstaltung im Jahr 2004 stellte sie die Idee eines Landfrauencaf\u00e9s auf einer Veranstaltung vor und fand sofort Mitstreiterinnen, mit denen sie am 9. September 2004 Er\u00f6ffnung feierte.<br \/>\nOhne Gastronomie-Profis, sondern zusammen mit acht weiteren Frauen, die die unterschiedlichsten beruflichen Hintergr\u00fcnde hatten, baute sie ein Caf\u00e9 auf, in dem jede Frau ihre individuellen St\u00e4rken einbringen und so zum Gelingen des Projekts beitragen kann. \u201eDas Konzept von damals haben wir heute noch eins zu eins in unserem Caf\u00e9\u201c, sind auch die heutigen Leiterinnen Bettina Grohnewald und Waldburga Rombach von der Idee der Goldenen Krone \u00fcberzeugt \u2013 mehrere Auszeichnungen geben ihnen Recht.<\/p>\n<p>Zum Konzept geh\u00f6rt auch, dass nur regionale Erzeuger als Lieferanten in Frage kommen und dass alle im Caf\u00e9 angeboten Speisen \u2013 Kuchen, Suppen, Salate und mehr \u2013 von den Frauen selbst in der K\u00fcche der Goldenen Krone hergestellt werden. Hier liegt auch der gro\u00dfe Unterschied zu den Landfrauenvereinen erkl\u00e4rt Waldburga Rombach: \u201eAls Gewerbebetrieb d\u00fcrfen wir keine Speisen zu Hause herstellen. Der Name Landfrauencaf\u00e9 hat auch nichts mit dem Verein an sich zu tun, da aber jede Frau vom Land eine Landfrau ist, passt er trotzdem.\u201c<br \/>\nDie Frauen, die in der Goldenen Krone arbeiten, werden alle daf\u00fcr entlohnt. 18 Angestellte in Teilzeit z\u00e4hlen die beiden Leiterinnen mittlerweile zu ihrem Team, wobei stark darauf geachtet wird, jede Frau ihren St\u00e4rken entsprechend einzusetzen. \u201eDie eine backt besser, die andere hat eher St\u00e4rken im Service\u201c, erz\u00e4hlt Bettina Grohnewald die Idee dahinter.<\/p>\n<p align=\"JUSTIFY\"><a href=\"https:\/\/www.freiburg-schwarzwald.de\/blog\/goldene-krone-landfrauencafe\/goldene1krone-stmaergen140902\/\" rel=\"attachment wp-att-50581\"><img loading=\"lazy\" decoding=\"async\" class=\"alignnone size-thumbnail wp-image-50581\" alt=\"goldene1krone-stmaergen140902\" src=\"https:\/\/www.freiburg-schwarzwald.de\/blog\/wp-content\/uploads\/2014\/09\/goldene1krone-stmaergen140902-180x121.jpg\" width=\"180\" height=\"121\" srcset=\"https:\/\/www.freiburg-schwarzwald.de\/blog\/wp-content\/uploads\/2014\/09\/goldene1krone-stmaergen140902-180x121.jpg 180w, https:\/\/www.freiburg-schwarzwald.de\/blog\/wp-content\/uploads\/2014\/09\/goldene1krone-stmaergen140902.jpg 640w\" sizes=\"auto, (max-width: 180px) 100vw, 180px\" \/><\/a><br \/>\nLeiten das Landfrauencaf\u00e9\u00a0der Goldenen Krone: Bettina Grohnewald (links), Waldburga Rombach, Foto: Felix Gieger<\/p>\n<p align=\"JUSTIFY\"><a href=\"https:\/\/www.freiburg-schwarzwald.de\/blog\/goldene-krone-landfrauencafe\/goldene2krone-stmaergen140902\/\" rel=\"attachment wp-att-50582\"><img loading=\"lazy\" decoding=\"async\" class=\"alignnone size-thumbnail wp-image-50582\" alt=\"goldene2krone-stmaergen140902\" src=\"https:\/\/www.freiburg-schwarzwald.de\/blog\/wp-content\/uploads\/2014\/09\/goldene2krone-stmaergen140902-180x129.jpg\" width=\"180\" height=\"129\" srcset=\"https:\/\/www.freiburg-schwarzwald.de\/blog\/wp-content\/uploads\/2014\/09\/goldene2krone-stmaergen140902-180x129.jpg 180w, https:\/\/www.freiburg-schwarzwald.de\/blog\/wp-content\/uploads\/2014\/09\/goldene2krone-stmaergen140902.jpg 640w\" sizes=\"auto, (max-width: 180px) 100vw, 180px\" \/><\/a><br \/>\nDas Team vom Landfrauencaf\u00e9\u00a0 &#8211; Foto: Herbert Mark<\/p>\n<p>Das Konzept ist seit 2004 unver\u00e4ndert \u2013 Ver\u00e4nderungen im Caf\u00e9 gab es trotzdem. Seit M\u00e4rz 2012 wird das Caf\u00e9 mit zugeh\u00f6rigem Laden nicht mehr von privaten Schultern getragen, sondern ist genossenschaftlich organisiert. \u201eDamit wurde die finanzielle Last auf mehrere Schultern verteilt und gleichzeitig der soziale Aspekt ber\u00fccksichtige\u201c, berichtet Waldburga Rombach, die von Beginn an in der Goldenen Krone arbeitet. In der Genossenschaft sind neben den Mitgliedern des Caf\u00e9s vor allem Lieferanten und Stammg\u00e4ste vertreten, die das Caf\u00e9 und die Idee dahinter unterst\u00fctzen m\u00f6chten. \u201eOhne die Genossenschaft w\u00e4re das Caf\u00e9 in seiner urspr\u00fcnglichen Form nicht mehr m\u00f6glich gewesen\u201c, sind sich die beiden Leiterinnen der Bedeutung der Genossenschaft bewusst.\u00a0 Daher wird der erste Termin der Jubil\u00e4umswoche kommenden Dienstag genutzt, um sich bei den Mitgliedern der Genossenschaft und dem gesamten Caf\u00e9-Team zu bedanken. F\u00fcr die \u00d6ffentlichkeit geht es dann am Freitag los. Passend zum Konzept des Caf\u00e9s steht mit der Gruppe OLGA B. eine reine Frauenband auf der B\u00fchne. \u201eDiese Gruppe kennen wir schon lange, daher war klar, dass wir sie einladen\u201c, freuen sich Bettina Grohnewald und Waldburga Rombach besonders auf diesen Auftritt. Mit dem Gartenfest am Samstag und einem besonderen Fr\u00fchst\u00fccksbuffet mit Musik soll dann am Wochenende die Gemeinde in die Feierlichkeiten einbezogen werden \u2013 ohne seine G\u00e4ste w\u00e4re das Caf\u00e9 schlie\u00dflich nicht das, was es heute ist.<br \/>\n3.9.2014, fg, <a href=\"https:\/\/www.dreisamtaeler.de\">www.dreisamtaeler.de<\/a><\/p>\n<p><a href=\"https:\/\/www.freiburg-schwarzwald.de\/stmaergen#Goldene\">https:\/\/www.freiburg-schwarzwald.de\/stmaergen#Goldene<\/a> Krone St.M\u00e4rgen &#8211; GbR Lebendiges Dorf<\/p>\n<p><a href=\"https:\/\/www.krone-st-maergen.de\">www.krone-st-maergen.de<\/a><\/p>\n","protected":false},"excerpt":{"rendered":"<p>Frauenpower im Caf\u00e9 Goldene Krone in St. M\u00e4rgen\u00a0&#8211; \u201eLandfrauencaf\u00e9\u201c feiert 10j\u00e4hriges Bestehen mit Jubil\u00e4umswoche.\u00a0 Seit 2004 hat das Caf\u00e9 eine gro\u00dfe Entwicklung hinter sich, die damals nicht viele f\u00fcr m\u00f6glich gehalten h\u00e4tten. Das 1757 erbaute und lange als Pilgerherberge des &hellip; <a href=\"https:\/\/www.freiburg-schwarzwald.de\/blog\/goldene-krone-landfrauencafe\/\">Weiterlesen <span class=\"meta-nav\">&rarr;<\/span><\/a><\/p>\n","protected":false},"author":2,"featured_media":0,"comment_status":"open","ping_status":"closed","sticky":false,"template":"","format":"standard","meta":{"footnotes":""},"categories":[51,59,138,180,6],"tags":[716,404,717,612,331],"class_list":["post-50578","post","type-post","status-publish","format-standard","hentry","category-bauernhof","category-frauen","category-gastro","category-hochschwarzwald","category-vereine","tag-bauernhof","tag-cafe","tag-ehrenamt","tag-frau","tag-tourist"],"_links":{"self":[{"href":"https:\/\/www.freiburg-schwarzwald.de\/blog\/wp-json\/wp\/v2\/posts\/50578","targetHints":{"allow":["GET"]}}],"collection":[{"href":"https:\/\/www.freiburg-schwarzwald.de\/blog\/wp-json\/wp\/v2\/posts"}],"about":[{"href":"https:\/\/www.freiburg-schwarzwald.de\/blog\/wp-json\/wp\/v2\/types\/post"}],"author":[{"embeddable":true,"href":"https:\/\/www.freiburg-schwarzwald.de\/blog\/wp-json\/wp\/v2\/users\/2"}],"replies":[{"embeddable":true,"href":"https:\/\/www.freiburg-schwarzwald.de\/blog\/wp-json\/wp\/v2\/comments?post=50578"}],"version-history":[{"count":0,"href":"https:\/\/www.freiburg-schwarzwald.de\/blog\/wp-json\/wp\/v2\/posts\/50578\/revisions"}],"wp:attachment":[{"href":"https:\/\/www.freiburg-schwarzwald.de\/blog\/wp-json\/wp\/v2\/media?parent=50578"}],"wp:term":[{"taxonomy":"category","embeddable":true,"href":"https:\/\/www.freiburg-schwarzwald.de\/blog\/wp-json\/wp\/v2\/categories?post=50578"},{"taxonomy":"post_tag","embeddable":true,"href":"https:\/\/www.freiburg-schwarzwald.de\/blog\/wp-json\/wp\/v2\/tags?post=50578"}],"curies":[{"name":"wp","href":"https:\/\/api.w.org\/{rel}","templated":true}]}}