{"id":50393,"date":"2014-08-28T20:58:16","date_gmt":"2014-08-28T18:58:16","guid":{"rendered":"https:\/\/www.freiburg-schwarzwald.de\/blog\/?p=50393"},"modified":"2014-08-28T20:58:16","modified_gmt":"2014-08-28T18:58:16","slug":"terre-des-femmes-sucht-kaktus","status":"publish","type":"post","link":"https:\/\/www.freiburg-schwarzwald.de\/blog\/terre-des-femmes-sucht-kaktus\/","title":{"rendered":"Terre des Femmes sucht Kaktus"},"content":{"rendered":"<p><a title=\"Terre-des-Femmes\" href=\"https:\/\/www.freiburg-schwarzwald.de\/blog\/selbsthilfe\/frauen\/terre-des-femmes\/\">Terre des Femmes<\/a> verleiht zum Internationalen Tag \u201eNEIN zu Gewalt an <a title=\"Frauen\" href=\"https:\/\/www.freiburg-schwarzwald.de\/blog\/selbsthilfe\/frauen\/\">Frauen<\/a>\u201c am 25. November 2014 zum ersten Mal den \u201e<a href=\"https:\/\/www.frauenrechte.de\/online\/index.php\/themen-und-aktionen\/frauenfeindliche-werbung\/negativ-preis-der-zornige-kaktus\">Zornigen Kaktus<\/a>\u201c f\u00fcr besonders sexistische <a title=\"Werbung\" href=\"https:\/\/www.freiburg-schwarzwald.de\/blog\/business\/dienste\/werbung\/\">Werbung<\/a>. Wir suchen Preisvorschl\u00e4ge!\u00a0Es macht uns zornig, dass immer noch <a title=\"Industrie\" href=\"https:\/\/www.freiburg-schwarzwald.de\/blog\/business\/industrie\/\">Unternehmen<\/a>, Verb\u00e4nde oder Vereine mit plumpem <a title=\"Sexismus \u2013 Twitter Aufschrei\" href=\"https:\/\/www.freiburg-schwarzwald.de\/blog\/sexismus-twitter-aufschrei\/\">Sexismus<\/a> werben, mal trivial, mal ganz offensichtlich. Bei den schlimmsten F\u00e4llen schreitet der Werberat ein und in seltenen F\u00e4llen <!--more-->zieht das Unternehmen wegen der Proteste die Werbung freiwillig zur\u00fcck. Dennoch: \u201eSex Sells\u201c ist immer noch ein g\u00e4ngiges und viel zu oft praktiziertes Motto der Werbeindustrie. Da zahlreiche Unternehmen bei Kritik bisher ignorant sind, setzen wir mit unserem Preis ein Zeichen: Wir wehren uns! Und verleihen in diesem Jahr zum ersten Mal den &#8222;Zornigen Kaktus&#8220; f\u00fcr sexistische Werbung, die mindestens einer dieser Kriterien erf\u00fcllt:<br \/>\n&#8211; \u00a0M\u00e4dchen und Frauen werden abwertend dargestellt<br \/>\n&#8211; \u00a0M\u00e4dchen und Frauen werden als (allzeit verf\u00fcgbare) Sex-Objekte inszeniert<br \/>\n&#8211; \u00a0zwischen Produkt und Model besteht kein nachvollziehbarer Zusammenhang<br \/>\n&#8211; \u00a0in der Werbung wird Gewalt gegen Frauen oder M\u00e4dchen verherrlicht oder heruntergespielt<\/p>\n<p>Unsere Jury, bestehend aus Stevie Schmiedel (Pinkstinks e.V.), Stefanie Lohaus (Missy Magazin) und Jasna Strick (#aufschrei) w\u00e4hlt aus den eingereichten Vorschl\u00e4gen drei Favoriten aus, die ab dem 1. November auf der <a href=\"https:\/\/www.frauenrechte.de\/online\/index.php\/themen-und-aktionen\/frauenfeindliche-werbung\/negativ-preis-der-zornige-kaktus\/vorschlaege-negativ-preis\">TDF-Homepage<\/a> und bei <a href=\"https:\/\/www.facebook.com\/terre.des.femmes\">Facebook<\/a> zur Abstimmung stehen.\u00a0Bitte schicken Sie Ihre Preisvorschl\u00e4ge (mit einem Nachweis wie Link, Screenshot, Foto etc.)\u00a0bis zum 24. Oktober\u00a02014 an\u00a0<a href=\"mailto:gewaltschutz@frauenrechte.de\">gewaltschutz@frauenrechte.de<\/a><br \/>\nInternet: www.frauenrechte.de<br \/>\nFacebook: <a href=\"https:\/\/www.facebook.com\/terre.des.femmes\">www.facebook.com\/terre.des.femmes<\/a><br \/>\nTwitter: <a href=\"https:\/\/twitter.com\/TDFeV\">twitter.com\/#!\/TDFeV<\/a><\/p>\n","protected":false},"excerpt":{"rendered":"<p>Terre des Femmes verleiht zum Internationalen Tag \u201eNEIN zu Gewalt an Frauen\u201c am 25. November 2014 zum ersten Mal den \u201eZornigen Kaktus\u201c f\u00fcr besonders sexistische Werbung. Wir suchen Preisvorschl\u00e4ge!\u00a0Es macht uns zornig, dass immer noch Unternehmen, Verb\u00e4nde oder Vereine mit &hellip; <a href=\"https:\/\/www.freiburg-schwarzwald.de\/blog\/terre-des-femmes-sucht-kaktus\/\">Weiterlesen <span class=\"meta-nav\">&rarr;<\/span><\/a><\/p>\n","protected":false},"author":2,"featured_media":0,"comment_status":"open","ping_status":"closed","sticky":false,"template":"","format":"standard","meta":{"footnotes":""},"categories":[59,14],"tags":[612,431,732,289,443,571],"class_list":["post-50393","post","type-post","status-publish","format-standard","hentry","category-frauen","category-global","tag-frau","tag-gerecht","tag-gewalt","tag-preis","tag-termin","tag-werbung"],"_links":{"self":[{"href":"https:\/\/www.freiburg-schwarzwald.de\/blog\/wp-json\/wp\/v2\/posts\/50393","targetHints":{"allow":["GET"]}}],"collection":[{"href":"https:\/\/www.freiburg-schwarzwald.de\/blog\/wp-json\/wp\/v2\/posts"}],"about":[{"href":"https:\/\/www.freiburg-schwarzwald.de\/blog\/wp-json\/wp\/v2\/types\/post"}],"author":[{"embeddable":true,"href":"https:\/\/www.freiburg-schwarzwald.de\/blog\/wp-json\/wp\/v2\/users\/2"}],"replies":[{"embeddable":true,"href":"https:\/\/www.freiburg-schwarzwald.de\/blog\/wp-json\/wp\/v2\/comments?post=50393"}],"version-history":[{"count":0,"href":"https:\/\/www.freiburg-schwarzwald.de\/blog\/wp-json\/wp\/v2\/posts\/50393\/revisions"}],"wp:attachment":[{"href":"https:\/\/www.freiburg-schwarzwald.de\/blog\/wp-json\/wp\/v2\/media?parent=50393"}],"wp:term":[{"taxonomy":"category","embeddable":true,"href":"https:\/\/www.freiburg-schwarzwald.de\/blog\/wp-json\/wp\/v2\/categories?post=50393"},{"taxonomy":"post_tag","embeddable":true,"href":"https:\/\/www.freiburg-schwarzwald.de\/blog\/wp-json\/wp\/v2\/tags?post=50393"}],"curies":[{"name":"wp","href":"https:\/\/api.w.org\/{rel}","templated":true}]}}