{"id":50321,"date":"2014-08-25T20:53:23","date_gmt":"2014-08-25T18:53:23","guid":{"rendered":"https:\/\/www.freiburg-schwarzwald.de\/blog\/?p=50321"},"modified":"2014-08-25T20:57:29","modified_gmt":"2014-08-25T18:57:29","slug":"atomkraftwerk-wyhl-40-jahre","status":"publish","type":"post","link":"https:\/\/www.freiburg-schwarzwald.de\/blog\/atomkraftwerk-wyhl-40-jahre\/","title":{"rendered":"Atomkraftwerk Wyhl &#8211; 40 Jahre"},"content":{"rendered":"<p>Am 25. August 1974 bildeten die <a title=\"Badisch-Elsaessische\" href=\"https:\/\/www.freiburg-schwarzwald.de\/blog\/engagement\/buergerinitiativen\/badisch-elsaessische\/\">Badisch-Els\u00e4ssischen B\u00fcrgerinitiativen<\/a>\/Association <a title=\"AKW\" href=\"https:\/\/www.freiburg-schwarzwald.de\/blog\/energie\/akw\/\">Antinucleaire<\/a> de Bade et d`<a title=\"Elsass\" href=\"https:\/\/www.freiburg-schwarzwald.de\/blog\/regio\/elsass\/\">Alsace <\/a>in Weisweil\/Rhein ihr internationales <a title=\"Buergerinitiativen\" href=\"https:\/\/www.freiburg-schwarzwald.de\/blog\/engagement\/buergerinitiativen\/\">Komitee<\/a> und erkl\u00e4rten als 21 Initiativen (11 badisch,\u00a010 franz\u00f6sisch)\u00a0zweisprachig auf deutsch und<a title=\"France\" href=\"https:\/\/www.freiburg-schwarzwald.de\/blog\/global\/france\/\"> franz\u00f6sisch <\/a>sowie symmetrisch gegen das geplante <a title=\"Wyhl\" href=\"https:\/\/www.freiburg-schwarzwald.de\/blog\/engagement\/buergerinitiativen\/wyhl\/\">Atomkraftwerk in Wyhl <\/a>und das Bleiwerk in Marckolsheim mit eindringlicher\u00a0Begr\u00fcndung: <!--more-->&#8222;&#8230;Deshalb haben wir beschlossen, die vorgesehenen\u00a0Baupl\u00e4tze f\u00fcr das Atomkraftwerk Wyhl und das Bleiwerk in Marckolsheim gemeinsam zu besetzen, sobald dort mit dem Bau begonnen wird. Wir sind entschlossen, der Gewalt, die uns mit diesen Unternehmen angetan wird, solange passiven Widerstand entgegenzusetzen, bis die Regierungen zur Vernunft kommen.&#8220;<br \/>\nDas Archiv der Badisch-Els\u00e4ssischen B\u00fcrgerinitiativen ist heute ein interessanter Anziehungspunkt f\u00fcr Sozialwissenschaftler aus der ganzen Welt, um die erfolgreiche und kostruktive Arbeit der B\u00fcrgerinitiativen f\u00fcr<br \/>\neine Energiewende zu analysieren und publizieren. Die beiden Gedenksteine am vorgesehen Bauplatz im Wyhler Rheinwald* und vor dem Evangelischen Gemeindesaal in Weisweil werden regelm\u00e4\u00dfig von G\u00e4stegruppen aus<br \/>\nJapan, Korea, USA und anderen L\u00e4ndern f\u00fcr ein Gruppenfoto angefahren.<\/p>\n<p><a href=\"https:\/\/www.freiburg-schwarzwald.de\/blog\/atomkraftwerk-wyhl-40-jahre\/wyhl-gedenkstein-japan2014\/\" rel=\"attachment wp-att-50323\"><img loading=\"lazy\" decoding=\"async\" class=\"alignnone size-thumbnail wp-image-50323\" alt=\"wyhl-gedenkstein-japan2014\" src=\"https:\/\/www.freiburg-schwarzwald.de\/blog\/wp-content\/uploads\/2014\/08\/wyhl-gedenkstein-japan2014-180x119.jpg\" width=\"180\" height=\"119\" srcset=\"https:\/\/www.freiburg-schwarzwald.de\/blog\/wp-content\/uploads\/2014\/08\/wyhl-gedenkstein-japan2014-180x119.jpg 180w, https:\/\/www.freiburg-schwarzwald.de\/blog\/wp-content\/uploads\/2014\/08\/wyhl-gedenkstein-japan2014.jpg 640w\" sizes=\"auto, (max-width: 180px) 100vw, 180px\" \/><\/a>\u00a0\u00a0\u00a0 Japanerinnen vor dem AKW-Gedenkstein im Wyhler Wald 2014<\/p>\n<p>Auch in diesem Jahr\u00a0finden wieder Informationsveranstaltungen im &#8222;traditionsreichen Evangelischen Gemeindesaal&#8220; von Weisweil statt: Nach dem Abw\u00fcrgen der hoffnungsvollen Energiewende federf\u00fchrend durch SPD-Wirtschaftsminister Sigmar Gabriel laden die Badisch-Els\u00e4ssischen B\u00fcrgerinitiativen am Mittwoch, den 29. Oktober, 20 Uhr zu einem praxisorientierten \u00f6ffentlichen Vortrag \u00fcber die &#8222;Eigenstromversorgung vom\u00a0Hausdach&#8220; ein.<br \/>\n25.8.2014, <a href=\"https:\/\/www.badisch-elsaessische.net\">www.badisch-elsaessische.net<\/a><\/p>\n","protected":false},"excerpt":{"rendered":"<p>Am 25. August 1974 bildeten die Badisch-Els\u00e4ssischen B\u00fcrgerinitiativen\/Association Antinucleaire de Bade et d`Alsace in Weisweil\/Rhein ihr internationales Komitee und erkl\u00e4rten als 21 Initiativen (11 badisch,\u00a010 franz\u00f6sisch)\u00a0zweisprachig auf deutsch und franz\u00f6sisch sowie symmetrisch gegen das geplante Atomkraftwerk in Wyhl und das &hellip; <a href=\"https:\/\/www.freiburg-schwarzwald.de\/blog\/atomkraftwerk-wyhl-40-jahre\/\">Weiterlesen <span class=\"meta-nav\">&rarr;<\/span><\/a><\/p>\n","protected":false},"author":2,"featured_media":0,"comment_status":"open","ping_status":"closed","sticky":false,"template":"","format":"standard","meta":{"footnotes":""},"categories":[164,355,178],"tags":[163,150,325,151],"class_list":["post-50321","post","type-post","status-publish","format-standard","hentry","category-akw","category-buergerinitiativen","category-kaiserstuhl","tag-atomkraft","tag-buergerbegehren","tag-demo","tag-erneuerbare-energien"],"_links":{"self":[{"href":"https:\/\/www.freiburg-schwarzwald.de\/blog\/wp-json\/wp\/v2\/posts\/50321","targetHints":{"allow":["GET"]}}],"collection":[{"href":"https:\/\/www.freiburg-schwarzwald.de\/blog\/wp-json\/wp\/v2\/posts"}],"about":[{"href":"https:\/\/www.freiburg-schwarzwald.de\/blog\/wp-json\/wp\/v2\/types\/post"}],"author":[{"embeddable":true,"href":"https:\/\/www.freiburg-schwarzwald.de\/blog\/wp-json\/wp\/v2\/users\/2"}],"replies":[{"embeddable":true,"href":"https:\/\/www.freiburg-schwarzwald.de\/blog\/wp-json\/wp\/v2\/comments?post=50321"}],"version-history":[{"count":0,"href":"https:\/\/www.freiburg-schwarzwald.de\/blog\/wp-json\/wp\/v2\/posts\/50321\/revisions"}],"wp:attachment":[{"href":"https:\/\/www.freiburg-schwarzwald.de\/blog\/wp-json\/wp\/v2\/media?parent=50321"}],"wp:term":[{"taxonomy":"category","embeddable":true,"href":"https:\/\/www.freiburg-schwarzwald.de\/blog\/wp-json\/wp\/v2\/categories?post=50321"},{"taxonomy":"post_tag","embeddable":true,"href":"https:\/\/www.freiburg-schwarzwald.de\/blog\/wp-json\/wp\/v2\/tags?post=50321"}],"curies":[{"name":"wp","href":"https:\/\/api.w.org\/{rel}","templated":true}]}}