{"id":50310,"date":"2014-08-21T17:13:12","date_gmt":"2014-08-21T15:13:12","guid":{"rendered":"https:\/\/www.freiburg-schwarzwald.de\/blog\/?p=50310"},"modified":"2014-09-01T11:30:42","modified_gmt":"2014-09-01T09:30:42","slug":"keine-waffen-in-krisengebiete","status":"publish","type":"post","link":"https:\/\/www.freiburg-schwarzwald.de\/blog\/keine-waffen-in-krisengebiete\/","title":{"rendered":"Keine Waffen in Krisengebiete"},"content":{"rendered":"<p>\u201cKeine <a title=\"Waffen\" href=\"https:\/\/www.freiburg-schwarzwald.de\/blog\/global\/waffen\/\">Waffen<\/a> in Krisengebiete\u201d \u2013 diese Maxime hat die Bundesregierung am 20.8.2014 aufgegeben und die Lieferung moderner Waffen (Kampfhubschrauber, Panzerabwehrraketen, \u2026) an die kurdischen Peschmerga gebilligt, damit diese die IS-Terrortruppe in <a title=\"Syrien\" href=\"https:\/\/www.freiburg-schwarzwald.de\/blog\/global\/syrien\/\">Syrien<\/a> und <a title=\"Irak\" href=\"https:\/\/www.freiburg-schwarzwald.de\/blog\/global\/irak\/\">Nordirak<\/a> bek\u00e4mpft. Am 20.8. war der drohende <a title=\"Krieg\" href=\"https:\/\/www.freiburg-schwarzwald.de\/blog\/engagement\/zukunft\/krieg\/\">Genozid<\/a> der IS an den Jesiden (siehe unten) jedoch bereits abgewendet.\u00a0\u201cDas war keine Haltung, mit der man internationaler Verantwortung gerecht wurde. Es war eher ein Wegducken&#8220; &#8211; so der Aussenminister zur Aufgabe der langj\u00e4hrigen <a title=\"Frieden\" href=\"https:\/\/www.freiburg-schwarzwald.de\/blog\/engagement\/zukunft\/frieden\/\">Friedens<\/a>-Maxime.<!--more-->Drei zentrale Fragen:<br \/>\n1) Sind nun Waffenlieferungen in andere Kriegsgebiete m\u00f6glich, wie z.B. Darfur, Tibet, Mali, Westbanks, Nigeria, Angola, Liberia, S\u00fcdsudan, Afghanistan, Ukraine, Mexiko, Tibet, Indien\/Pakistan, Timor, Westsahara (Liste sehr unvollst\u00e4ndig).<br \/>\n2) Mit der Lieferung gibt man die Kontrolle \u00fcber den Einsatz der Waffen aus der Hand. Was ist, wenn\u00a0die Kurden die Waffen in Zukunft nicht mehr zur Rettung der Jesiden einsetzen, sondern\u00a0zur Errichtung eines eigenen Staates Kudistan?<br \/>\n3) Wenn Deutschland nun seiner wie auch immer definierten \u201cVerantwortung\u201d nachkommt und modernste Waffen in Kriegsgebiete liefert, wird diese Welt dadurch\u00a0besser? Wie besser? Oder doch nicht?<br \/>\n21.8.2014<\/p>\n<p>&nbsp;<\/p>\n<p><strong>Jesiden in Deutschland &#8211; keine Frauenrechte, kaum Integration<\/strong><br \/>\nWeltweit gibt es ca eine Million Jesiden (Yeziden). 350000 leben im Sindchar-Gebirge im Grenzgebiet Nordirak-Syrien-T\u00fcrkei und 80000 in Deutschland, davon 10000 im Stadtkreis Celle. Jesiden vererben ihre Religion, erkennen die Frauenrechte als Teil der allg. Menschenrechte nicht an, heiraten nur innerhalb einer der drei Kasten Murid (unterste und gr\u00f6\u00dfte Kaste), Pir bzw. Sheikh. Jesidische Gemeinden leben zur\u00fcckgezogen und isoliert, daher auch das Attribut &#8222;Geheimreligion&#8220;. Dennoch: 2011 wurde die 18j\u00e4hrige Arzu \u00d6. in Detmold von ihrem Bruder erschossen, da sie einen B\u00e4cker\u00a0 liebte, der kein Jeside war. Ende 2011 wurde die 13j\u00e4hrige Souzan B. in Stolzenau von ihrem Vater auf offener Strasse ermordet. Fast jede zehnte jesidische Frau wurde Opfer einer Zwangsheirat &#8211; so eine Studie von 2011 des NRW-Familienministeriums. Wohlhabende Jesiden neigen zur Vielehe, da diese in Deutschland verboten ist, wird sie\u00a0 &#8222;Parallelpartnerschaft&#8220; praktiziert. Mit der Integration in die deutsche Gesellschaft ist es schlecht bestellt &#8211; Jesiden ziehen ihre eigene Parallelwelt vor.<br \/>\nMehr Infos: Wieder ohne Heimat, FAZ Sonntagszeitung, 24.8.2014, Seite 40<br \/>\n.<br \/>\n<strong>Deutscha Waffen f\u00fcr Kurden &#8211; katastrophaler Pr\u00e4zedenzfall<\/strong><br \/>\nDas schlimmste Signal w\u00e4re das, dass der Bundestag den rechtswidrigen Waffenexporten an die Kombattanten der Peschmerga zustimmt und damit sowohl das V\u00f6lkerrecht als auch das Grundgesetz bricht, in dem sich Deutschland verpflichtet, f\u00fcr das friedliche Zusammenleben der V\u00f6lker einzutreten. Sollte die Bundesregierung, unterst\u00fctzt von einem Votum des Deutschen Bundestags der Kriegswaffenlieferung an die K\u00e4mpfer der Peschmerga zustimmen, wird Deutschland zur Kriegspartei. In diesem Sinne begeht die Bundesregierung Rechtsbruch \u2013 was f\u00fcr ein katastrophaler und folgenschwerer Pr\u00e4zedenzfall. &#8230;<br \/>\nIm Irak herrscht kein Mangel an Waffen, sondern bereits jetzt die \u2013 neben Afghanistan, Sudan und Somalia \u2013 h\u00f6chste Waffendichte der Welt. &#8230;<br \/>\nGescheitert sind milit\u00e4rische Formen der Intervention. Zu sehen ist das an den Konflikten, denen Millionen von Menschen vielfach wehrlos ausgesetzt sind. Im Moment toben mehr als 30 Kriege weltweit. Die milit\u00e4risch l\u00f6sen zu wollen, ist unm\u00f6glich. Schon deshalb, weil Milit\u00e4r bestenfalls einen zeitlich begrenzten Stopp der Gewaltaustragung bewirken kann. Das zeigt die Erfahrung in Somalia, Libyen und dem Irak. &#8230;.<br \/>\nKomplettes Interview mit J\u00fcrgen Gr\u00e4sslin vom 1.9.2014 bitte lesen auf<br \/>\n<a href=\"https:\/\/www.badische-zeitung.de\/freiburg\/fuer-das-friedliche-zusammenleben-der-voelker--89343259.html\">https:\/\/www.badische-zeitung.de\/freiburg\/fuer-das-friedliche-zusammenleben-der-voelker&#8211;89343259.html<\/a><\/p>\n","protected":false},"excerpt":{"rendered":"<p>\u201cKeine Waffen in Krisengebiete\u201d \u2013 diese Maxime hat die Bundesregierung am 20.8.2014 aufgegeben und die Lieferung moderner Waffen (Kampfhubschrauber, Panzerabwehrraketen, \u2026) an die kurdischen Peschmerga gebilligt, damit diese die IS-Terrortruppe in Syrien und Nordirak bek\u00e4mpft. Am 20.8. war der drohende &hellip; <a href=\"https:\/\/www.freiburg-schwarzwald.de\/blog\/keine-waffen-in-krisengebiete\/\">Weiterlesen <span class=\"meta-nav\">&rarr;<\/span><\/a><\/p>\n","protected":false},"author":2,"featured_media":0,"comment_status":"open","ping_status":"closed","sticky":false,"template":"","format":"standard","meta":{"footnotes":""},"categories":[14],"tags":[520,525,86],"class_list":["post-50310","post","type-post","status-publish","format-standard","hentry","category-global","tag-frieden","tag-politik","tag-waffen"],"_links":{"self":[{"href":"https:\/\/www.freiburg-schwarzwald.de\/blog\/wp-json\/wp\/v2\/posts\/50310","targetHints":{"allow":["GET"]}}],"collection":[{"href":"https:\/\/www.freiburg-schwarzwald.de\/blog\/wp-json\/wp\/v2\/posts"}],"about":[{"href":"https:\/\/www.freiburg-schwarzwald.de\/blog\/wp-json\/wp\/v2\/types\/post"}],"author":[{"embeddable":true,"href":"https:\/\/www.freiburg-schwarzwald.de\/blog\/wp-json\/wp\/v2\/users\/2"}],"replies":[{"embeddable":true,"href":"https:\/\/www.freiburg-schwarzwald.de\/blog\/wp-json\/wp\/v2\/comments?post=50310"}],"version-history":[{"count":0,"href":"https:\/\/www.freiburg-schwarzwald.de\/blog\/wp-json\/wp\/v2\/posts\/50310\/revisions"}],"wp:attachment":[{"href":"https:\/\/www.freiburg-schwarzwald.de\/blog\/wp-json\/wp\/v2\/media?parent=50310"}],"wp:term":[{"taxonomy":"category","embeddable":true,"href":"https:\/\/www.freiburg-schwarzwald.de\/blog\/wp-json\/wp\/v2\/categories?post=50310"},{"taxonomy":"post_tag","embeddable":true,"href":"https:\/\/www.freiburg-schwarzwald.de\/blog\/wp-json\/wp\/v2\/tags?post=50310"}],"curies":[{"name":"wp","href":"https:\/\/api.w.org\/{rel}","templated":true}]}}