{"id":50280,"date":"2014-08-24T15:58:01","date_gmt":"2014-08-24T13:58:01","guid":{"rendered":"https:\/\/www.freiburg-schwarzwald.de\/blog\/?p=50280"},"modified":"2014-08-24T16:00:17","modified_gmt":"2014-08-24T14:00:17","slug":"islamische-parallelwelten-in-gbr","status":"publish","type":"post","link":"https:\/\/www.freiburg-schwarzwald.de\/blog\/islamische-parallelwelten-in-gbr\/","title":{"rendered":"Islamische Parallelwelten in GBR"},"content":{"rendered":"<p>Gro\u00dfbritannien hat sich von einer harmonischen <a title=\"Religion\" href=\"https:\/\/www.freiburg-schwarzwald.de\/blog\/religion\/\">multireligi\u00f6sen<\/a> <a title=\"Migration\" href=\"https:\/\/www.freiburg-schwarzwald.de\/blog\/global\/migration\/\">Einwanderungsgesellschaft<\/a> gewandelt zu einem Land, dessen Suburbs mehr und mehr aus homogenen islamischen <a title=\"Parallelgesellschaft\" href=\"https:\/\/www.freiburg-schwarzwald.de\/blog\/global\/integration\/parallelgesellschaft\/\">Parallelgesellschaften<\/a> bestehen. Das K\u00f6nigreich zieht Einwanderer aus L\u00e4ndern an, in denen sich <a title=\"Islam\" href=\"https:\/\/www.freiburg-schwarzwald.de\/blog\/religion\/islam\/\">islamischer Fundamentalismus<\/a> und Hass auf die Industriestaaten besonders breitgemacht haben.<!--more--><br \/>\n(1) Im August 2014 dienen mehr britische Muslime in der Terrororganisation &#8222;Islamischer Staat&#8220; IS als in der British Army. Dem US-Journalisten James Foley wurde im Nordirakkrieg von einem aus London stammenden Islamisten mit dem Messer der Hals durchgeschnitten.<\/p>\n<p>(2) Die Briten tun nichts gegen den religi\u00f6s-politischen Islamismus, seit Jahren entstehen in den Vorst\u00e4dten und Randbezirken homogene muslimische Parallelwelten.<\/p>\n<p>(3) In Birmingham stehen sechs Schulen vor der Schlie\u00dfung, weil sie islamistisch unterwandert sind. In London sind h\u00e4ufig bis zu 95% muslimische Sch\u00fcler angemeldet.<\/p>\n<p>(4) GBR ist zu einem R\u00fcckzugsgebiet f\u00fcr islamische Hassprediger geworden, die in anderen L\u00e4ndern nicht mehr auftraten d\u00fcrfen: &#8222;W\u00fcrden die Hassprediger nach dem ersten Aufruf zum Heiligen Krieg aus dem Land geworfen werden, k\u00f6nnten sich die Geheimdienste die sp\u00e4tere Beschattung indoktrinierter Sch\u00fcler ersparen. Stattdessen werden gef\u00e4hrliche Islam-Aktivisten wie Anjem Chaudary sogar ins Fernsehstudio eingeladen&#8220; (Terror &#8211; Made in Britain, 24.8.2014, S. 8, Frankfurter Allgemeine Sonntagszeitung <a href=\"www.faz.net\"><span style=\"font-size: small;\">www.faz.net<\/span><\/a><span style=\"font-size: small;\">).<\/span><\/p>\n<p>(5) Einerseits zeigen sich die Muslime im K\u00f6nigreich unf\u00e4hig, Fehlentwicklungen in ihren Gemeinden anzuerkennen, geschweige denn gegen sie vorzugehen. Andererseits tut der Staat nichts gegen die Parallelwelten in Wohnquartieren, Clubs und Schulen. Sogar die so besonnene &#8222;Financial Times&#8220; forderte am 20.8.2014 &#8222;ehrlich anzuerkennen, dass Britannien ein Extremismusproblem hat.&#8220; Als Bildungsminister Michael Grove von &#8222;Austrocknung des Sumpfes&#8220; sprach, wurde nach Protesten der britischen Muslime prompt aus dem Amt entfernt.<br \/>\n24.8.2014<\/p>\n","protected":false},"excerpt":{"rendered":"<p>Gro\u00dfbritannien hat sich von einer harmonischen multireligi\u00f6sen Einwanderungsgesellschaft gewandelt zu einem Land, dessen Suburbs mehr und mehr aus homogenen islamischen Parallelgesellschaften bestehen. Das K\u00f6nigreich zieht Einwanderer aus L\u00e4ndern an, in denen sich islamischer Fundamentalismus und Hass auf die Industriestaaten besonders &hellip; <a href=\"https:\/\/www.freiburg-schwarzwald.de\/blog\/islamische-parallelwelten-in-gbr\/\">Weiterlesen <span class=\"meta-nav\">&rarr;<\/span><\/a><\/p>\n","protected":false},"author":2,"featured_media":0,"comment_status":"open","ping_status":"closed","sticky":false,"template":"","format":"standard","meta":{"footnotes":""},"categories":[14,95],"tags":[732,421,622,525,585],"class_list":["post-50280","post","type-post","status-publish","format-standard","hentry","category-global","category-schulen","tag-gewalt","tag-islam","tag-migration","tag-politik","tag-schule"],"_links":{"self":[{"href":"https:\/\/www.freiburg-schwarzwald.de\/blog\/wp-json\/wp\/v2\/posts\/50280","targetHints":{"allow":["GET"]}}],"collection":[{"href":"https:\/\/www.freiburg-schwarzwald.de\/blog\/wp-json\/wp\/v2\/posts"}],"about":[{"href":"https:\/\/www.freiburg-schwarzwald.de\/blog\/wp-json\/wp\/v2\/types\/post"}],"author":[{"embeddable":true,"href":"https:\/\/www.freiburg-schwarzwald.de\/blog\/wp-json\/wp\/v2\/users\/2"}],"replies":[{"embeddable":true,"href":"https:\/\/www.freiburg-schwarzwald.de\/blog\/wp-json\/wp\/v2\/comments?post=50280"}],"version-history":[{"count":0,"href":"https:\/\/www.freiburg-schwarzwald.de\/blog\/wp-json\/wp\/v2\/posts\/50280\/revisions"}],"wp:attachment":[{"href":"https:\/\/www.freiburg-schwarzwald.de\/blog\/wp-json\/wp\/v2\/media?parent=50280"}],"wp:term":[{"taxonomy":"category","embeddable":true,"href":"https:\/\/www.freiburg-schwarzwald.de\/blog\/wp-json\/wp\/v2\/categories?post=50280"},{"taxonomy":"post_tag","embeddable":true,"href":"https:\/\/www.freiburg-schwarzwald.de\/blog\/wp-json\/wp\/v2\/tags?post=50280"}],"curies":[{"name":"wp","href":"https:\/\/api.w.org\/{rel}","templated":true}]}}