{"id":50206,"date":"2014-08-21T21:23:12","date_gmt":"2014-08-21T19:23:12","guid":{"rendered":"https:\/\/www.freiburg-schwarzwald.de\/blog\/?p=50206"},"modified":"2022-08-12T21:35:11","modified_gmt":"2022-08-12T19:35:11","slug":"orgel-koenigin-der-instrumente","status":"publish","type":"post","link":"https:\/\/www.freiburg-schwarzwald.de\/blog\/orgel-koenigin-der-instrumente\/","title":{"rendered":"Orgel Koenigin der Instrumente"},"content":{"rendered":"<p>Derzeit schweigt sie, die pr\u00e4chtige Klais-Orgel in der <a title=\"StBarbara\" href=\"https:\/\/www.freiburg-schwarzwald.de\/blog\/religion\/kirchen\/stbarbara\/\">St. Bar\u00adbara Kirche<\/a> in <a title=\"Littenweiler\" href=\"https:\/\/www.freiburg-schwarzwald.de\/blog\/regio\/freiburg\/littenweiler\/\">Littenweiler<\/a>. Am Erntedanksonntag, 30. Sept\u00adem\u00adber 2012, waren es genau 50 Jahre, dass sie feierlich ein\u00adge\u00adweiht wurde. Neben der Zeit ging auch die Kirchen- und Heiz\u00ad\u00ad\u00adungsrenovierung nicht spurlos, das hei\u00dft schmutzlos an der Orgel vor\u00fcber und nun wird sie gr\u00fcndlich gereinigt und renoviert.<!--more--><\/p>\n<p style=\"text-align: left;\" align=\"JUSTIFY\">Ekkehard Fehl, Orgelbauer aus Berlin-Teltow ist seit Anfang Mai bis voraussichtlich Ende September mit dieser Aufgabe be\u00ad\u00adtraut und fasziniert von dem bemerkenswerten Instrument. \u201eJede Orgel ist ein Individuum und hat ihre Besonderheiten aus der Zeit, in der sie erbaut wurde\u201c, so der weltweit t\u00e4tige Fach\u00admann \u201ediese Orgel ist von ausgezeichneter handwerklicher Qualit\u00e4t und klanglich sehr sch\u00f6n. Daher ist es mir auch wichtig, dass durch die Erneuerungsarbeiten das Klangbild nicht ver\u00e4ndert wird. Alles, was gut ist, bleibt erhalten, es wird nur ver\u00e4ndert, was repariert werden muss.\u201c<\/p>\n<p style=\"text-align: left;\" align=\"JUSTIFY\">Voller Berliner Esprit schw\u00e4rmt Ekkehard Fehl von dieser Auf\u00adgabe und seiner Arbeit. Und man sp\u00fcrt, dieser Mann ar\u00adbei\u00adtet mit Hingabe und Leidenschaft im richtigen Beruf. Seit fr\u00fchester Kindheit ist er von diesen Instrumenten fasziniert. Im Alter von vier Jahren wurde in seiner Heimatstadt Wupp\u00ader\u00adtal eine neue Orgel gebaut, jeden Tag beobachtete er die fortschreitenden Arbeiten und war so fasziniert, dass er sein Herz f\u00fcr den Orgelbau entdeckt hat und f\u00fcr ihn nur dieser Beruf in Frage kam. Heute ist er ein gefragter Fachmann und weltweit t\u00e4tig. Wien, Korea oder die USA waren seine letzten Stationen und momentan genie\u00dft er die Zeit im beschaulichen Littenweiler und die Arbeit an der Klais-Orgel. \u201eSie ist von herausragender Fertigungsqualit\u00e4t. Die ganze Technik, Me\u00adcha\u00adnik und die Magnete sind in sehr gutem Zustand. Hier macht sich bezahlt, dass man seinerzeit den Mut hatte, etwas mehr Geld zu investieren. Viele Orgeln aus dieser Zeit mussten schon wieder abgerissen und f\u00fcr ein vielfaches Geld erneuert werden.\u201c<br \/>\nDennoch sind vielf\u00e4ltige und umfangreiche Reinigungs- und Er\u00adneuerungsarbeiten n\u00f6tig. Das gesamte Pfeifenwerk wird ab\u00adgebaut und gereinigt, die komplette Verkabelung wird aus Sicherheitsgr\u00fcnden erneuert und die Drahtlitze in der Spiel\u00admechanik werden durch Holzleisten ersetzt. Die Klaviatur wurde in Fehls Werkstatt in Berlin \u00fcberarbeitet, neue Ober\u00adtas\u00adten\u00adbel\u00e4ge geschliffen und poliert und vieles mehr. Au\u00dferdem wird auch in die Zukunft investiert. Die Orgel wird am Ende \u00fcber eine Setzeranlage verf\u00fcgen. Mit einem Chip kann dann jeder Organist \u00fcber 8.000 seiner eigenen Kombinationen speichern, was f\u00fcr den Hochschulbetrieb interessant sein d\u00fcrfte. \u201e Wenn diese Ar\u00adbeiten beendet sind, sollte man diese Orgel f\u00fcr die Hoch\u00adschule frei geben, damit dieses sch\u00f6ne Instrument richtig ge\u00adnutzt wird\u201c, so Ekkehard Fehl.<\/p>\n<p align=\"JUSTIFY\"><a href=\"https:\/\/www.freiburg-schwarzwald.de\/blog\/orgel-koenigin-der-instrumente\/fehl-orgelbauer1408\/\" rel=\"attachment wp-att-50208\"><img loading=\"lazy\" decoding=\"async\" class=\"alignnone size-thumbnail wp-image-50208\" src=\"https:\/\/www.freiburg-schwarzwald.de\/blog\/wp-content\/uploads\/2014\/08\/fehl-orgelbauer1408-180x132.jpg\" alt=\"fehl-orgelbauer1408\" width=\"180\" height=\"132\" srcset=\"https:\/\/www.freiburg-schwarzwald.de\/blog\/wp-content\/uploads\/2014\/08\/fehl-orgelbauer1408-180x132.jpg 180w, https:\/\/www.freiburg-schwarzwald.de\/blog\/wp-content\/uploads\/2014\/08\/fehl-orgelbauer1408.jpg 640w\" sizes=\"auto, (max-width: 180px) 100vw, 180px\" \/><\/a>\u00a0\u00a0\u00a0\u00a0\u00a0\u00a0 \u00a0\u00a0\u00a0 <a href=\"https:\/\/www.freiburg-schwarzwald.de\/blog\/orgel-koenigin-der-instrumente\/geiger-orgel1408\/\" rel=\"attachment wp-att-50209\"><img loading=\"lazy\" decoding=\"async\" class=\"alignnone size-thumbnail wp-image-50209\" src=\"https:\/\/www.freiburg-schwarzwald.de\/blog\/wp-content\/uploads\/2014\/08\/geiger-orgel1408-180x141.jpg\" alt=\"geiger-orgel1408\" width=\"180\" height=\"141\" srcset=\"https:\/\/www.freiburg-schwarzwald.de\/blog\/wp-content\/uploads\/2014\/08\/geiger-orgel1408-180x141.jpg 180w, https:\/\/www.freiburg-schwarzwald.de\/blog\/wp-content\/uploads\/2014\/08\/geiger-orgel1408.jpg 640w\" sizes=\"auto, (max-width: 180px) 100vw, 180px\" \/><\/a><br \/>\nOrgelbauer Ekkehard Fehl\u00a0\u00a0\u00a0\u00a0\u00a0\u00a0\u00a0\u00a0\u00a0\u00a0\u00a0\u00a0\u00a0\u00a0\u00a0\u00a0\u00a0\u00a0\u00a0\u00a0\u00a0\u00a0Organist Ekkehard Geiger<\/p>\n<p style=\"text-align: left;\" align=\"JUSTIFY\">F\u00fcr Ekkehard Geiger, seit \u00fcber 40 Jahren Organist und Leiter des Kirchenchors St. Barbara, ist die Renovierung der Orgel eine spannende Zeit. \u201eMan erh\u00e4lt interessante Einblicke in das Innere der Orgel und viele Erkl\u00e4rungen seitens des Orgel\u00adbau\u00aders.\u201c W\u00e4hrend der Bauphase spielt Ekkehard Geiger auf einer Truhenorgel, die Ekkehard Fehl der Gemeinde zur Verf\u00fcgung gestellt hat. \u201eAuch dies ist eine neue Erfahrung f\u00fcr mich\u201c, so Ekkehard Geiger \u201ees ist auch f\u00fcr den Chor interessant, nicht von oben auf der Empore zu musizieren sondern der Ge\u00admein\u00adde zuzusingen, im Angesicht der Gottesdienstbesucher.\u201c Und er ist sehr ge\u00adspannt und neugierig, wie die Orgel nach der General\u00fcberholung klingen wird, ob er einen Unterschied in der Intonation er\u00adkennen wird und ob auch die Gottesdienstbesucher eine Ver\u00ad\u00e4nderung h\u00f6ren k\u00f6nnen.<\/p>\n<p style=\"text-align: left;\" align=\"JUSTIFY\">Ekkehard Geiger freut sich auch darauf, dass auch andere Organisten k\u00fcnftig Konzerte auf der Klais-Orgel spielen wer\u00adden. Gerne auch Benefizkonzerte f\u00fcr die Orgelsanierung, denn die Kosten der Generalreinigung und Teilrenovierung liegen bei ungef\u00e4hr 120.000.- Euro. Nach Abzug der Zu\u00adsch\u00fcsse muss ein Restbetrag von 40.000.- Euro als Darlehen auf\u00ad\u00adgenommen werden. Spenden werden daher gerne und dank\u00ad\u00adbar entgegen genommen. Ebenso freuen sich die Organi\u00adsa\u00adtoren und Ausf\u00fchrenden von geplanten Benefizveranstaltungen \u00fcber regen Besuch.<\/p>\n<p style=\"text-align: left;\" align=\"JUSTIFY\"><em>Spendenkonto der Pfarrgemeinde St. Barbara, Stichwort \u201eOrgel\u00adrenovierung\u201c: <\/em><br \/>\n<em>IBAN DE 5468050101 0002054212, BIC FRSPDE66XXX.<\/em><\/p>\n<p align=\"LEFT\"><strong>Die Klais-Orgel in St. Barbara<\/strong><br \/>\nSie stammt aus der bekannten Werkstatt Johannes Klais in Bonn, wurde 1962 gebaut und am Erntesonntag feierlich ein\u00adge\u00adweiht. Sie war die erste in Freiburg, ihr folgten kurz darauf die Orgeln in St. Konrad und St. Peter im Schwarzwald. Die Orgel hat 2860 Pfeifen in Holz, Kupfer und Zinn. Ihre 38 klingenden Register sind verteilt auf drei Manuale (R\u00fcckpositiv, Hauptwerk und Schwellwerk) und Pedal. Au\u00dferdem be\u00adsitzt sie Schleifladen, mechanische Spiel- und elektrische Re\u00adgis\u00adter\u00adtraktur, dazu zwei freie Kompositionen und eine freie Pedalkomposition.<\/p>\n<p style=\"text-align: left;\" align=\"JUSTIFY\">Schon das \u00e4u\u00dfere Bild l\u00e4sst gewisse Gestaltungsprinzipien er\u00adkennen. Im Vordergrund, in der Mitte der Empore-Br\u00fcstung, ist das R\u00fcckpositiv aufgestellt. Die beiden Seitenfl\u00fcgel lassen die m\u00e4chtigen Pfeifen des Pedalwerks sichtbar werden. In der Mitte erkennt man die charakteristischen Jalousien des Schwellwerks und dar\u00fcber die Zinnpfeifen des Principal 8\u2018 des Hauptwerks. Das Geh\u00e4use, das die einzelnen Werke von\u00adeinander trennt, soll nicht allein den optischen Eindruck vari\u00adieren, sondern dient vor allen Dingen der akustischen Aufgabe der Klangmischung und Klangabstrahlung. Dass der Durch\u00adblick durch die prachtvolle Rosette der St. Barbara Kirche vom Orgelprospekt ver\u00adstellt ist, musste als Kompromiss hin\u00adge\u00adnommen werden.<\/p>\n<p style=\"text-align: left;\" align=\"JUSTIFY\">Dieses Instrument steht einerseits auf dem Boden des klassi\u00adsch\u00aden Orgelbaus, erf\u00fcllt aber andererseits auch Forderungen, die in klanglicher und interpretatorischer Hinsicht an ein Orgel\u00adwerk dieser Gr\u00f6\u00dfe gestellt werden. Der Klang dieser Klaiser-Orgel wird stets besonders gelobt.<\/p>\n<p align=\"JUSTIFY\">Der 50. Jahrestag der Orgeleinweihung wurde nicht gefeiert. Dies wird jedoch nachgeholt, wenn die Orgel gereinigt und technisch verbessert \u2013 in erneuertem \u201eleuchtenden, frischen und abgerundeten Gesamtklang\u201c erstrahlen wird.<\/p>\n<p align=\"JUSTIFY\">21.8.2014, Gisela Heizler-Ries<\/p>\n","protected":false},"excerpt":{"rendered":"<p>Derzeit schweigt sie, die pr\u00e4chtige Klais-Orgel in der St. Bar\u00adbara Kirche in Littenweiler. Am Erntedanksonntag, 30. Sept\u00adem\u00adber 2012, waren es genau 50 Jahre, dass sie feierlich ein\u00adge\u00adweiht wurde. Neben der Zeit ging auch die Kirchen- und Heiz\u00ad\u00ad\u00adungsrenovierung nicht spurlos, das &hellip; <a href=\"https:\/\/www.freiburg-schwarzwald.de\/blog\/orgel-koenigin-der-instrumente\/\">Weiterlesen <span class=\"meta-nav\">&rarr;<\/span><\/a><\/p>\n","protected":false},"author":2,"featured_media":0,"comment_status":"open","ping_status":"closed","sticky":false,"template":"","format":"standard","meta":{"footnotes":""},"categories":[89,120],"tags":[503,87,518],"class_list":["post-50206","post","type-post","status-publish","format-standard","hentry","category-kirchen","category-musik","tag-church","tag-lokal-handeln","tag-music"],"_links":{"self":[{"href":"https:\/\/www.freiburg-schwarzwald.de\/blog\/wp-json\/wp\/v2\/posts\/50206","targetHints":{"allow":["GET"]}}],"collection":[{"href":"https:\/\/www.freiburg-schwarzwald.de\/blog\/wp-json\/wp\/v2\/posts"}],"about":[{"href":"https:\/\/www.freiburg-schwarzwald.de\/blog\/wp-json\/wp\/v2\/types\/post"}],"author":[{"embeddable":true,"href":"https:\/\/www.freiburg-schwarzwald.de\/blog\/wp-json\/wp\/v2\/users\/2"}],"replies":[{"embeddable":true,"href":"https:\/\/www.freiburg-schwarzwald.de\/blog\/wp-json\/wp\/v2\/comments?post=50206"}],"version-history":[{"count":1,"href":"https:\/\/www.freiburg-schwarzwald.de\/blog\/wp-json\/wp\/v2\/posts\/50206\/revisions"}],"predecessor-version":[{"id":103318,"href":"https:\/\/www.freiburg-schwarzwald.de\/blog\/wp-json\/wp\/v2\/posts\/50206\/revisions\/103318"}],"wp:attachment":[{"href":"https:\/\/www.freiburg-schwarzwald.de\/blog\/wp-json\/wp\/v2\/media?parent=50206"}],"wp:term":[{"taxonomy":"category","embeddable":true,"href":"https:\/\/www.freiburg-schwarzwald.de\/blog\/wp-json\/wp\/v2\/categories?post=50206"},{"taxonomy":"post_tag","embeddable":true,"href":"https:\/\/www.freiburg-schwarzwald.de\/blog\/wp-json\/wp\/v2\/tags?post=50206"}],"curies":[{"name":"wp","href":"https:\/\/api.w.org\/{rel}","templated":true}]}}