{"id":50048,"date":"2014-08-13T18:37:04","date_gmt":"2014-08-13T16:37:04","guid":{"rendered":"https:\/\/www.freiburg-schwarzwald.de\/blog\/?p=50048"},"modified":"2015-05-29T21:24:02","modified_gmt":"2015-05-29T19:24:02","slug":"reichenau-gemuese-kultur-velo","status":"publish","type":"post","link":"https:\/\/www.freiburg-schwarzwald.de\/blog\/reichenau-gemuese-kultur-velo\/","title":{"rendered":"Reichenau Gemuese Kultur Velo"},"content":{"rendered":"<p>Die <a title=\"Reichenau\" href=\"https:\/\/www.freiburg-schwarzwald.de\/blog\/regio\/bodensee\/reichenau\/\">Reichenau<\/a> als gr\u00f6\u00dfte Insel im <a title=\"Bodensee\" href=\"https:\/\/www.freiburg-schwarzwald.de\/blog\/regio\/bodensee\/\">Bodensee<\/a> (4,5 km lang und 1,5 km breit) bietet viel: Eine Klosteranlage mit drei <a title=\"Kirchen\" href=\"https:\/\/www.freiburg-schwarzwald.de\/blog\/religion\/kirchen\/\">Kirchen<\/a> im romanischen und gotischen Stil, seit 2000 dem Weltkulturerbe zugeh\u00f6rig. Drei Inselfeiertage. <a title=\"Gemuesebau\" href=\"https:\/\/www.freiburg-schwarzwald.de\/blog\/natur\/landwirt\/gemuesebau\/\">Gem\u00fcse<\/a>\u00a0unter Glas wie im Freilandanbau. Unterk\u00fcnfte und Gastronomie mitsamt Campingplatz. Und einen 7,2 km langen Uferweg, gem\u00fctlich <a title=\"Wandern\" href=\"https:\/\/www.freiburg-schwarzwald.de\/blog\/sport\/wandern\/\">zu Fu\u00df<\/a> und mit dem <a title=\"Radwanderwege\" href=\"https:\/\/www.freiburg-schwarzwald.de\/blog\/sport\/sportlern\/biken\/radwanderwege\/\">Velo<\/a>, abwechslungsreich und\u00a0sogar in der Hochsaison nicht \u00fcberf\u00fcllt. <!--more--><\/p>\n<p>&nbsp;<\/p>\n<p><a href=\"https:\/\/www.freiburg-schwarzwald.de\/blog\/reichenau-gemuese-kultur-velo\/reichenau1hochwart140811\/\" rel=\"attachment wp-att-50051\"><img loading=\"lazy\" decoding=\"async\" class=\"alignnone size-thumbnail wp-image-50051\" src=\"https:\/\/www.freiburg-schwarzwald.de\/blog\/wp-content\/uploads\/2014\/08\/reichenau1hochwart140811-180x135.jpg\" alt=\"reichenau1hochwart140811\" width=\"180\" height=\"135\" srcset=\"https:\/\/www.freiburg-schwarzwald.de\/blog\/wp-content\/uploads\/2014\/08\/reichenau1hochwart140811-180x135.jpg 180w, https:\/\/www.freiburg-schwarzwald.de\/blog\/wp-content\/uploads\/2014\/08\/reichenau1hochwart140811.jpg 640w\" sizes=\"auto, (max-width: 180px) 100vw, 180px\" \/><\/a>\u00a0\u00a0\u00a0\u00a0\u00a0\u00a0\u00a0\u00a0\u00a0 <a href=\"https:\/\/www.freiburg-schwarzwald.de\/blog\/reichenau-gemuese-kultur-velo\/reichenau2gnadensee140811\/\" rel=\"attachment wp-att-50052\"><img loading=\"lazy\" decoding=\"async\" class=\"alignnone size-thumbnail wp-image-50052\" src=\"https:\/\/www.freiburg-schwarzwald.de\/blog\/wp-content\/uploads\/2014\/08\/reichenau2gnadensee140811-180x135.jpg\" alt=\"reichenau2gnadensee140811\" width=\"180\" height=\"135\" srcset=\"https:\/\/www.freiburg-schwarzwald.de\/blog\/wp-content\/uploads\/2014\/08\/reichenau2gnadensee140811-180x135.jpg 180w, https:\/\/www.freiburg-schwarzwald.de\/blog\/wp-content\/uploads\/2014\/08\/reichenau2gnadensee140811.jpg 640w\" sizes=\"auto, (max-width: 180px) 100vw, 180px\" \/><\/a>\u00a0\u00a0\u00a0\u00a0\u00a0\u00a0\u00a0\u00a0\u00a0 <a href=\"https:\/\/www.freiburg-schwarzwald.de\/blog\/reichenau-gemuese-kultur-velo\/reichenau3gnadensee140811\/\" rel=\"attachment wp-att-50053\"><img loading=\"lazy\" decoding=\"async\" class=\"alignnone size-thumbnail wp-image-50053\" src=\"https:\/\/www.freiburg-schwarzwald.de\/blog\/wp-content\/uploads\/2014\/08\/reichenau3gnadensee140811-180x135.jpg\" alt=\"reichenau3gnadensee140811\" width=\"180\" height=\"135\" srcset=\"https:\/\/www.freiburg-schwarzwald.de\/blog\/wp-content\/uploads\/2014\/08\/reichenau3gnadensee140811-180x135.jpg 180w, https:\/\/www.freiburg-schwarzwald.de\/blog\/wp-content\/uploads\/2014\/08\/reichenau3gnadensee140811.jpg 640w\" sizes=\"auto, (max-width: 180px) 100vw, 180px\" \/><\/a><br \/>\n(1) Hochwarth abends am 11.8.2014\u00a0\u00a0\u00a0\u00a0 (2) Blumen am Ufer 12.8.2014\u00a0\u00a0\u00a0\u00a0\u00a0\u00a0\u00a0 \u00a0\u00a0\u00a0\u00a0\u00a0\u00a0\u00a0 (3) Gnadensee mit Radolfzell<\/p>\n<p><a href=\"https:\/\/www.freiburg-schwarzwald.de\/blog\/reichenau-gemuese-kultur-velo\/reichenau4muenster140812\/\" rel=\"attachment wp-att-50054\"><img loading=\"lazy\" decoding=\"async\" class=\"alignnone size-thumbnail wp-image-50054\" src=\"https:\/\/www.freiburg-schwarzwald.de\/blog\/wp-content\/uploads\/2014\/08\/reichenau4muenster140812-180x135.jpg\" alt=\"reichenau4muenster140812\" width=\"180\" height=\"135\" srcset=\"https:\/\/www.freiburg-schwarzwald.de\/blog\/wp-content\/uploads\/2014\/08\/reichenau4muenster140812-180x135.jpg 180w, https:\/\/www.freiburg-schwarzwald.de\/blog\/wp-content\/uploads\/2014\/08\/reichenau4muenster140812.jpg 640w\" sizes=\"auto, (max-width: 180px) 100vw, 180px\" \/><\/a>\u00a0\u00a0\u00a0\u00a0\u00a0\u00a0\u00a0\u00a0\u00a0 <a href=\"https:\/\/www.freiburg-schwarzwald.de\/blog\/reichenau-gemuese-kultur-velo\/reichenau5mittelzell-muenster140812\/\" rel=\"attachment wp-att-50055\"><img loading=\"lazy\" decoding=\"async\" class=\"alignnone size-thumbnail wp-image-50055\" src=\"https:\/\/www.freiburg-schwarzwald.de\/blog\/wp-content\/uploads\/2014\/08\/reichenau5mittelzell-muenster140812-135x180.jpg\" alt=\"reichenau5mittelzell-muenster140812\" width=\"135\" height=\"180\" srcset=\"https:\/\/www.freiburg-schwarzwald.de\/blog\/wp-content\/uploads\/2014\/08\/reichenau5mittelzell-muenster140812-135x180.jpg 135w, https:\/\/www.freiburg-schwarzwald.de\/blog\/wp-content\/uploads\/2014\/08\/reichenau5mittelzell-muenster140812.jpg 480w\" sizes=\"auto, (max-width: 135px) 100vw, 135px\" \/><\/a>\u00a0\u00a0\u00a0\u00a0\u00a0\u00a0\u00a0\u00a0\u00a0\u00a0\u00a0\u00a0\u00a0\u00a0\u00a0\u00a0\u00a0\u00a0\u00a0\u00a0\u00a0\u00a0\u00a0\u00a0\u00a0 <a href=\"https:\/\/www.freiburg-schwarzwald.de\/blog\/reichenau-gemuese-kultur-velo\/reichenau6mittelzell-muenster140812\/\" rel=\"attachment wp-att-50056\"><img loading=\"lazy\" decoding=\"async\" class=\"alignnone size-thumbnail wp-image-50056\" src=\"https:\/\/www.freiburg-schwarzwald.de\/blog\/wp-content\/uploads\/2014\/08\/reichenau6mittelzell-muenster140812-180x135.jpg\" alt=\"reichenau6mittelzell-muenster140812\" width=\"180\" height=\"135\" srcset=\"https:\/\/www.freiburg-schwarzwald.de\/blog\/wp-content\/uploads\/2014\/08\/reichenau6mittelzell-muenster140812-180x135.jpg 180w, https:\/\/www.freiburg-schwarzwald.de\/blog\/wp-content\/uploads\/2014\/08\/reichenau6mittelzell-muenster140812.jpg 640w\" sizes=\"auto, (max-width: 180px) 100vw, 180px\" \/><\/a><br \/>\n(4) Klosterkirche Mittelzell 12.8.2014\u00a0\u00a0\u00a0\u00a0\u00a0 (5) Klosterkirche mit Kr\u00e4utergarten\u00a0\u00a0\u00a0\u00a0\u00a0\u00a0\u00a0\u00a0\u00a0\u00a0\u00a0 (6) Weltkulturerbe Klosteranlage<\/p>\n<p><a href=\"https:\/\/www.freiburg-schwarzwald.de\/blog\/reichenau-gemuese-kultur-velo\/reichenau7kraeutergarten-fahrrad140812\/\" rel=\"attachment wp-att-50057\"><img loading=\"lazy\" decoding=\"async\" class=\"alignnone size-thumbnail wp-image-50057\" src=\"https:\/\/www.freiburg-schwarzwald.de\/blog\/wp-content\/uploads\/2014\/08\/reichenau7kraeutergarten-fahrrad140812-135x180.jpg\" alt=\"reichenau7kraeutergarten-fahrrad140812\" width=\"135\" height=\"180\" srcset=\"https:\/\/www.freiburg-schwarzwald.de\/blog\/wp-content\/uploads\/2014\/08\/reichenau7kraeutergarten-fahrrad140812-135x180.jpg 135w, https:\/\/www.freiburg-schwarzwald.de\/blog\/wp-content\/uploads\/2014\/08\/reichenau7kraeutergarten-fahrrad140812.jpg 480w\" sizes=\"auto, (max-width: 135px) 100vw, 135px\" \/><\/a>\u00a0\u00a0\u00a0\u00a0\u00a0\u00a0\u00a0\u00a0\u00a0\u00a0\u00a0\u00a0\u00a0\u00a0\u00a0\u00a0\u00a0\u00a0\u00a0\u00a0\u00a0\u00a0\u00a0\u00a0\u00a0<a href=\"https:\/\/www.freiburg-schwarzwald.de\/blog\/reichenau-gemuese-kultur-velo\/reichenau8muenster-kraeutergarten140812\/\" rel=\"attachment wp-att-50058\"><img loading=\"lazy\" decoding=\"async\" class=\"alignnone size-thumbnail wp-image-50058\" src=\"https:\/\/www.freiburg-schwarzwald.de\/blog\/wp-content\/uploads\/2014\/08\/reichenau8muenster-kraeutergarten140812-180x135.jpg\" alt=\"reichenau8muenster-kraeutergarten140812\" width=\"180\" height=\"135\" srcset=\"https:\/\/www.freiburg-schwarzwald.de\/blog\/wp-content\/uploads\/2014\/08\/reichenau8muenster-kraeutergarten140812-180x135.jpg 180w, https:\/\/www.freiburg-schwarzwald.de\/blog\/wp-content\/uploads\/2014\/08\/reichenau8muenster-kraeutergarten140812.jpg 640w\" sizes=\"auto, (max-width: 180px) 100vw, 180px\" \/><\/a>\u00a0\u00a0\u00a0\u00a0\u00a0\u00a0\u00a0\u00a0\u00a0 <a href=\"https:\/\/www.freiburg-schwarzwald.de\/blog\/reichenau-gemuese-kultur-velo\/reichenau10blumen140812\/\" rel=\"attachment wp-att-50059\"><img loading=\"lazy\" decoding=\"async\" class=\"alignnone size-thumbnail wp-image-50059\" src=\"https:\/\/www.freiburg-schwarzwald.de\/blog\/wp-content\/uploads\/2014\/08\/reichenau10blumen140812-180x135.jpg\" alt=\"reichenau10blumen140812\" width=\"180\" height=\"135\" srcset=\"https:\/\/www.freiburg-schwarzwald.de\/blog\/wp-content\/uploads\/2014\/08\/reichenau10blumen140812-180x135.jpg 180w, https:\/\/www.freiburg-schwarzwald.de\/blog\/wp-content\/uploads\/2014\/08\/reichenau10blumen140812.jpg 640w\" sizes=\"auto, (max-width: 180px) 100vw, 180px\" \/><\/a><br \/>\n(7) Mit Velo und M\u00f6hren unterwegs\u00a0\u00a0\u00a0\u00a0\u00a0\u00a0\u00a0\u00a0 (8) Sommerblumen und Weltkultur\u00a0\u00a0\u00a0\u00a0\u00a0\u00a0\u00a0\u00a0\u00a0 (9) Blick zum Gnadensee 12.8.2014<\/p>\n<p><a href=\"https:\/\/www.freiburg-schwarzwald.de\/blog\/reichenau-gemuese-kultur-velo\/reichenau11radolfzell140812\/\" rel=\"attachment wp-att-50060\"><img loading=\"lazy\" decoding=\"async\" class=\"alignnone size-thumbnail wp-image-50060\" src=\"https:\/\/www.freiburg-schwarzwald.de\/blog\/wp-content\/uploads\/2014\/08\/reichenau11radolfzell140812-180x142.jpg\" alt=\"reichenau11radolfzell140812\" width=\"180\" height=\"142\" srcset=\"https:\/\/www.freiburg-schwarzwald.de\/blog\/wp-content\/uploads\/2014\/08\/reichenau11radolfzell140812-180x142.jpg 180w, https:\/\/www.freiburg-schwarzwald.de\/blog\/wp-content\/uploads\/2014\/08\/reichenau11radolfzell140812.jpg 637w\" sizes=\"auto, (max-width: 180px) 100vw, 180px\" \/><\/a>\u00a0\u00a0\u00a0\u00a0\u00a0\u00a0\u00a0\u00a0\u00a0 <a href=\"https:\/\/www.freiburg-schwarzwald.de\/blog\/reichenau-gemuese-kultur-velo\/reichenau12-velo-schiff-chl140812\/\" rel=\"attachment wp-att-50061\"><img loading=\"lazy\" decoding=\"async\" class=\"alignnone size-thumbnail wp-image-50061\" src=\"https:\/\/www.freiburg-schwarzwald.de\/blog\/wp-content\/uploads\/2014\/08\/reichenau12-velo-schiff-chl140812-180x142.jpg\" alt=\"reichenau12-velo-schiff-chl140812\" width=\"180\" height=\"142\" srcset=\"https:\/\/www.freiburg-schwarzwald.de\/blog\/wp-content\/uploads\/2014\/08\/reichenau12-velo-schiff-chl140812-180x142.jpg 180w, https:\/\/www.freiburg-schwarzwald.de\/blog\/wp-content\/uploads\/2014\/08\/reichenau12-velo-schiff-chl140812.jpg 639w\" sizes=\"auto, (max-width: 180px) 100vw, 180px\" \/><\/a>\u00a0\u00a0\u00a0\u00a0\u00a0\u00a0\u00a0\u00a0\u00a0\u00a0 <a href=\"https:\/\/www.freiburg-schwarzwald.de\/blog\/reichenau-gemuese-kultur-velo\/reichenau13tomatenl140812\/\" rel=\"attachment wp-att-50062\"><img loading=\"lazy\" decoding=\"async\" class=\"alignnone size-thumbnail wp-image-50062\" src=\"https:\/\/www.freiburg-schwarzwald.de\/blog\/wp-content\/uploads\/2014\/08\/reichenau13tomatenl140812-180x135.jpg\" alt=\"reichenau13tomatenl140812\" width=\"180\" height=\"135\" srcset=\"https:\/\/www.freiburg-schwarzwald.de\/blog\/wp-content\/uploads\/2014\/08\/reichenau13tomatenl140812-180x135.jpg 180w, https:\/\/www.freiburg-schwarzwald.de\/blog\/wp-content\/uploads\/2014\/08\/reichenau13tomatenl140812.jpg 640w\" sizes=\"auto, (max-width: 180px) 100vw, 180px\" \/><\/a><br \/>\n(10) Radolfzell im Nordwesten\u00a0\u00a0\u00a0\u00a0\u00a0\u00a0\u00a0\u00a0\u00a0\u00a0\u00a0\u00a0\u00a0\u00a0\u00a0 (11) Velo-Schiff r\u00fcber in die Schweiz\u00a0\u00a0\u00a0\u00a0\u00a0\u00a0 (12) Tomaten im Freilandanbau<\/p>\n<p><a href=\"https:\/\/www.freiburg-schwarzwald.de\/blog\/reichenau-gemuese-kultur-velo\/reichenau14paprikal140812\/\" rel=\"attachment wp-att-50063\"><img loading=\"lazy\" decoding=\"async\" class=\"alignnone size-thumbnail wp-image-50063\" src=\"https:\/\/www.freiburg-schwarzwald.de\/blog\/wp-content\/uploads\/2014\/08\/reichenau14paprikal140812-180x144.jpg\" alt=\"reichenau14paprikal140812\" width=\"180\" height=\"144\" srcset=\"https:\/\/www.freiburg-schwarzwald.de\/blog\/wp-content\/uploads\/2014\/08\/reichenau14paprikal140812-180x144.jpg 180w, https:\/\/www.freiburg-schwarzwald.de\/blog\/wp-content\/uploads\/2014\/08\/reichenau14paprikal140812.jpg 637w\" sizes=\"auto, (max-width: 180px) 100vw, 180px\" \/><\/a>\u00a0\u00a0\u00a0\u00a0\u00a0\u00a0\u00a0\u00a0\u00a0\u00a0\u00a0\u00a0 <a href=\"https:\/\/www.freiburg-schwarzwald.de\/blog\/reichenau-gemuese-kultur-velo\/reichenau153tomatenl140812\/\" rel=\"attachment wp-att-50064\"><img loading=\"lazy\" decoding=\"async\" class=\"alignnone size-thumbnail wp-image-50064\" src=\"https:\/\/www.freiburg-schwarzwald.de\/blog\/wp-content\/uploads\/2014\/08\/reichenau153tomatenl140812-180x135.jpg\" alt=\"reichenau153tomatenl140812\" width=\"180\" height=\"135\" srcset=\"https:\/\/www.freiburg-schwarzwald.de\/blog\/wp-content\/uploads\/2014\/08\/reichenau153tomatenl140812-180x135.jpg 180w, https:\/\/www.freiburg-schwarzwald.de\/blog\/wp-content\/uploads\/2014\/08\/reichenau153tomatenl140812.jpg 640w\" sizes=\"auto, (max-width: 180px) 100vw, 180px\" \/><\/a>\u00a0\u00a0\u00a0\u00a0\u00a0\u00a0\u00a0\u00a0\u00a0 <a href=\"https:\/\/www.freiburg-schwarzwald.de\/blog\/reichenau-gemuese-kultur-velo\/reichenau16inselrundwegl140812\/\" rel=\"attachment wp-att-50065\"><img loading=\"lazy\" decoding=\"async\" class=\"alignnone size-thumbnail wp-image-50065\" src=\"https:\/\/www.freiburg-schwarzwald.de\/blog\/wp-content\/uploads\/2014\/08\/reichenau16inselrundwegl140812-143x180.jpg\" alt=\"reichenau16inselrundwegl140812\" width=\"143\" height=\"180\" srcset=\"https:\/\/www.freiburg-schwarzwald.de\/blog\/wp-content\/uploads\/2014\/08\/reichenau16inselrundwegl140812-143x180.jpg 143w, https:\/\/www.freiburg-schwarzwald.de\/blog\/wp-content\/uploads\/2014\/08\/reichenau16inselrundwegl140812.jpg 509w\" sizes=\"auto, (max-width: 143px) 100vw, 143px\" \/><\/a><br \/>\n(13) Paprika im Freilandanbau\u00a0\u00a0\u00a0\u00a0\u00a0\u00a0\u00a0\u00a0\u00a0\u00a0\u00a0\u00a0\u00a0\u00a0\u00a0\u00a0\u00a0\u00a0 (14) Tomaten unter Glas 12.8.2014\u00a0\u00a0\u00a0\u00a0\u00a0\u00a0\u00a0\u00a0(15) Uferweg Mittelzell<\/p>\n<p><a href=\"https:\/\/www.freiburg-schwarzwald.de\/blog\/reichenau-gemuese-kultur-velo\/reichenau17inselrundwegl140812\/\" rel=\"attachment wp-att-50066\"><img loading=\"lazy\" decoding=\"async\" class=\"alignnone size-thumbnail wp-image-50066\" src=\"https:\/\/www.freiburg-schwarzwald.de\/blog\/wp-content\/uploads\/2014\/08\/reichenau17inselrundwegl140812-180x143.jpg\" alt=\"reichenau17inselrundwegl140812\" width=\"180\" height=\"143\" srcset=\"https:\/\/www.freiburg-schwarzwald.de\/blog\/wp-content\/uploads\/2014\/08\/reichenau17inselrundwegl140812-180x143.jpg 180w, https:\/\/www.freiburg-schwarzwald.de\/blog\/wp-content\/uploads\/2014\/08\/reichenau17inselrundwegl140812.jpg 639w\" sizes=\"auto, (max-width: 180px) 100vw, 180px\" \/><\/a><br \/>\n(16) Uferweg bei Niederzell 12.8.2014<\/p>\n<p>(11) Zwischen der Schiffsl\u00e4nde an der S\u00fcdseite der Reichenau und Mannenbach in der Schweiz verkehrt ein elektro-angetriebenes Schiff, das Fahrr\u00e4der \u00fcber den Untersee bzw. Rhein transportiert.<\/p>\n<p>(15) &#8211; (16) H\u00e4ufig f\u00fchrt der Uferweg &#8211; wie der Name sagt &#8211; direkt am Ufer der Insel, doch l\u00e4ngst nicht \u00fcberall. Teilweise r\u00fccken Schilf bzw. Naturschutz im Uferbereich den Weg etwas zur\u00fcck vom\u00a0Wasser. \u00dcberwiegend jedoch sind es uneinsichtige Grundst\u00fcckseigent\u00fcmer, die den Wanderer zu Fu\u00df oder auf dem <a title=\"Biken\" href=\"https:\/\/www.freiburg-schwarzwald.de\/blog\/sport\/sportlern\/biken\/\">Velo<\/a> zu wiederholtem Zick-Zack &#8222;weg vom Ufer, hin zum Ufer&#8220; zwingen. Im Grund unverst\u00e4ndlich, die Rechtlage den Uferstreifen des Bodensees der \u00d6ffentlichkeit (Mensch, Fauna oder Flora) zuspricht. Denn das Wasser (Grundwasser wie Oberfl\u00e4chenwasser) geh\u00f6rt in auch in Baden-W\u00fcrttemberg nicht dem Grundst\u00fcckseigent\u00fcmer, sondern der Allgemeinheit.<\/p>\n<p>&#8230; <a href=\"https:\/\/www.freiburg-schwarzwald.de\/reichenau.htm \">mehr Infos zur Reichenau<\/a><\/p>\n<p>&nbsp;<\/p>\n","protected":false},"excerpt":{"rendered":"<p>Die Reichenau als gr\u00f6\u00dfte Insel im Bodensee (4,5 km lang und 1,5 km breit) bietet viel: Eine Klosteranlage mit drei Kirchen im romanischen und gotischen Stil, seit 2000 dem Weltkulturerbe zugeh\u00f6rig. Drei Inselfeiertage. Gem\u00fcse\u00a0unter Glas wie im Freilandanbau. Unterk\u00fcnfte und &hellip; <a href=\"https:\/\/www.freiburg-schwarzwald.de\/blog\/reichenau-gemuese-kultur-velo\/\">Weiterlesen <span class=\"meta-nav\">&rarr;<\/span><\/a><\/p>\n","protected":false},"author":2,"featured_media":0,"comment_status":"open","ping_status":"closed","sticky":false,"template":"","format":"standard","meta":{"footnotes":""},"categories":[11,7],"tags":[113,331,380],"class_list":["post-50048","post","type-post","status-publish","format-standard","hentry","category-regio","category-tourismus","tag-fahrrad","tag-tourist","tag-wanderweg"],"_links":{"self":[{"href":"https:\/\/www.freiburg-schwarzwald.de\/blog\/wp-json\/wp\/v2\/posts\/50048","targetHints":{"allow":["GET"]}}],"collection":[{"href":"https:\/\/www.freiburg-schwarzwald.de\/blog\/wp-json\/wp\/v2\/posts"}],"about":[{"href":"https:\/\/www.freiburg-schwarzwald.de\/blog\/wp-json\/wp\/v2\/types\/post"}],"author":[{"embeddable":true,"href":"https:\/\/www.freiburg-schwarzwald.de\/blog\/wp-json\/wp\/v2\/users\/2"}],"replies":[{"embeddable":true,"href":"https:\/\/www.freiburg-schwarzwald.de\/blog\/wp-json\/wp\/v2\/comments?post=50048"}],"version-history":[{"count":0,"href":"https:\/\/www.freiburg-schwarzwald.de\/blog\/wp-json\/wp\/v2\/posts\/50048\/revisions"}],"wp:attachment":[{"href":"https:\/\/www.freiburg-schwarzwald.de\/blog\/wp-json\/wp\/v2\/media?parent=50048"}],"wp:term":[{"taxonomy":"category","embeddable":true,"href":"https:\/\/www.freiburg-schwarzwald.de\/blog\/wp-json\/wp\/v2\/categories?post=50048"},{"taxonomy":"post_tag","embeddable":true,"href":"https:\/\/www.freiburg-schwarzwald.de\/blog\/wp-json\/wp\/v2\/tags?post=50048"}],"curies":[{"name":"wp","href":"https:\/\/api.w.org\/{rel}","templated":true}]}}