{"id":49580,"date":"2014-07-26T17:10:55","date_gmt":"2014-07-26T15:10:55","guid":{"rendered":"https:\/\/www.freiburg-schwarzwald.de\/blog\/?p=49580"},"modified":"2014-07-26T17:15:58","modified_gmt":"2014-07-26T15:15:58","slug":"inklusionspreis-ans-himmelreich","status":"publish","type":"post","link":"https:\/\/www.freiburg-schwarzwald.de\/blog\/inklusionspreis-ans-himmelreich\/","title":{"rendered":"Inklusionspreis ans Himmelreich"},"content":{"rendered":"<p><a title=\"Inklusion\" href=\"https:\/\/www.freiburg-schwarzwald.de\/blog\/bildung\/inklusion\/\">Landesinklusionspreis<\/a> f\u00fcr Integrative Akademie <a title=\"Himmelreich\" href=\"https:\/\/www.freiburg-schwarzwald.de\/blog\/selbsthilfe\/behinderung\/himmelreich\/\">Himmelreich<\/a> \u2013 unter 250 Bewerbern vorne dabei. 1. Preis mit 15.000 Euro in der Kategorie \u201eArbeit\u201c.\u00a0<span style=\"color: #000000;\">Mit dem neu geschaffenen Preis sollen Organisationen, Vereine oder Schulen in Baden-W\u00fcrttemberg ausgezeichnet werden, die sich f\u00fcr die gesellschaftliche Teilhabe von Menschen mit <a title=\"Behinderung\" href=\"https:\/\/www.freiburg-schwarzwald.de\/blog\/selbsthilfe\/behinderung\/\">Behinderungen<\/a> einsetzen.<!--more--><\/span><\/p>\n<p><span style=\"color: #000000;\">Verliehen wurde der Preis in den vier Kategorien \u201eWohnen\u201c, \u201eFreizeit, Kultur und Sport\u201c, \u201eBildung und Erziehung\u201c und \u201eArbeiten\u201c. In jeder Kategorie wurden ein erster Preis (15.000 Euro), ein zweiter Preis (5.000 Euro) und ein dritter Preis (3.000 Euro) vergeben. Ausgew\u00e4hlt wurden die Preistr\u00e4ger von einer Jury, in der zum gr\u00f6\u00dften Teil Menschen mit Behinderungen selbst und deren Angeh\u00f6rige vertreten waren. Insgesamt waren mehr als 250 Bewerbungen eingegangen. Der jeweils erste Preis ging an die<\/span><span style=\"color: #000000;\"> Integrative Akademie Himmelreich aus Kirchzarten<\/span><span style=\"color: #000000;\"> (Arbeiten\u201c), die <\/span><span style=\"color: #000000;\">SKID Sozialkulturellen Integrationsdienste gGmbH aus \u00dcberlingen<\/span><span style=\"color: #000000;\"> (\u201eWohnen\u201c), die <\/span><span style=\"color: #000000;\">Albert Schweizer Schulen II und III aus Freiburg<\/span><span style=\"color: #000000;\"> (\u201eBildung und Erziehung\u201c) sowie die <\/span><span style=\"color: #000000;\">Lebenshilfe Reutlingen <\/span><span style=\"color: #000000;\">(\u201eFreizeit, Kultur und Sport).<\/span><\/p>\n<p><span style=\"color: #000000;\">Die Integrative Akademie Himmelreich erhielt den Landesinklusionspreis in der Kategorie \u201eArbeiten\u201c, weil sie Menschen mit Behinderungen dabei unterst\u00fctze, den gleichen Zugang zu Arbeit zu erhalten wie alle anderen Menschen. Zum Recht auf Arbeit geh\u00f6re die M\u00f6glichkeit, den Lebensunterhalt durch eigene Arbeit zu verdienen. Die Himmelreicher hatten mit ihrer erfolgreichen Arbeit die Jury \u00fcberzeugt. Das Preisgeld in H\u00f6he von 15.000 Euro kann die Integrative Akademie nach Auskunft von Gesch\u00e4ftsf\u00fchrer Jochen Lauber und Bildungsbegleiterin Sophie Altenburger gut f\u00fcr die Einrichtung neuer Schulungsr\u00e4ume und die umfangreiche Fort- und Weiterbildung von Menschen mit Behinderung gebrauchen.<\/span><\/p>\n<p><a href=\"https:\/\/www.freiburg-schwarzwald.de\/blog\/inklusionspreis-ans-himmelreich\/himmelreich-metro140710-2\/\" rel=\"attachment wp-att-49583\"><img loading=\"lazy\" decoding=\"async\" class=\"alignnone size-thumbnail wp-image-49583\" alt=\"himmelreich-metro140710\" src=\"https:\/\/www.freiburg-schwarzwald.de\/blog\/wp-content\/uploads\/2014\/07\/himmelreich-metro1407101-180x124.jpg\" width=\"180\" height=\"124\" srcset=\"https:\/\/www.freiburg-schwarzwald.de\/blog\/wp-content\/uploads\/2014\/07\/himmelreich-metro1407101-180x124.jpg 180w, https:\/\/www.freiburg-schwarzwald.de\/blog\/wp-content\/uploads\/2014\/07\/himmelreich-metro1407101.jpg 640w\" sizes=\"auto, (max-width: 180px) 100vw, 180px\" \/><\/a><\/p>\n<p>Sozialministerin Katrin Altpeter (l.) nach der Verleihung des <span style=\"color: #000000;\">Landesinklusionspreis an die Abordnung der Integrativen Akademie Himmelreich.\u00a0<\/span>Foto: SM<\/p>\n<p>\u201eWir wollen in einer Gesellschaft leben, in der Menschen mit Behinderungen in allen Lebensbereichen willkommen sind und selbstverst\u00e4ndlich gleichberechtigt teilhaben\u201c, erkl\u00e4rten Altpeter, Stoch und Weimer gemeinsam vor 450 G\u00e4sten, darunter die Beauftragte der Bundesregierung f\u00fcr die Belange der Menschen mit Behinderungen, Verena Bentele. Ministerin Altpeter sagte: \u201eDie gro\u00dfe Zahl der eingereichten Bewerbungen zeigt eindrucksvoll, wie viele Menschen in unserem Land sich schon seit langem daf\u00fcr engagieren, Inklusion und Teilhabe zu verwirklichen. Sie alle sind Vorbilder und verdienen Anerkennung.\u201c\u00a0Landes-Behindertenbeauftragter Gerd Weimer wies darauf hin, dass alle Preisgelder wieder zur\u00fcck in die konkrete inklusive Arbeit vor Ort flie\u00dfen: \u201eAlle Gewinnerinnen und Gewinner haben sich bereits bei ihrer Bewerbung damit einverstanden erkl\u00e4rt, m\u00f6gliche Preisgelder f\u00fcr ihre weitere Arbeit f\u00fcr die St\u00e4rkung der Inklusion im Land einzusetzen.\u201c Gleiches gelte f\u00fcr die insgesamt 38 f\u00fcr den Landesinklusionspreis nominierten Projekte in der Endauswahl, die einen Anerkennungspreis in H\u00f6he von jeweils 1.000 Euro erhielten.<br \/>\n26.7.2014, Gerhard L\u00fcck<\/p>\n","protected":false},"excerpt":{"rendered":"<p>Landesinklusionspreis f\u00fcr Integrative Akademie Himmelreich \u2013 unter 250 Bewerbern vorne dabei. 1. Preis mit 15.000 Euro in der Kategorie \u201eArbeit\u201c.\u00a0Mit dem neu geschaffenen Preis sollen Organisationen, Vereine oder Schulen in Baden-W\u00fcrttemberg ausgezeichnet werden, die sich f\u00fcr die gesellschaftliche Teilhabe von &hellip; <a href=\"https:\/\/www.freiburg-schwarzwald.de\/blog\/inklusionspreis-ans-himmelreich\/\">Weiterlesen <span class=\"meta-nav\">&rarr;<\/span><\/a><\/p>\n","protected":false},"author":2,"featured_media":0,"comment_status":"open","ping_status":"closed","sticky":false,"template":"","format":"standard","meta":{"footnotes":""},"categories":[56,36],"tags":[531,359,725,289],"class_list":["post-49580","post","type-post","status-publish","format-standard","hentry","category-behinderung","category-engagement","tag-handicap","tag-inklusion","tag-integration","tag-preis"],"_links":{"self":[{"href":"https:\/\/www.freiburg-schwarzwald.de\/blog\/wp-json\/wp\/v2\/posts\/49580","targetHints":{"allow":["GET"]}}],"collection":[{"href":"https:\/\/www.freiburg-schwarzwald.de\/blog\/wp-json\/wp\/v2\/posts"}],"about":[{"href":"https:\/\/www.freiburg-schwarzwald.de\/blog\/wp-json\/wp\/v2\/types\/post"}],"author":[{"embeddable":true,"href":"https:\/\/www.freiburg-schwarzwald.de\/blog\/wp-json\/wp\/v2\/users\/2"}],"replies":[{"embeddable":true,"href":"https:\/\/www.freiburg-schwarzwald.de\/blog\/wp-json\/wp\/v2\/comments?post=49580"}],"version-history":[{"count":0,"href":"https:\/\/www.freiburg-schwarzwald.de\/blog\/wp-json\/wp\/v2\/posts\/49580\/revisions"}],"wp:attachment":[{"href":"https:\/\/www.freiburg-schwarzwald.de\/blog\/wp-json\/wp\/v2\/media?parent=49580"}],"wp:term":[{"taxonomy":"category","embeddable":true,"href":"https:\/\/www.freiburg-schwarzwald.de\/blog\/wp-json\/wp\/v2\/categories?post=49580"},{"taxonomy":"post_tag","embeddable":true,"href":"https:\/\/www.freiburg-schwarzwald.de\/blog\/wp-json\/wp\/v2\/tags?post=49580"}],"curies":[{"name":"wp","href":"https:\/\/api.w.org\/{rel}","templated":true}]}}