{"id":49369,"date":"2014-07-20T13:23:13","date_gmt":"2014-07-20T11:23:13","guid":{"rendered":"https:\/\/www.freiburg-schwarzwald.de\/blog\/?p=49369"},"modified":"2014-11-03T13:57:45","modified_gmt":"2014-11-03T12:57:45","slug":"krieg-schiiten-gegen-sunniten","status":"publish","type":"post","link":"https:\/\/www.freiburg-schwarzwald.de\/blog\/krieg-schiiten-gegen-sunniten\/","title":{"rendered":"Krieg &#8211; Schiiten gegen Sunniten"},"content":{"rendered":"<p>(1) Ein teuflisches Paradox erkl\u00e4rt den\u00a0neuen<a title=\"Krieg\" href=\"https:\/\/www.freiburg-schwarzwald.de\/blog\/engagement\/zukunft\/krieg\/\"> Krieg <\/a>Israel-<a title=\"Palaestina\" href=\"https:\/\/www.freiburg-schwarzwald.de\/blog\/global\/israel\/palaestina\/\">Gaza<\/a>: Einerseits sind zwei Drittel der<a title=\"Palaestina\" href=\"https:\/\/www.freiburg-schwarzwald.de\/blog\/global\/israel\/palaestina\/\"> Pal\u00e4stinenser<\/a>\u00a0nicht bereit, <a title=\"Israel\" href=\"https:\/\/www.freiburg-schwarzwald.de\/blog\/global\/israel\/\">Israe<\/a>l als Staat anzuerkennnen, weshalb die <a title=\"Islam\" href=\"https:\/\/www.freiburg-schwarzwald.de\/blog\/religion\/islam\/\">Hamas<\/a> nicht einmal die Zweistaatenl\u00f6sung will.\u00a0Andererseits riskiert <a title=\"Israel\" href=\"https:\/\/www.freiburg-schwarzwald.de\/blog\/global\/israel\/\">Netanjahu<\/a> einen B\u00fcrgerkrieg, w\u00fcrde er Jerusalem zweiteilen und die hundertausenden Siedler aus den <a title=\"Bethlehem\" href=\"https:\/\/www.freiburg-schwarzwald.de\/blog\/global\/israel\/israel2013\/bethlehem\/\">Westbank<\/a> vertreiben. Deshalb ziehen\u00a0beide Seiten die H\u00f6lle des nun schon jahrzehntelang <!--more-->bestehenden Status Quo einem Frieden vor, der sie zwingt, ihre Tr\u00e4ume zu opfern. Beide Seiten sind nicht reif f\u00fcr einen Frieden, der nur gemeinsam zu erreichen ist.<\/p>\n<p>(2) &#8222;Knack den &#8218;Kern&#8216; des Nahostkonflikts &#8211; und alle anderen l\u00f6sen sich im Gefolge ebenfalls auf. Diese Erwartung ist heute falscher denn je. Die \u00fcbelste Feindschaft, &#8230; verl\u00e4uft nicht zwischen dem Westen und dem Islam, sondern <em>innerhalb<\/em> der muslimischen Welt&#8220;, so Josef Joffe zum neuen Krieg zwischen der Hamas im Gaza und Israel (DIE ZEIT Nr\u00a030 vom 17.7.2014, S. 1). Nicht der &#8222;clash of civilisation&#8220; mit den reichen Industrienationen z\u00e4hlt, vielmehr ist die islamische Welt ihr eigener schlimmster Feind:<br \/>\n&#8211; Irak-Iran war mit 1 Mio Toten der blutigste Nahostkrieg, nicht der Krieg zwischen Israel und\u00a0den Arabern.<br \/>\n&#8211; Arabische Potentaten haben im Namen Allahs Hundertausende eigener B\u00fcrger massakriert (vorneweg Algerien).<br \/>\n&#8211; In Syrien und im Irak herrschen Binnenkriege.<br \/>\n&#8211; Saddam und Assad haben Giftgas eingesetzt &#8211; nicht gegen die verhassten Juden, sondern gegen das eigene Volk<br \/>\nbzw. gegen die <a title=\"Kurdistan\" href=\"https:\/\/www.freiburg-schwarzwald.de\/blog\/global\/kurdistan\/\">Kurden<\/a>.<br \/>\n&#8211; Jordaniens K\u00f6nig Hussein hat mehr Pal\u00e4stinenser umgebracht als Israel in zwei Intifadas.<br \/>\n&#8211; Im Jemen und in Lybien w\u00fcten offene B\u00fcrgerkriege, latente fast \u00fcberall in der arabischen Welt.<\/p>\n<p>(3) Die vielen Auseinandersetzungen (Regime gegen V\u00f6lker, Sekten, Ethnien, St\u00e4mme, Clans, innerstaatlich, &#8230;) im nahen und mittleren Osten haben sich zu einem beherrschenden Konflikt\u00a0verdichtet: <em>Schia gegen Sunna<\/em> bzw. <em>Schiiten gegen Sunniten<\/em>. Die beiden gro\u00dfen Bewegungen des Islams f\u00fchren Krieg gegeneinander, jeweils im Namen Allahs. Diese Kriege um den einen und einzigen Gott sind die grausamsten \u00fcberhaupt &#8211; wie schon der Drei\u00dfigj\u00e4hrige Krieg\u00a0gezeigt hat (ein Drittel der Bev\u00f6lkerung Mitteleuropas ging zugrunde, Deutschland wurde um ein Jahrhundert zur\u00fcckgeworfen). Bei diesem seit Fr\u00fchjahr 2014 eskalierenden &#8218;Konflikt aller Konflikte&#8216; ergeben sich wechselnde und oft bizarre Fronten: So wird die sunnitische Terrortruppe Isis (Islamischer Staat in Irak und Syrien)\u00a0von den klassischen USA-Freunden\u00a0Saudi Arabien und Doha unterst\u00fctzt bei ihrem blutigen Marsch auf Bagdad, wo Iran und die USA\u00a0das schiitische\u00a0Maliki-Regime st\u00fctzen. Die Wahrscheinlichkeit, dass sich Schiiten und Sunniten gegenseitig\u00a0mit Waffen gleicher Bauart und Provenienz umbringen, geht gegen 100 Prozent.<\/p>\n<p>(4) Die Hamas wird irgendwann einer Waffenruhe zustimmen und danach wieder aufr\u00fcsten. In Irak und Syrien wird man bis zu Teilungen von Staatsgebieten\u00a0weiterk\u00e4mpfen. In diese lokalen Ordnungskriege d\u00fcrfen sich USA wie Europa nicht einmischen. Die USA haben in drei Mittelost-Kriegen au\u00dfer 5000 eigenen Toten und 4 Billionen Dollar Kosten nichts erreicht. Und Europa hat aus der Julikrise 1914 vor erst 100 Jahren gelernt, wie leicht lokale Einmischung einen gro\u00dfen Krieg ausl\u00f6sen kann.<\/p>\n<p>(5) Die Welt warten geradezu sehns\u00fcchtig auf einem Erneuerer des Islam, auf einen aufgekl\u00e4rten Islam, der die Menschen- und Frauenrechte anerkennt, f\u00fcr alle: Auch f\u00fcr die Muslime, die irgendwann einmal den Koran bzw. die Nachfolge Mohammeds anders ausgelegt haben (Schiiten, Sunniten, Aleviten, &#8230;). Auch f\u00fcr die Andersgl\u00e4ubigen wie z.B. die Christen. Die Welt wartet auf einen &#8222;modernen&#8220; Islam, der einen g\u00fctigen und liebenden Gott anerkennt, wobei der derzeit noch grausam herrschende Begriff der &#8222;Ehre&#8220;\u00a0dann endlich dem der &#8222;Liebe&#8220; geopfert wird.<br \/>\nAber noch bedeutet\u00a0&#8222;llahu Akbar&#8220; nicht &#8222;Allah ist gro\u00df&#8220;, sondern &#8222;Allah ist groesser&#8220;. Ein durchaus bedeutender Unterschied &#8211;\u00a0 weil sich der Islam damit noch ueber alle anderen Religionen stellt? Und weil damit die Todesstrafe gerechtfertigt wird, mit der immer noch jeder rechnen mu\u00df, der sich vom Islam abwendet.<br \/>\nWenn es denn einen Gott gibt, dann kann es nur ein liebender Gott sein. dessen Liebe allen Menschen gleicherma\u00dfen gilt..<br \/>\n19.7.2014<\/p>\n<p>&nbsp;<\/p>\n<p><strong>Stellvertreterkriege<\/strong><br \/>\nSolche von religi\u00f6sen und ethnischen \u00c4ngsten gesch\u00fcrten Feindschaften sind es, die jeden Konflikt in der Region sofort gef\u00e4hrlich aufladen, ihn zum Stellvertreterkrieg einer \u00fcbergeordneten Auseinandersetzung zwischen Schiiten und Sunniten machen, jede L\u00f6sung erschweren. Das gilt lange schon auch f\u00fcr die Schlachtfelder in Syrien und im Irak. &#8230;.<br \/>\nAlles vom 27.8.2014 bitte lesen auf<br \/>\n<a href=\"https:\/\/www.badische-zeitung.de\/meinung\/kommentare\/leitartikel-was-nach-der-nothilfe-kommt\">https:\/\/www.badische-zeitung.de\/meinung\/kommentare\/leitartikel-was-nach-der-nothilfe-kommt<\/a><\/p>\n","protected":false},"excerpt":{"rendered":"<p>(1) Ein teuflisches Paradox erkl\u00e4rt den\u00a0neuen Krieg Israel-Gaza: Einerseits sind zwei Drittel der Pal\u00e4stinenser\u00a0nicht bereit, Israel als Staat anzuerkennnen, weshalb die Hamas nicht einmal die Zweistaatenl\u00f6sung will.\u00a0Andererseits riskiert Netanjahu einen B\u00fcrgerkrieg, w\u00fcrde er Jerusalem zweiteilen und die hundertausenden Siedler aus &hellip; <a href=\"https:\/\/www.freiburg-schwarzwald.de\/blog\/krieg-schiiten-gegen-sunniten\/\">Weiterlesen <span class=\"meta-nav\">&rarr;<\/span><\/a><\/p>\n","protected":false},"author":2,"featured_media":0,"comment_status":"open","ping_status":"closed","sticky":false,"template":"","format":"standard","meta":{"footnotes":""},"categories":[14,19],"tags":[520,421,84],"class_list":["post-49369","post","type-post","status-publish","format-standard","hentry","category-global","category-religion","tag-frieden","tag-islam","tag-israel"],"_links":{"self":[{"href":"https:\/\/www.freiburg-schwarzwald.de\/blog\/wp-json\/wp\/v2\/posts\/49369","targetHints":{"allow":["GET"]}}],"collection":[{"href":"https:\/\/www.freiburg-schwarzwald.de\/blog\/wp-json\/wp\/v2\/posts"}],"about":[{"href":"https:\/\/www.freiburg-schwarzwald.de\/blog\/wp-json\/wp\/v2\/types\/post"}],"author":[{"embeddable":true,"href":"https:\/\/www.freiburg-schwarzwald.de\/blog\/wp-json\/wp\/v2\/users\/2"}],"replies":[{"embeddable":true,"href":"https:\/\/www.freiburg-schwarzwald.de\/blog\/wp-json\/wp\/v2\/comments?post=49369"}],"version-history":[{"count":0,"href":"https:\/\/www.freiburg-schwarzwald.de\/blog\/wp-json\/wp\/v2\/posts\/49369\/revisions"}],"wp:attachment":[{"href":"https:\/\/www.freiburg-schwarzwald.de\/blog\/wp-json\/wp\/v2\/media?parent=49369"}],"wp:term":[{"taxonomy":"category","embeddable":true,"href":"https:\/\/www.freiburg-schwarzwald.de\/blog\/wp-json\/wp\/v2\/categories?post=49369"},{"taxonomy":"post_tag","embeddable":true,"href":"https:\/\/www.freiburg-schwarzwald.de\/blog\/wp-json\/wp\/v2\/tags?post=49369"}],"curies":[{"name":"wp","href":"https:\/\/api.w.org\/{rel}","templated":true}]}}