{"id":49365,"date":"2014-07-20T11:58:57","date_gmt":"2014-07-20T09:58:57","guid":{"rendered":"https:\/\/www.freiburg-schwarzwald.de\/blog\/?p=49365"},"modified":"2014-07-20T12:04:21","modified_gmt":"2014-07-20T10:04:21","slug":"akw-fessenheim-co2-kriminell","status":"publish","type":"post","link":"https:\/\/www.freiburg-schwarzwald.de\/blog\/akw-fessenheim-co2-kriminell\/","title":{"rendered":"AKW Fessenheim CO2 kriminell"},"content":{"rendered":"<p>Es grenzt schon\u00a0fast an kriminelle Energie, wenn vom B\u00fcrgermeister der Gemeinde <a title=\"Elsass\" href=\"https:\/\/www.freiburg-schwarzwald.de\/blog\/regio\/elsass\/\">Fessenheim<\/a> Claude Brender allen Ernstes \u00f6ffentlich behauptet wird: &#8222;Etwa beim Gas sind die Konsequenzen der klimatischen Ver\u00e4nderungen aufgrund des <a title=\"CO2\" href=\"https:\/\/www.freiburg-schwarzwald.de\/blog\/natur\/klima\/co2\/\">CO2-Aussto\u00dfes<\/a>\u00a0schlie\u00dflich schlimmer als die einer <a title=\"AKW\" href=\"https:\/\/www.freiburg-schwarzwald.de\/blog\/energie\/akw\/\">atomaren Katastrophe<\/a> wie in Tschernobyl oder Fukushima\u201c. Das widerspricht jeglichem gesunden Menschenverstand; Verantwortungsbewusstsein im Sinne eines Amtseides <!--more-->sieht anders aus. Die zuk\u00fcnftige wirtschaftliche Entwicklung in der Region h\u00e4ngt wesentlich von dem Ausstieg aus dem Atomzeitalter ab. Je\u00a0 fr\u00fcher damit begonnen und je \u00f6fter dar\u00fcber berichtet wird, desto schneller kann das umgesetzt werden.<br \/>\nSeit mehr als drei Jahren finden in Breisach und\u00a0 in M\u00fcllheim ununterbrochen Mahnwachen gegen<a title=\"AKW\" href=\"https:\/\/www.freiburg-schwarzwald.de\/blog\/energie\/akw\/\"> Atomkraft <\/a>statt. Daran\u00a0nehmen regelm\u00e4\u00dfig B\u00fcrger aus S\u00fcdbaden, dem Elsass und aus anderen Regionen Teil. Wir fordern die Abkehr von der Atomenergie und die Stilllegung des \u00e4ltesten und pannenanf\u00e4lligsten Atomkraftwerks Frankreichs, Fessenheim. Die\u00a0 j\u00fcngsten Berichte der Badischen Zeitung und von Der Sonntag Endg\u00fcltige \u201c haben nicht nur auf unseren Montagsmahnwachen f\u00fcr Irritationen und sogar f\u00fcr Emp\u00f6rung gesorgt. Besonders unsere Freunde aus dem Elsass k\u00f6nnen es nicht verstehen, dass relativ unseri\u00f6s und von INSEE v\u00f6llig einseitig recherchierte Zahlen von der deutschen Pressewillk\u00fcrlich aufgerundet als Schlagzeile ver\u00f6ffentlicht werden. Es gibt Beispiele, an denen man nachrechnen kann, dass der R\u00fcckbau eines AKWs \u00fcber Jahrzehnte hinweg viele Arbeitskr\u00e4fte ben\u00f6tigt, und dass der Ausbau der erneuerbaren Energien die wirtschaftliche Entwicklung langfristig und zukunftssicher f\u00f6rdert.<br \/>\n19.7.2014<br \/>\nF\u00dcR DIE MAHNWACHE BREISACH: SUZANNE ROUSSELOT UND GUSTAV ROSA,<br \/>\nF\u00dcR DIE MAHNWACHE M\u00dcLLHEIM: DIDIER NOCUS UND ANNE-KATHRIN VETTER<\/p>\n","protected":false},"excerpt":{"rendered":"<p>Es grenzt schon\u00a0fast an kriminelle Energie, wenn vom B\u00fcrgermeister der Gemeinde Fessenheim Claude Brender allen Ernstes \u00f6ffentlich behauptet wird: &#8222;Etwa beim Gas sind die Konsequenzen der klimatischen Ver\u00e4nderungen aufgrund des CO2-Aussto\u00dfes\u00a0schlie\u00dflich schlimmer als die einer atomaren Katastrophe wie in Tschernobyl &hellip; <a href=\"https:\/\/www.freiburg-schwarzwald.de\/blog\/akw-fessenheim-co2-kriminell\/\">Weiterlesen <span class=\"meta-nav\">&rarr;<\/span><\/a><\/p>\n","protected":false},"author":2,"featured_media":0,"comment_status":"open","ping_status":"closed","sticky":false,"template":"","format":"standard","meta":{"footnotes":""},"categories":[164,171],"tags":[163,729,151],"class_list":["post-49365","post","type-post","status-publish","format-standard","hentry","category-akw","category-verbraucher","tag-atomkraft","tag-elsass","tag-erneuerbare-energien"],"_links":{"self":[{"href":"https:\/\/www.freiburg-schwarzwald.de\/blog\/wp-json\/wp\/v2\/posts\/49365","targetHints":{"allow":["GET"]}}],"collection":[{"href":"https:\/\/www.freiburg-schwarzwald.de\/blog\/wp-json\/wp\/v2\/posts"}],"about":[{"href":"https:\/\/www.freiburg-schwarzwald.de\/blog\/wp-json\/wp\/v2\/types\/post"}],"author":[{"embeddable":true,"href":"https:\/\/www.freiburg-schwarzwald.de\/blog\/wp-json\/wp\/v2\/users\/2"}],"replies":[{"embeddable":true,"href":"https:\/\/www.freiburg-schwarzwald.de\/blog\/wp-json\/wp\/v2\/comments?post=49365"}],"version-history":[{"count":0,"href":"https:\/\/www.freiburg-schwarzwald.de\/blog\/wp-json\/wp\/v2\/posts\/49365\/revisions"}],"wp:attachment":[{"href":"https:\/\/www.freiburg-schwarzwald.de\/blog\/wp-json\/wp\/v2\/media?parent=49365"}],"wp:term":[{"taxonomy":"category","embeddable":true,"href":"https:\/\/www.freiburg-schwarzwald.de\/blog\/wp-json\/wp\/v2\/categories?post=49365"},{"taxonomy":"post_tag","embeddable":true,"href":"https:\/\/www.freiburg-schwarzwald.de\/blog\/wp-json\/wp\/v2\/tags?post=49365"}],"curies":[{"name":"wp","href":"https:\/\/api.w.org\/{rel}","templated":true}]}}