{"id":49278,"date":"2014-07-14T20:52:13","date_gmt":"2014-07-14T18:52:13","guid":{"rendered":"https:\/\/www.freiburg-schwarzwald.de\/blog\/?p=49278"},"modified":"2014-07-28T17:43:14","modified_gmt":"2014-07-28T15:43:14","slug":"waldsee-75-jahre-stadtteil-fest","status":"publish","type":"post","link":"https:\/\/www.freiburg-schwarzwald.de\/blog\/waldsee-75-jahre-stadtteil-fest\/","title":{"rendered":"Waldsee 75 Jahre Stadtteil &#8211; Fest"},"content":{"rendered":"<p><a title=\"Kroeten wandern am Waldsee\" href=\"https:\/\/www.freiburg-schwarzwald.de\/blog\/kroeten-wandern-am-waldsee\/\">Waldsee<\/a>\u00a0seit 75 Jahren (1939-2014) Stadtteil von Freiburg. Der B\u00fcrgerverein <a title=\"Oberwiehre\" href=\"https:\/\/www.freiburg-schwarzwald.de\/blog\/regio\/freiburg\/oberwiehre\/\">Oberwiehre-Waldsee<\/a> feiert am Sonntag, den 27. Juli 2014, mit der Bev\u00f6lkerung ein gro\u00dfes B\u00fcrgerfest. Von 11.00 \u2013 18 Uhr wird am Waldsee ein buntes Musikprogramm mit Big-Band-Sound vom <a title=\"Musikverein-Littenweiler\" href=\"https:\/\/www.freiburg-schwarzwald.de\/blog\/vereine\/musikvereine\/musikverein-littenweiler\/\">Musikverein Littenweiler<\/a>, Musicalsongs vom Freiburger M\u00e4nnerchor, Roma-Balladen und mit der Band\u00a0 \u201eUnit5\u201c die besten Hits der 60\/70er Jahre angeboten. <!--more--><\/p>\n<p>Die Veranstaltung wird durch Baub\u00fcrgermeister Prof. Dr. Martin Haag und dem Vorsitzenden Dr. Karl-Ernst Friederich vom B\u00fcrgerverein Oberwiehre-Waldsee er\u00f6ffnet und begleitet von Auff\u00fchrungen der Zumba-Gruppe der Freiburger Turnerschaft (FT) sowie Informationsst\u00e4nden der \u00f6rtlichen Vereine.<br \/>\nAuf der gesperrten Waldseestra\u00dfe wird das BSB-Spielmobil f\u00fcr Kinder von der FT, eine Torschussmessanlage vom Jugendclub des SC und das Torwandschie\u00dfen von Post Jahn betreut.<br \/>\nEselreiten f\u00fcr Kinder ist m\u00f6glich, zus\u00e4tzlich bieten die Waldseematrosen und der Frauenstammtisch des B\u00fcrgervereins Kinderspiele an, das SC \u2013 \u201eF\u00fcchsle\u201c wird dabei sein und der NABU bietet F\u00fchrungen durch den M\u00f6sle-Park an.<br \/>\nF\u00fcr das leibliche Wohl sorgt das Waldsee-Restaurant. Bei schlechtem Wetter wird im Saal des Waldsee-Restaurants gefeiert.\u00a0Zwischen dem Waldsee- und dem gleichzeitig stattfindenden Laubenhoffest verkehrt ein Fahrradtaxi-Shuttle.<\/p>\n<p>Umrahmt wird das Stadtteil-Jubil\u00e4um mit einer eine Foto-Ausstellung vom 21.7. \u2013 5.8. im Foyer des ZO und am Donnerstag, 24. Juli, findet ein gef\u00fchrter Stadtteilspaziergang vom Waldsee zum Sandfang (Vistatour) statt; Treffpunkt 18 Uhr beim Bootshaus.<\/p>\n<p>Der Stadtteil Waldsee, benannt nach dem 1878 gleichnamigen, k\u00fcnstlich angelegten See, entstand zu gro\u00dfen Teilen nach dem ersten Weltkrieg. Die Bebauung folgte damals dem Gartenstadtideal und ist auch heute noch ein fast reiner Wohnstadtteil f\u00fcr nahezu 6.000 Einwohner, insbesondere Familien. Seit 1939 ist er ein eigener Stadtteil mit\u00a0 gro\u00dfen Naherholungsm\u00f6glichkeiten, vielen Sportangeboten und bedeutenden Vereinen.<br \/>\n14.7.2014, Hans Homlicher<\/p>\n<p><a href=\"https:\/\/www.freiburg-schwarzwald.de\/blog\/waldsee-75-jahre-stadtteil-fest\/freiburg-littenweiler1930-2\/\" rel=\"attachment wp-att-49280\"><img loading=\"lazy\" decoding=\"async\" class=\"alignnone size-thumbnail wp-image-49280\" alt=\"freiburg-littenweiler1930\" src=\"https:\/\/www.freiburg-schwarzwald.de\/blog\/wp-content\/uploads\/2014\/07\/freiburg-littenweiler1930-180x114.jpg\" width=\"180\" height=\"114\" srcset=\"https:\/\/www.freiburg-schwarzwald.de\/blog\/wp-content\/uploads\/2014\/07\/freiburg-littenweiler1930-180x114.jpg 180w, https:\/\/www.freiburg-schwarzwald.de\/blog\/wp-content\/uploads\/2014\/07\/freiburg-littenweiler1930-640x408.jpg 640w, https:\/\/www.freiburg-schwarzwald.de\/blog\/wp-content\/uploads\/2014\/07\/freiburg-littenweiler1930.jpg 999w\" sizes=\"auto, (max-width: 180px) 100vw, 180px\" \/><\/a>\u00a0\u00a0\u00a0\u00a0\u00a0\u00a0\u00a0\u00a0\u00a0 <a href=\"https:\/\/www.freiburg-schwarzwald.de\/blog\/waldsee-75-jahre-stadtteil-fest\/freiburg-littenweiler-eichberg1935\/\" rel=\"attachment wp-att-49282\"><img loading=\"lazy\" decoding=\"async\" class=\"alignnone size-thumbnail wp-image-49282\" alt=\"freiburg-littenweiler-eichberg1935\" src=\"https:\/\/www.freiburg-schwarzwald.de\/blog\/wp-content\/uploads\/2014\/07\/freiburg-littenweiler-eichberg1935-180x132.jpg\" width=\"180\" height=\"132\" srcset=\"https:\/\/www.freiburg-schwarzwald.de\/blog\/wp-content\/uploads\/2014\/07\/freiburg-littenweiler-eichberg1935-180x132.jpg 180w, https:\/\/www.freiburg-schwarzwald.de\/blog\/wp-content\/uploads\/2014\/07\/freiburg-littenweiler-eichberg1935-640x469.jpg 640w, https:\/\/www.freiburg-schwarzwald.de\/blog\/wp-content\/uploads\/2014\/07\/freiburg-littenweiler-eichberg1935.jpg 933w\" sizes=\"auto, (max-width: 180px) 100vw, 180px\" \/><\/a>\u00a0\u00a0\u00a0\u00a0\u00a0\u00a0\u00a0\u00a0\u00a0 <a href=\"https:\/\/www.freiburg-schwarzwald.de\/blog\/waldsee-75-jahre-stadtteil-fest\/freiburg-roemerhof1935\/\" rel=\"attachment wp-att-49283\"><img loading=\"lazy\" decoding=\"async\" class=\"alignnone size-thumbnail wp-image-49283\" alt=\"freiburg-roemerhof1935\" src=\"https:\/\/www.freiburg-schwarzwald.de\/blog\/wp-content\/uploads\/2014\/07\/freiburg-roemerhof1935-180x127.jpg\" width=\"180\" height=\"127\" srcset=\"https:\/\/www.freiburg-schwarzwald.de\/blog\/wp-content\/uploads\/2014\/07\/freiburg-roemerhof1935-180x127.jpg 180w, https:\/\/www.freiburg-schwarzwald.de\/blog\/wp-content\/uploads\/2014\/07\/freiburg-roemerhof1935-640x453.jpg 640w, https:\/\/www.freiburg-schwarzwald.de\/blog\/wp-content\/uploads\/2014\/07\/freiburg-roemerhof1935.jpg 838w\" sizes=\"auto, (max-width: 180px) 100vw, 180px\" \/><\/a><br \/>\n(1) Freiburg &#8211; Oberwiehre-Waldsee\u00a0\u00a0\u00a0\u00a0\u00a0\u00a0\u00a0 (2) Eichberg &#8211; Littenweiler\u00a0um 1935\u00a0\u00a0\u00a0\u00a0\u00a0\u00a0\u00a0\u00a0 (3) R\u00f6merhof &#8211; Littenweiler<\/p>\n<p>&nbsp;<\/p>\n<p><span style=\"font-family: Arial, sans-serif;\"><b>Stadtteiljubil\u00e4umsfest am Waldsee mit Riesenprogramm<br \/>\n<\/b><\/span><span style=\"font-family: Arial, sans-serif;\">Waldsee. Die Zumba-Gruppe der Freiburger Turnerschaft (FT) und die RomaB\u00fcroBand waren die gro\u00dfen Abr\u00e4umer bei Waldseefest zum 75-j\u00e4hrigen Jubil\u00e4um des Stadtteils. <\/span><span style=\"font-family: Arial, sans-serif;\">Ein Riesenkinderprogramm, betreut von den gro\u00dfen Vereinen im Stadtteil wie SC, FT und Post Jahn, mit Spielmobil, Torwandschiessen, Torschussmesssen, Eselreiten, Kinderschminken und vielen Kinderspielen an den St\u00e4nden z.B. des ausrichtenden B\u00fcrgervereins Oberwiehre-Waldsee, der Waldseematrosen und der Stiftungsverwaltung lockten bei bestem Ausflugswetter zahlreiche Familien an den idyllischen Waldsee.<br \/>\n<\/span><span style=\"font-family: Arial, sans-serif;\">Musikgruppen und Bands wie der Musikverein Littenweiler, der Freiburger M\u00e4nnerchor, die RomaB\u00fcroBand und Unit5 mit rockigen Hits der 60- und 70-er Jahre sorgten auf drei B\u00fchnen f\u00fcr beste Stimmung, die kulinarische Versorgung durch das Waldsee-Restaurant komplettierte dieses Jubil\u00e4umsfest.<br \/>\n<\/span><span style=\"font-family: Arial, sans-serif;\">Der Auftritt der \u201aZumba-M\u00e4dels\u2019 der FT riss die G\u00e4ste wahrlich von den Sitzen, spontan entwickelte sich eine vor der B\u00fchne mittanzende Tanzgruppe. <\/span><span style=\"font-family: Arial, sans-serif;\">Und die RomaB\u00fcroBand mit ihrem traditionellem Roma-Balkan-Sound, angereichert mit Jazz und HipHop, faszinierte die Zuschauer und erntete immer wieder einen Sonderapplaus.\u00a0<\/span><span style=\"font-family: Arial, sans-serif;\">Ein rundum gelungenes Fest, das viele an die fr\u00fcheren legend\u00e4ren Sommerfeste der Waldseematrosen erinnerte und das bei vielen G\u00e4sten die Lust auf \u201a\u00f6fters\u2019 goutierte.<br \/>\n<\/span><span style=\"font-family: Arial, sans-serif;\">28.7.2014, Hans Homlicher<\/span><\/p>\n","protected":false},"excerpt":{"rendered":"<p>Waldsee\u00a0seit 75 Jahren (1939-2014) Stadtteil von Freiburg. Der B\u00fcrgerverein Oberwiehre-Waldsee feiert am Sonntag, den 27. Juli 2014, mit der Bev\u00f6lkerung ein gro\u00dfes B\u00fcrgerfest. Von 11.00 \u2013 18 Uhr wird am Waldsee ein buntes Musikprogramm mit Big-Band-Sound vom Musikverein Littenweiler, Musicalsongs &hellip; <a href=\"https:\/\/www.freiburg-schwarzwald.de\/blog\/waldsee-75-jahre-stadtteil-fest\/\">Weiterlesen <span class=\"meta-nav\">&rarr;<\/span><\/a><\/p>\n","protected":false},"author":2,"featured_media":0,"comment_status":"open","ping_status":"closed","sticky":false,"template":"","format":"standard","meta":{"footnotes":""},"categories":[181,49,11,6],"tags":[736,329,484,532,443],"class_list":["post-49278","post","type-post","status-publish","format-standard","hentry","category-buergerbeteiligung","category-freiburg","category-regio","category-vereine","tag-hock","tag-jubilaeum","tag-kommune","tag-city","tag-termin"],"_links":{"self":[{"href":"https:\/\/www.freiburg-schwarzwald.de\/blog\/wp-json\/wp\/v2\/posts\/49278","targetHints":{"allow":["GET"]}}],"collection":[{"href":"https:\/\/www.freiburg-schwarzwald.de\/blog\/wp-json\/wp\/v2\/posts"}],"about":[{"href":"https:\/\/www.freiburg-schwarzwald.de\/blog\/wp-json\/wp\/v2\/types\/post"}],"author":[{"embeddable":true,"href":"https:\/\/www.freiburg-schwarzwald.de\/blog\/wp-json\/wp\/v2\/users\/2"}],"replies":[{"embeddable":true,"href":"https:\/\/www.freiburg-schwarzwald.de\/blog\/wp-json\/wp\/v2\/comments?post=49278"}],"version-history":[{"count":0,"href":"https:\/\/www.freiburg-schwarzwald.de\/blog\/wp-json\/wp\/v2\/posts\/49278\/revisions"}],"wp:attachment":[{"href":"https:\/\/www.freiburg-schwarzwald.de\/blog\/wp-json\/wp\/v2\/media?parent=49278"}],"wp:term":[{"taxonomy":"category","embeddable":true,"href":"https:\/\/www.freiburg-schwarzwald.de\/blog\/wp-json\/wp\/v2\/categories?post=49278"},{"taxonomy":"post_tag","embeddable":true,"href":"https:\/\/www.freiburg-schwarzwald.de\/blog\/wp-json\/wp\/v2\/tags?post=49278"}],"curies":[{"name":"wp","href":"https:\/\/api.w.org\/{rel}","templated":true}]}}